{"id":180386,"date":"2025-12-08T18:44:10","date_gmt":"2025-12-08T18:44:10","guid":{"rendered":"https:\/\/www.europesays.com\/pt\/180386\/"},"modified":"2025-12-08T18:44:10","modified_gmt":"2025-12-08T18:44:10","slug":"gouveia-e-melo-pede-cautela-a-governo-a-analisar-distincao-internacional-da-economia-portuguesa","status":"publish","type":"post","link":"https:\/\/www.europesays.com\/pt\/180386\/","title":{"rendered":"Gouveia e Melo pede cautela a Governo a analisar distin\u00e7\u00e3o internacional da economia portuguesa"},"content":{"rendered":"<p>&#13;<br \/>\nNo dia em que \u00e9 divulgada a distin\u00e7\u00e3o da revista &#8220;The Economist&#8221; sobre a economia de Portugal,\u00a0o candidato \u00e0 Presid\u00eancia da Rep\u00fablica considera que, apesar do pr\u00e9mio, deve haver um afastamento do que considera ser a &#8220;monocultura&#8221; do turismo no pa\u00eds.&#13;\n<\/p>\n<p>&#13;<br \/>\nGouveia e Melo acredita que n\u00e3o se deve tomar &#8220;o todo pela parte&#8221; porque \u00e9 &#8220;enganar-nos a n\u00f3s pr\u00f3prios&#8221;.<br \/>&#13;<br \/>\n<b><br \/>&#13;<br \/>\n&#8220;Temos de ter vis\u00e3o estrat\u00e9gica de uma vez por todas para este pa\u00eds&#8221;, incluindo &#8220;vis\u00e3o de m\u00e9dio e longo prazo<\/b>&#8220;. S\u00f3 assim, considerou ainda o candidato, \u00e9 que &#8220;vamos ter uma economia verdadeiramente mais produtiva&#8221;.<br \/>&#13;\n<\/p>\n<p>          <img decoding=\"async\" itemprop=\"image\" class=\"img-fluid\"   src=\"https:\/\/www.europesays.com\/pt\/wp-content\/uploads\/2025\/12\/371398d864d77010489e4ea3b7d86cc3_N.jpg\"\/><\/p>\n<p>\nDe visita a uma empresa de constru\u00e7\u00e3o modelar, Gouveia e Melo falou tamb\u00e9m da import\u00e2ncia de haver leis e regulamenta\u00e7\u00e3o adaptadas a este setor.<\/p>\n<p><b>O candidato a Bel\u00e9m criticou a descida do IVA para 6 por cento no setor da constru\u00e7\u00e3o, uma vez que considera que a medida foi tomada &#8220;de forma cega&#8221;.<\/b><\/p>\n<p>E apela que as reformas estruturais na habita\u00e7\u00e3o e na economia n\u00e3o sejam travadas perante os sinais externos de sucesso. &#13;\n            <\/p>\n","protected":false},"excerpt":{"rendered":"&#13; No dia em que \u00e9 divulgada a distin\u00e7\u00e3o da revista &#8220;The Economist&#8221; sobre a economia de Portugal,\u00a0o&hellip;\n","protected":false},"author":2,"featured_media":180387,"comment_status":"","ping_status":"","sticky":false,"template":"","format":"standard","meta":{"footnotes":""},"categories":[10],"tags":[27,28,15,16,14,25,26,21,22,12,13,19,20,32,23,24,33,420,421,17,18,29,30,31],"class_list":{"0":"post-180386","1":"post","2":"type-post","3":"status-publish","4":"format-standard","5":"has-post-thumbnail","7":"category-portugal","8":"tag-breaking-news","9":"tag-breakingnews","10":"tag-featured-news","11":"tag-featurednews","12":"tag-headlines","13":"tag-latest-news","14":"tag-latestnews","15":"tag-main-news","16":"tag-mainnews","17":"tag-news","18":"tag-noticias","19":"tag-noticias-principais","20":"tag-noticiasprincipais","21":"tag-portugal","22":"tag-principais-noticias","23":"tag-principaisnoticias","24":"tag-pt","25":"tag-rtp","26":"tag-rtp-noticias","27":"tag-top-stories","28":"tag-topstories","29":"tag-ultimas","30":"tag-ultimas-noticias","31":"tag-ultimasnoticias"},"share_on_mastodon":{"url":"https:\/\/pubeurope.com\/@pt\/115685430363323851","error":""},"_links":{"self":[{"href":"https:\/\/www.europesays.com\/pt\/wp-json\/wp\/v2\/posts\/180386","targetHints":{"allow":["GET"]}}],"collection":[{"href":"https:\/\/www.europesays.com\/pt\/wp-json\/wp\/v2\/posts"}],"about":[{"href":"https:\/\/www.europesays.com\/pt\/wp-json\/wp\/v2\/types\/post"}],"author":[{"embeddable":true,"href":"https:\/\/www.europesays.com\/pt\/wp-json\/wp\/v2\/users\/2"}],"replies":[{"embeddable":true,"href":"https:\/\/www.europesays.com\/pt\/wp-json\/wp\/v2\/comments?post=180386"}],"version-history":[{"count":0,"href":"https:\/\/www.europesays.com\/pt\/wp-json\/wp\/v2\/posts\/180386\/revisions"}],"wp:featuredmedia":[{"embeddable":true,"href":"https:\/\/www.europesays.com\/pt\/wp-json\/wp\/v2\/media\/180387"}],"wp:attachment":[{"href":"https:\/\/www.europesays.com\/pt\/wp-json\/wp\/v2\/media?parent=180386"}],"wp:term":[{"taxonomy":"category","embeddable":true,"href":"https:\/\/www.europesays.com\/pt\/wp-json\/wp\/v2\/categories?post=180386"},{"taxonomy":"post_tag","embeddable":true,"href":"https:\/\/www.europesays.com\/pt\/wp-json\/wp\/v2\/tags?post=180386"}],"curies":[{"name":"wp","href":"https:\/\/api.w.org\/{rel}","templated":true}]}}