{"id":180388,"date":"2025-12-08T18:45:26","date_gmt":"2025-12-08T18:45:26","guid":{"rendered":"https:\/\/www.europesays.com\/pt\/180388\/"},"modified":"2025-12-08T18:45:26","modified_gmt":"2025-12-08T18:45:26","slug":"x-bloqueia-conta-publicitaria-da-comissao-europeia-comissao-europeia","status":"publish","type":"post","link":"https:\/\/www.europesays.com\/pt\/180388\/","title":{"rendered":"X bloqueia conta publicit\u00e1ria da Comiss\u00e3o Europeia | Comiss\u00e3o Europeia"},"content":{"rendered":"<p>A conta publicit\u00e1ria da Comiss\u00e3o Europeia no X foi cancelada, anunciou Nikita Bier, respons\u00e1vel de produto da rede social numa publica\u00e7\u00e3o. O bloqueio aconteceu depois de Bruxelas ter multado a plataforma em 120 milh\u00f5es de euros por viola\u00e7\u00e3o das regras de transpar\u00eancia da Lei dos Servi\u00e7os Digitais (DSA).<\/p>\n<p>A 5 de Dezembro, a Comiss\u00e3o Europeia <a href=\"https:\/\/x.com\/EU_Commission\/status\/1996968219286904832\" target=\"_blank\" rel=\"nofollow\">publicou no X<\/a> um v\u00eddeo de Thomas Regnier, porta-voz para a a Soberania, Defesa, Espa\u00e7o e Investiga\u00e7\u00e3o Tecnol\u00f3gica, a anunciar a multa de 120 milh\u00f5es. Na descri\u00e7\u00e3o, a Comiss\u00e3o explica que quer que a plataforma assuma a responsabilidade por usar um &#8220;design enganoso do selo azul&#8221;, pela &#8220;falta de transpar\u00eancia no reposit\u00f3rio de publicidade&#8221;, e pela &#8220;falha ao providenciar dados p\u00fablicos para investiga\u00e7\u00e3o&#8221;.<\/p>\n<p>Nikita Bier respondeu. &#8220;A ironia do vosso an\u00fancio. Iniciaram sess\u00e3o na vossa conta de publicidade inactiva para tirar proveito de uma vulnerabilidade do nosso Ad Composer, de forma a publicar uma liga\u00e7\u00e3o que induz os utilizadores a pensar que se trata de um v\u00eddeo e assim aumentar artificialmente o seu alcance&#8221;, come\u00e7ou.<\/p>\n<p>&#8220;Como devem saber, o X defende que todos devem ter uma voz igual na nossa plataforma. No entanto, voc\u00eas parecem considerar que estas regras n\u00e3o se aplicam a voc\u00eas. A vossa conta de publicidade foi encerrada&#8221;, continuou o respons\u00e1vel de produto.<\/p>\n<p>Aos utilizadores confusos nos coment\u00e1rios da publica\u00e7\u00e3o, <a href=\"https:\/\/x.com\/nikitabier\/status\/1997450541275005041\" target=\"_blank\" rel=\"nofollow\">Nikita <\/a>explicou que o formato que a Comiss\u00e3o usou na plataforma s\u00f3 pode ser usado como an\u00fancio e que a entidade n\u00e3o os usava desde 2021. Para al\u00e9m disso, explicou que a possibilidade de isso acontecer se devia a uma falha do X, que ainda n\u00e3o tinha sido resolvida porque &#8220;nunca ningu\u00e9m tinha abusado assim dela&#8221;, diz num coment\u00e1rio.<\/p>\n<p>A <a href=\"https:\/\/www.publico.pt\/2025\/12\/05\/enter\/noticia\/rede-social-x-elon-musk-multada-120-milhoes-comissao-europeia-2157150\" target=\"_blank\" rel=\"nofollow noopener\">decis\u00e3o da Comiss\u00e3o Europeia<\/a> divulgada na passada sexta-feira foi feita ao abrigo da DSA, aprovada em 2022. Esta lei pretende impor algumas regras \u00e0s plataformas online para promover a transpar\u00eancia e combater a desinforma\u00e7\u00e3o.<\/p>\n<p><a href=\"https:\/\/www.publico.pt\/elon-musk\" target=\"_blank\" rel=\"nofollow noopener\">Elon Musk<\/a> j\u00e1 tinha reagido \u00e0 multa, atrav\u00e9s de um coment\u00e1rio no X \u00e0 publica\u00e7\u00e3o da Comiss\u00e3o Europeia. &#8220;Bullshit&#8221; (&#8220;disparate&#8221;), escreveu. Numa outra publica\u00e7\u00e3o, escreveu que a &#8220;Uni\u00e3o Europeia devia ser abolida e devolvida a soberania a cada pa\u00eds individual&#8221;. &#8220;Tiranos&#8221;, &#8220;burocr\u00e1ticos&#8221;, continuou noutras publica\u00e7\u00f5es. Noutras v\u00e1rias publica\u00e7\u00f5es que partilhou mostra apre\u00e7o pela Europa mas \u00f3dio pela Uni\u00e3o Europeia a que, nalgumas, se chama &#8220;mero regime burocr\u00e1tico inventado pelos socialistas e comunistas&#8221;.<\/p>\n<p>O dono da plataforma chegou, inclusive, a dizer que &#8220;a UE imp\u00f4s esta multa absurda n\u00e3o s\u00f3 ao X, mas tamb\u00e9m a mim pessoalmente, o que \u00e9 ainda mais insano&#8221;, afirma\u00e7\u00e3o esta que j\u00e1 foi desmentida por Reignier.<\/p>\n<p>&#8220;Estas alega\u00e7\u00f5es s\u00e3o simplesmente erradas. N\u00e3o identificamos indiv\u00edduos. Isso n\u00e3o faz sentido, nem \u00e9 o que a Comiss\u00e3o est\u00e1 a fazer. A decis\u00e3o foi dirigida a toda a estrutura corporativa e n\u00e3o tem nada a ver com o pr\u00f3prio senhor Elon Musk&#8221;, disse na confer\u00eancia de imprensa do executivo camar\u00e1rio em Bruxelas.<\/p>\n<p>Tamb\u00e9m <a href=\"https:\/\/www.publico.pt\/marc-rubio\" target=\"_blank\" rel=\"nofollow noopener\">Marco Rubio<\/a>, secret\u00e1rio de Estado do EUA, criticou a multa e classificou-a como um &#8220;ataque a Washington&#8221; por parte dos &#8220;Governos estrangeiros&#8221;. O porta-voz da UE tamb\u00e9m sublinhou que a lei &#8220;se aplica da mesma forma a todas as plataforma na UE, tanto \u00e0s chinesas, como \u00e0s norte-americanas ou europeias.<\/p>\n","protected":false},"excerpt":{"rendered":"A conta publicit\u00e1ria da Comiss\u00e3o Europeia no X foi cancelada, anunciou Nikita Bier, respons\u00e1vel de produto da rede&hellip;\n","protected":false},"author":2,"featured_media":180389,"comment_status":"","ping_status":"","sticky":false,"template":"","format":"standard","meta":{"footnotes":""},"categories":[8],"tags":[995,27,28,1835,1834,584,353,246,413,15,16,14,25,26,21,22,18507,12,13,19,20,542,32,23,24,33,110,17,18,29,30,31,636,2739],"class_list":{"0":"post-180388","1":"post","2":"type-post","3":"status-publish","4":"format-standard","5":"has-post-thumbnail","7":"category-principais-noticias","8":"tag-abre-conteudo","9":"tag-breaking-news","10":"tag-breakingnews","11":"tag-bruxelas","12":"tag-comissao-europeia","13":"tag-elon-musk","14":"tag-em-destaque","15":"tag-enter","16":"tag-eua","17":"tag-featured-news","18":"tag-featurednews","19":"tag-headlines","20":"tag-latest-news","21":"tag-latestnews","22":"tag-main-news","23":"tag-mainnews","24":"tag-marco-rubio","25":"tag-news","26":"tag-noticias","27":"tag-noticias-principais","28":"tag-noticiasprincipais","29":"tag-para-redes","30":"tag-portugal","31":"tag-principais-noticias","32":"tag-principaisnoticias","33":"tag-pt","34":"tag-tecnologia","35":"tag-top-stories","36":"tag-topstories","37":"tag-ultimas","38":"tag-ultimas-noticias","39":"tag-ultimasnoticias","40":"tag-uniao-europeia","41":"tag-x"},"share_on_mastodon":{"url":"","error":"Validation failed: Text character limit of 500 exceeded"},"_links":{"self":[{"href":"https:\/\/www.europesays.com\/pt\/wp-json\/wp\/v2\/posts\/180388","targetHints":{"allow":["GET"]}}],"collection":[{"href":"https:\/\/www.europesays.com\/pt\/wp-json\/wp\/v2\/posts"}],"about":[{"href":"https:\/\/www.europesays.com\/pt\/wp-json\/wp\/v2\/types\/post"}],"author":[{"embeddable":true,"href":"https:\/\/www.europesays.com\/pt\/wp-json\/wp\/v2\/users\/2"}],"replies":[{"embeddable":true,"href":"https:\/\/www.europesays.com\/pt\/wp-json\/wp\/v2\/comments?post=180388"}],"version-history":[{"count":0,"href":"https:\/\/www.europesays.com\/pt\/wp-json\/wp\/v2\/posts\/180388\/revisions"}],"wp:featuredmedia":[{"embeddable":true,"href":"https:\/\/www.europesays.com\/pt\/wp-json\/wp\/v2\/media\/180389"}],"wp:attachment":[{"href":"https:\/\/www.europesays.com\/pt\/wp-json\/wp\/v2\/media?parent=180388"}],"wp:term":[{"taxonomy":"category","embeddable":true,"href":"https:\/\/www.europesays.com\/pt\/wp-json\/wp\/v2\/categories?post=180388"},{"taxonomy":"post_tag","embeddable":true,"href":"https:\/\/www.europesays.com\/pt\/wp-json\/wp\/v2\/tags?post=180388"}],"curies":[{"name":"wp","href":"https:\/\/api.w.org\/{rel}","templated":true}]}}