{"id":180411,"date":"2025-12-08T19:03:13","date_gmt":"2025-12-08T19:03:13","guid":{"rendered":"https:\/\/www.europesays.com\/pt\/180411\/"},"modified":"2025-12-08T19:03:13","modified_gmt":"2025-12-08T19:03:13","slug":"brasilidades-cores-e-memorias-permeiam-apartamento-paulistano","status":"publish","type":"post","link":"https:\/\/www.europesays.com\/pt\/180411\/","title":{"rendered":"Brasilidades, cores e mem\u00f3rias permeiam apartamento paulistano"},"content":{"rendered":"\n<p class=\" content-text__container \" data-track-category=\"Link no Texto\" data-track-links=\"\"> Os arquitetos Luis Rossi, Nicolas Le Roux e Paula Lemos, autores do projeto que transformou os 175 m\u00b2 do apartamento, passearam pelo <a class=\"\" href=\"https:\/\/casavogue.globo.com\/smart\/noticia\/2022\/12\/circulo-cromatico-como-pensar-a-decoracao-a-partir-dele.ghtml\" rel=\"nofollow noopener\" target=\"_blank\">c\u00edrculo crom\u00e1tico<\/a> sem medo. \u201cExploramos os materiais e as cores em blocos, de modo que diversos volumes monocrom\u00e1ticos se distribuem ao longo dos ambientes: o <a class=\"\" href=\"https:\/\/casavogue.globo.com\/Smart\/noticia\/2022\/02\/como-tornar-o-hall-de-entrada-acolhedor.html\" rel=\"nofollow noopener\" target=\"_blank\">hall de entrada <\/a>azul, a <a class=\"\" href=\"https:\/\/casavogue.globo.com\/smart\/noticia\/2025\/03\/tendencias-decoracao-cozinha-2025.ghtml\" rel=\"nofollow noopener\" target=\"_blank\">cozinha<\/a> terracota, o <a class=\"\" href=\"https:\/\/casavogue.globo.com\/smart\/noticia\/2025\/08\/lavabos-de-luxo-decoracao.ghtml\" rel=\"nofollow noopener\" target=\"_blank\">lavabo<\/a> rosa\u201d, explica Paula. \u201cAl\u00e9m disso, buscamos integrar m\u00f3veis e elementos decorativos que acompanham a fam\u00edlia da cliente h\u00e1 gera\u00e7\u00f5es, como espelhos, lumin\u00e1rias, mesas de cabeceira, tapetes.\u201d <\/p>\n","protected":false},"excerpt":{"rendered":"Os arquitetos Luis Rossi, Nicolas Le Roux e Paula Lemos, autores do projeto que transformou os 175 m\u00b2&hellip;\n","protected":false},"author":2,"featured_media":180412,"comment_status":"","ping_status":"","sticky":false,"template":"","format":"standard","meta":{"footnotes":""},"categories":[144],"tags":[207,205,206,203,201,202,204,114,115,32,33],"class_list":{"0":"post-180411","1":"post","2":"type-post","3":"status-publish","4":"format-standard","5":"has-post-thumbnail","7":"category-arte-e-design","8":"tag-arte","9":"tag-arte-e-design","10":"tag-artedesign","11":"tag-arts","12":"tag-arts-and-design","13":"tag-artsanddesign","14":"tag-design","15":"tag-entertainment","16":"tag-entretenimento","17":"tag-portugal","18":"tag-pt"},"share_on_mastodon":{"url":"https:\/\/pubeurope.com\/@pt\/115685504008552484","error":""},"_links":{"self":[{"href":"https:\/\/www.europesays.com\/pt\/wp-json\/wp\/v2\/posts\/180411","targetHints":{"allow":["GET"]}}],"collection":[{"href":"https:\/\/www.europesays.com\/pt\/wp-json\/wp\/v2\/posts"}],"about":[{"href":"https:\/\/www.europesays.com\/pt\/wp-json\/wp\/v2\/types\/post"}],"author":[{"embeddable":true,"href":"https:\/\/www.europesays.com\/pt\/wp-json\/wp\/v2\/users\/2"}],"replies":[{"embeddable":true,"href":"https:\/\/www.europesays.com\/pt\/wp-json\/wp\/v2\/comments?post=180411"}],"version-history":[{"count":0,"href":"https:\/\/www.europesays.com\/pt\/wp-json\/wp\/v2\/posts\/180411\/revisions"}],"wp:featuredmedia":[{"embeddable":true,"href":"https:\/\/www.europesays.com\/pt\/wp-json\/wp\/v2\/media\/180412"}],"wp:attachment":[{"href":"https:\/\/www.europesays.com\/pt\/wp-json\/wp\/v2\/media?parent=180411"}],"wp:term":[{"taxonomy":"category","embeddable":true,"href":"https:\/\/www.europesays.com\/pt\/wp-json\/wp\/v2\/categories?post=180411"},{"taxonomy":"post_tag","embeddable":true,"href":"https:\/\/www.europesays.com\/pt\/wp-json\/wp\/v2\/tags?post=180411"}],"curies":[{"name":"wp","href":"https:\/\/api.w.org\/{rel}","templated":true}]}}