{"id":180427,"date":"2025-12-08T19:17:14","date_gmt":"2025-12-08T19:17:14","guid":{"rendered":"https:\/\/www.europesays.com\/pt\/180427\/"},"modified":"2025-12-08T19:17:14","modified_gmt":"2025-12-08T19:17:14","slug":"poliana-rocha-acompanha-leonardo-ao-hospital-e-detalha-o-que-aconteceu-teve-um-quadro","status":"publish","type":"post","link":"https:\/\/www.europesays.com\/pt\/180427\/","title":{"rendered":"Poliana Rocha acompanha Leonardo ao hospital e detalha o que aconteceu: &#8216;Teve um quadro&#8217;"},"content":{"rendered":"<p>A influenciadora digital e jornalista\u00a0<a href=\"https:\/\/caras.com.br\/tags\/poliana-rocha\" rel=\"nofollow noopener\" target=\"_blank\"><strong>Poliana Rocha<\/strong><\/a> usou as<a href=\"https:\/\/caras.com.br\/atualidades\/matheus-vargas-filho-de-leonardo-surge-em-fotos-raras-com-a-mae-amo-muito.phtml\" rel=\"nofollow noopener\" target=\"_blank\"> redes sociais<\/a> para compartilhar um desabafo sobre a sa\u00fade do marido, o cantor <a href=\"https:\/\/caras.com.br\/tags\/leonardo\" target=\"_blank\" rel=\"noopener nofollow\"><strong>Leonardo<\/strong><\/a>. Nesta segunda-feira, 8, ela mostrou o artista deitado em uma maca, recebendo soro na veia no Hospital Israelita Albert Einstein, em Goi\u00e2nia, e explicou o motivo de sua ida ao centro m\u00e9dico.<\/p>\n<p>Nos Stories do Instagram, Poliana Rocha negou que o marido estaria recebendo atendimento m\u00e9dico por causa de uma bebedeira. \u201cSer\u00e1 que \u00e9 ressaca? N\u00e3o! Ele teve um quadro de diarreia e ficou desidratado\u201d, explicou a m\u00e3e de Z\u00e9 Felipe.<\/p>\n<p>Antes de chegar ao hospital, Poliana Rocha registrou no carro o momento em que estava ao lado do cantor, que ocupava o banco do passageiro. \u201cAcompanhando o marido\u201d, escreveu.<\/p>\n<p> <img loading=\"lazy\" decoding=\"async\" class=\"size-full wp-image-1040963 img-fluid lazy\" alt=\"Poliana Rocha mostra Leonardo em hospital de Goi\u00e2nia \u2014 Foto: Reprodu\u00e7\u00e3o\/Instagram @poliana\" width=\"800\" height=\"1132\" src=\"https:\/\/www.europesays.com\/pt\/wp-content\/uploads\/2025\/12\/leonardo.jpg\"  \/>Poliana Rocha mostra Leonardo em hospital de Goi\u00e2nia \u2014 Foto: Reprodu\u00e7\u00e3o\/Instagram @poliana <img loading=\"lazy\" decoding=\"async\" class=\"wp-image-1040964 img-fluid lazy\" alt=\"Poliana Rocha mostra Leonardo em hospital de Goi\u00e2nia \u2014 Foto: Reprodu\u00e7\u00e3o\/Instagram @poliana\" width=\"798\" height=\"1137\" src=\"https:\/\/www.europesays.com\/pt\/wp-content\/uploads\/2025\/12\/leonardo-1.jpg\"  \/>Poliana Rocha mostra Leonardo em hospital de Goi\u00e2nia \u2014 Foto: Reprodu\u00e7\u00e3o\/Instagram @poliana Exames de rotina <\/p>\n<p>Recentemente, Poliana compartilhou<a href=\"https:\/\/caras.com.br\/bem-estar\/poliana-rocha-mostra-ida-de-leonardo-ao-hospital-e-explica-o-motivo-fazer.phtml\" rel=\"nofollow noopener\" target=\"_blank\"> que levou o companheiro ao Hospital Albert Einstein, em Goi\u00e2nia, para exames m\u00e9dicos de rotina.<\/a><\/p>\n<p>Nas publica\u00e7\u00f5es, Poliana mostrou uma imagem no carro ao lado do cantor e, logo depois, ele deitado em uma maca enquanto um m\u00e9dico realizava exames de imagem.\u00a0\u201cUma vez por ano trago o L\u00e9o para fazer um check-up!! Hoje \u00e9 dia dos USGs\u201d,\u00a0escreveu ela ao postar a foto.<\/p>\n<p> Poliana Rocha revela atitude de Leonardo que a deixa irritada <\/p>\n<p><a href=\"https:\/\/caras.com.br\/atualidades\/poliana-rocha-expoe-atitude-de-leonardo-que-deixa-irritada-ele-comeca.phtml\" rel=\"nofollow noopener\" target=\"_blank\">Em recente intera\u00e7\u00e3o com os f\u00e3s nas redes sociais, Poliana revelou uma atitude do marido que a deixa irritada.<\/a> \u201cEsse Leonardo \u00e9 triste. \u00c0s vezes, estou em um dia em que estou t\u00e3o feia, t\u00e3o descabelada, t\u00e3o sem dignidade, e ele come\u00e7a a tirar foto minha. S\u00f3 que eu n\u00e3o vejo que ele est\u00e1 tirando a foto. E a\u00ed ele pega cada foto que voc\u00eas n\u00e3o t\u00eam no\u00e7\u00e3o\u201d, iniciou ela.<\/p>\n<p>Que complementou:\u00a0\u201cSe eu colocar aqui, voc\u00eas v\u00e3o assustar. \u00c0s vezes, estou fazendo um trabalho ou algo importante, e ele me manda a foto bem na hora. Ai, meu Deus. Mas isso me irrita. \u00c9 uma irrita\u00e7\u00e3o boba, sabe?\u201d, contou ela, que na legenda marcou o marido e escreveu:\u00a0\u201cTe amo\u201d.<\/p>\n<p>Leia tamb\u00e9m:\u00a0<a href=\"https:\/\/caras.com.br\/tv\/poliana-rocha-relembra-pedido-que-ouviu-de-ze-felipe-no-inicio-do-namoro-com-virginia-nao-fala.phtml\" rel=\"nofollow noopener\" target=\"_blank\">Poliana Rocha relembra pedido que ouviu de Z\u00e9 Felipe no in\u00edcio do namoro com Virginia: \u2018N\u00e3o fala\u2019<\/a><\/p>\n<blockquote class=\"instagram-media\" style=\"background: #FFF; border: 0; border-radius: 3px; box-shadow: 0 0 1px 0 rgba(0,0,0,0.5),0 1px 10px 0 rgba(0,0,0,0.15); margin: 1px; max-width: 540px; min-width: 326px; padding: 0; width: calc(100% - 2px);\" data-instgrm-captioned=\"\" data-instgrm-permalink=\"https:\/\/www.instagram.com\/p\/DRBQQTJEXwX\/?utm_source=ig_embed&amp;utm_campaign=loading\" data-instgrm-version=\"14\"><\/blockquote>\n<p>        <a href=\"https:\/\/caras.com.br\/autor\/juliana-dracz\" rel=\"nofollow noopener\" target=\"_blank\">&#13;<br \/>\n          <img loading=\"lazy\" decoding=\"async\" alt=\"Juliana Dracz\" src=\"https:\/\/www.europesays.com\/pt\/wp-content\/uploads\/2025\/09\/436551461_2434711450057729_5105646040807821088_n_sqmd.png\" class=\"avatar avatar-115 photo rounded-circle\" height=\"115\" width=\"115\"\/>        <\/a><\/p>\n<p>Juliana Dracz \u00e9 rep\u00f3rter de conte\u00fado do site CARAS. Formada em Jornalismo pela Universidade Cat\u00f3lica de Bras\u00edlia, ela j\u00e1 trabalhou em grandes sites de entretenimento. Atualmente, escreve sobre novelas, celebridades e TV.<\/p>\n<p>\t                                            <script async src=\"\/\/www.instagram.com\/embed.js\"><\/script><\/p>\n","protected":false},"excerpt":{"rendered":"A influenciadora digital e jornalista\u00a0Poliana Rocha usou as redes sociais para compartilhar um desabafo sobre a sa\u00fade do&hellip;\n","protected":false},"author":2,"featured_media":180428,"comment_status":"","ping_status":"","sticky":false,"template":"","format":"standard","meta":{"footnotes":""},"categories":[145],"tags":[211,210,114,115,2159,5548,32,33],"class_list":{"0":"post-180427","1":"post","2":"type-post","3":"status-publish","4":"format-standard","5":"has-post-thumbnail","7":"category-celebridades","8":"tag-celebridades","9":"tag-celebrities","10":"tag-entertainment","11":"tag-entretenimento","12":"tag-leonardo","13":"tag-poliana-rocha","14":"tag-portugal","15":"tag-pt"},"share_on_mastodon":{"url":"https:\/\/pubeurope.com\/@pt\/115685559365564264","error":""},"_links":{"self":[{"href":"https:\/\/www.europesays.com\/pt\/wp-json\/wp\/v2\/posts\/180427","targetHints":{"allow":["GET"]}}],"collection":[{"href":"https:\/\/www.europesays.com\/pt\/wp-json\/wp\/v2\/posts"}],"about":[{"href":"https:\/\/www.europesays.com\/pt\/wp-json\/wp\/v2\/types\/post"}],"author":[{"embeddable":true,"href":"https:\/\/www.europesays.com\/pt\/wp-json\/wp\/v2\/users\/2"}],"replies":[{"embeddable":true,"href":"https:\/\/www.europesays.com\/pt\/wp-json\/wp\/v2\/comments?post=180427"}],"version-history":[{"count":0,"href":"https:\/\/www.europesays.com\/pt\/wp-json\/wp\/v2\/posts\/180427\/revisions"}],"wp:featuredmedia":[{"embeddable":true,"href":"https:\/\/www.europesays.com\/pt\/wp-json\/wp\/v2\/media\/180428"}],"wp:attachment":[{"href":"https:\/\/www.europesays.com\/pt\/wp-json\/wp\/v2\/media?parent=180427"}],"wp:term":[{"taxonomy":"category","embeddable":true,"href":"https:\/\/www.europesays.com\/pt\/wp-json\/wp\/v2\/categories?post=180427"},{"taxonomy":"post_tag","embeddable":true,"href":"https:\/\/www.europesays.com\/pt\/wp-json\/wp\/v2\/tags?post=180427"}],"curies":[{"name":"wp","href":"https:\/\/api.w.org\/{rel}","templated":true}]}}