{"id":180462,"date":"2025-12-08T19:45:12","date_gmt":"2025-12-08T19:45:12","guid":{"rendered":"https:\/\/www.europesays.com\/pt\/180462\/"},"modified":"2025-12-08T19:45:12","modified_gmt":"2025-12-08T19:45:12","slug":"virginia-adianta-sobre-2026-ja-pode-mudar-a-bio-ou-ta-cedo","status":"publish","type":"post","link":"https:\/\/www.europesays.com\/pt\/180462\/","title":{"rendered":"Virginia adianta sobre 2026: &#8216;J\u00e1 pode mudar a bio ou t\u00e1 cedo?&#8217;"},"content":{"rendered":"<p>Ano novo, vida nova? A influenciadora digital <a href=\"https:\/\/caras.com.br\/tags\/virginia\" rel=\"nofollow noopener\" target=\"_blank\"><strong>Virginia Fonseca<\/strong><\/a> j\u00e1 est\u00e1 em contagem regressiva para 2026 e, na manh\u00e3 desta segunda-feira, 08, ela pegou os seguidores de surpresa ao confessar sobre este novo ciclo que se inicia ap\u00f3s o m\u00eas de dezembro.<\/p>\n<p>Entre grava\u00e7\u00f5es, compromissos empresariais e a rotina com a fam\u00edlia, a influenciadora deixou escapar que 2026 pode trazer movimentos importantes. Nesta segunda-feira, Virginia Fonseca publicou um stories no Instagram, onde se mostrava ansiosa para este novo ano em sua vida.<\/p>\n<p>A namorada de <a href=\"https:\/\/caras.com.br\/tags\/vini-jr\" rel=\"nofollow noopener\" target=\"_blank\"><strong>Vini Jr.<\/strong><\/a> compartilhou um stories de uma foto que apresentava a seguinte mensagem: \u201c2026 \u00e9 nosso! Toda honra e gl\u00f3ria a Deus\u201d. Ainda no registro, Virginia digitou: \u201cJ\u00e1 pode mudar a bio ou t\u00e1 cedo?!!!\u2019.\u00a0<\/p>\n<p> <img loading=\"lazy\" decoding=\"async\" class=\"size-medium wp-image-1041060 img-fluid lazy\" alt=\"Virginia compartilhou um stories adiantando sobre 2026 - Foto: Reprodu\u00e7\u00e3o\/Instagram @virginia\" width=\"128\" height=\"228\" src=\"https:\/\/www.europesays.com\/pt\/wp-content\/uploads\/2025\/12\/Virginia--128x228.png\"  \/>Virginia compartilhou um stories adiantando sobre 2026 \u2013 Foto: Reprodu\u00e7\u00e3o\/Instagram @virginia Detalhe inusitado <\/p>\n<p>No Brasil, longe do amado, que joga pelo Real Madrid e est\u00e1 na Espanha, Virginia contou no \u00faltimo s\u00e1bado, 06, que est\u00e1 com saudade do namorado Vini Jr. Ao fazer um gesto com os dedos da m\u00e3os, a <a href=\"https:\/\/caras.com.br\/atualidades\/virginia-relata-saudade-de-vini-jr-apos-notar-detalhe-inusitado-acabai-de-perceber.phtml\" rel=\"nofollow noopener\" target=\"_blank\">famosa percebeu<\/a> a forma\u00e7\u00e3o de dois \u201cVs\u201d e falou sobre come\u00e7ar a fazer o gesto para simbolizar ela e o companheiro.<\/p>\n<p>\u201cAcabei de perceber que assim \u00e9 dois V. Gostei e vou usar porque estou com saudade do meu gato\u201d, comentou sobre estar sentindo falta dele.<\/p>\n<p> Momento de amor <\/p>\n<p>Na manh\u00e3 da \u00faltima quinta-feira, 4,\u00a0 a empres\u00e1ria Virginia compartilhou um v\u00eddeo mostrando que <a href=\"https:\/\/caras.com.br\/casa-dos-famosos\/virginia-revela-como-ficou-a-decoracao-de-natal-de-sua-mansao-veja-o-video.phtml\" rel=\"nofollow noopener\" target=\"_blank\">caprichou na ilumina\u00e7\u00e3o de final<\/a>\u00a0de ano da casa. Inclusive, ela recebeu um coment\u00e1rio de seu amado:\u00a0Vini Jr.<\/p>\n<p>No v\u00eddeo publicado nas redes sociais, \u00e9 poss\u00edvel ver que a fam\u00edlia decorou toda a mans\u00e3o, da entrada ao jardim da piscina. O espa\u00e7o ganhou diversas luzes natalinas e esculturas tem\u00e1ticas espalhadas pela \u00e1rea externa. Dentro de casa, eles tamb\u00e9m montaram \u00e1rvores de Natal com bolas brancas.<\/p>\n<p>Um coment\u00e1rio que chamou a aten\u00e7\u00e3o foi do namorado de Virginia, o<a href=\"https:\/\/www.instagram.com\/vinijr\/\" rel=\"nofollow noopener\" target=\"_blank\"> astro do futebol<\/a> Vini Jr. Discreto sobre sua vida amorosa, ele reagiu \u00e0 publica\u00e7\u00e3o e apenas declarou: \u201c\ud83d\ude0d\ud83d\ude0d\ud83d\ude0d\u201d.<\/p>\n<p><strong>Leia mais<\/strong>: <a href=\"https:\/\/caras.com.br\/atualidades\/vini-jr-reage-em-publicacao-apos-desabafo-de-virginia.phtml\" rel=\"nofollow noopener\" target=\"_blank\">Vini Jr. reage em publica\u00e7\u00e3o ap\u00f3s desabafo de Virginia<\/a><\/p>\n<p> CONFIRA UMA PUBLICA\u00c7\u00c3O RECENTE DA INFLUENCIADORA VIRGINIA NAS REDES SOCIAIS: <\/p>\n<blockquote class=\"instagram-media\" style=\"background: #FFF; border: 0; border-radius: 3px; box-shadow: 0 0 1px 0 rgba(0,0,0,0.5),0 1px 10px 0 rgba(0,0,0,0.15); margin: 1px; max-width: 540px; min-width: 326px; padding: 0; width: calc(100% - 2px);\" data-instgrm-captioned=\"\" data-instgrm-permalink=\"https:\/\/www.instagram.com\/p\/DSAECiuDjMp\/?utm_source=ig_embed&amp;utm_campaign=loading\" data-instgrm-version=\"14\"><\/blockquote>\n<p>        <a href=\"https:\/\/caras.com.br\/autor\/felipe-franca\" rel=\"nofollow noopener\" target=\"_blank\">&#13;<br \/>\n          <img loading=\"lazy\" decoding=\"async\" alt=\"Felipe Fran\u00e7a\" src=\"https:\/\/www.europesays.com\/pt\/wp-content\/uploads\/2025\/11\/whatsapp_image_2024-02-01_at_11.27.22_sqmd.jpeg\" class=\"avatar avatar-115 photo rounded-circle\" height=\"115\" width=\"115\"\/>        <\/a><\/p>\n<p><strong>Felipe Fran\u00e7a<\/strong> \u00e9 jornalista formado pela Faculdade C\u00e1sper L\u00edbero (FCL). \u00c9 rep\u00f3rter de pautas especiais do Grupo Perfil. Tem passagens pela Coluna Fl\u00e1vio Ricco, no R7, e pela TV Gazeta. Possui paix\u00e3o pelo universo da televis\u00e3o, novelas e celebridades. Gosta da arte de ouvir hist\u00f3rias e pessoas.<\/p>\n<p>\t                                            <script async src=\"\/\/www.instagram.com\/embed.js\"><\/script><\/p>\n","protected":false},"excerpt":{"rendered":"Ano novo, vida nova? A influenciadora digital Virginia Fonseca j\u00e1 est\u00e1 em contagem regressiva para 2026 e, na&hellip;\n","protected":false},"author":2,"featured_media":180463,"comment_status":"","ping_status":"","sticky":false,"template":"","format":"standard","meta":{"footnotes":""},"categories":[145],"tags":[2837,211,210,114,115,5228,32,33,973],"class_list":{"0":"post-180462","1":"post","2":"type-post","3":"status-publish","4":"format-standard","5":"has-post-thumbnail","7":"category-celebridades","8":"tag-2837","9":"tag-celebridades","10":"tag-celebrities","11":"tag-entertainment","12":"tag-entretenimento","13":"tag-influenciadora","14":"tag-portugal","15":"tag-pt","16":"tag-virginia"},"share_on_mastodon":{"url":"https:\/\/pubeurope.com\/@pt\/115685669402288461","error":""},"_links":{"self":[{"href":"https:\/\/www.europesays.com\/pt\/wp-json\/wp\/v2\/posts\/180462","targetHints":{"allow":["GET"]}}],"collection":[{"href":"https:\/\/www.europesays.com\/pt\/wp-json\/wp\/v2\/posts"}],"about":[{"href":"https:\/\/www.europesays.com\/pt\/wp-json\/wp\/v2\/types\/post"}],"author":[{"embeddable":true,"href":"https:\/\/www.europesays.com\/pt\/wp-json\/wp\/v2\/users\/2"}],"replies":[{"embeddable":true,"href":"https:\/\/www.europesays.com\/pt\/wp-json\/wp\/v2\/comments?post=180462"}],"version-history":[{"count":0,"href":"https:\/\/www.europesays.com\/pt\/wp-json\/wp\/v2\/posts\/180462\/revisions"}],"wp:featuredmedia":[{"embeddable":true,"href":"https:\/\/www.europesays.com\/pt\/wp-json\/wp\/v2\/media\/180463"}],"wp:attachment":[{"href":"https:\/\/www.europesays.com\/pt\/wp-json\/wp\/v2\/media?parent=180462"}],"wp:term":[{"taxonomy":"category","embeddable":true,"href":"https:\/\/www.europesays.com\/pt\/wp-json\/wp\/v2\/categories?post=180462"},{"taxonomy":"post_tag","embeddable":true,"href":"https:\/\/www.europesays.com\/pt\/wp-json\/wp\/v2\/tags?post=180462"}],"curies":[{"name":"wp","href":"https:\/\/api.w.org\/{rel}","templated":true}]}}