{"id":180478,"date":"2025-12-08T19:56:10","date_gmt":"2025-12-08T19:56:10","guid":{"rendered":"https:\/\/www.europesays.com\/pt\/180478\/"},"modified":"2025-12-08T19:56:10","modified_gmt":"2025-12-08T19:56:10","slug":"trabalho-comum-sobre-plano-americano-zelensky-colhe-mao-cheia-de-diplomacia-na-europa","status":"publish","type":"post","link":"https:\/\/www.europesays.com\/pt\/180478\/","title":{"rendered":"&#8220;Trabalho comum sobre plano americano&#8221;. Zelensky colhe m\u00e3o-cheia de diplomacia na Europa"},"content":{"rendered":"<p>                Debaixo de novo rol de cr\u00edticas da Casa Branca de Donald Trump, o presidente ucraniano avistou-se esta segunda-feira com o presidente franc\u00eas, o primeiro-ministro brit\u00e2nico e o chanceler alem\u00e3o. O triunvirato de aliados de Kiev voltou a exprimir solidariedade para com o pa\u00eds invadido pela R\u00fassia. E algum \u201cceticismo\u201d relativamente a \u201ccertos detalhes\u201d do plano norte-americano para p\u00f4r cobro \u00e0 guerra.<\/p>\n<p>Durou menos de duas horas o encontro de Volodymyr  Zelensky com Emmanuel Macron, Keir Starmer e Friedrich Merz na capital brit\u00e2nica &#8211; a anteceder uma segunda escala diplom\u00e1tica do chefe de Estado ucraniano, em Bruxelas, com os presidentes do Conselho Europeu e da Comiss\u00e3o Europeia, Ant\u00f3nio Costa e Ursula von der Leyen, e o secret\u00e1rio-geral da NATO, Mark Rutte.<\/p>\n<p><b>A reuni\u00e3o londrina<\/b>, resumiu ao final da tarde o Eliseu, <b>serviu sobretudo para \u201cprosseguir o trabalho comum sobre o plano americano\u201d<\/b>, tendo em perspetiva <b>\u201ccomplet\u00e1-lo com os contributos europeus, em estreita coordena\u00e7\u00e3o\u201d<\/b> com Kiev.<\/p>\n<p>Este trabalho, acrescentou a Presid\u00eancia francesa, \u201cest\u00e1 em finaliza\u00e7\u00e3o\u201d por parte de conselheiros de seguran\u00e7a nacional. A troca de contactos entre europeus, norte-americanos e ucranianos \u201cdever\u00e1 permitir refor\u00e7ar a converg\u00eancia nos pr\u00f3ximos dias\u201d.\u201cEm paralelo, o trabalho vai ser aprofundado para fornecer \u00e0 Ucr\u00e2nia garantias de seguran\u00e7a robustas, assim como prever medidas para a reconstru\u00e7\u00e3o\u201d, rematou o gabinete de Macron, citado pela ag\u00eancia France-Presse.<br \/>&#13;\n<\/p>\n<p>Na abertura da reuni\u00e3o em Londres, <b>o chanceler alem\u00e3o declarou-se \u201cc\u00e9tico\u201d perante \u201ccertos detalhes nos documentos provenientes dos Estados Unidos\u201d<\/b>. Sem, todavia, avan\u00e7ar com pormenores.<\/p>\n<p>          <img decoding=\"async\" itemprop=\"image\" class=\"img-fluid\"   src=\"https:\/\/www.europesays.com\/pt\/wp-content\/uploads\/2025\/12\/e5b685a94077b14784bf40f91720b0c4_N.jpg\"\/><\/p>\n<p>Macron afinou pela mesma nota dominante, ao assinalar que <b>\u201ca principal quest\u00e3o\u201d \u00e9 \u201ca converg\u00eancia entre posi\u00e7\u00f5es comuns entre europeus e ucranianos e os Estados Unidos\u201d<\/b>.<br \/>\n          <img decoding=\"async\" itemprop=\"image\" class=\"img-fluid\"   src=\"https:\/\/www.europesays.com\/pt\/wp-content\/uploads\/2025\/12\/0b0a0b2550a7fb59ea23dfcc848d3fc3_N.jpg\"\/><\/p>\n<p><b>\u201cH\u00e1 algumas coisas que n\u00e3o podemos gerir sem os americanos, algumas coisas que n\u00e3o podemos gerir sem a Europa, e \u00e9 por isso que devemos tomar decis\u00f5es importantes\u201d<\/b>, sublinhou Zelensky.<br \/>\n          <img decoding=\"async\" itemprop=\"image\" class=\"img-fluid\"   src=\"https:\/\/www.europesays.com\/pt\/wp-content\/uploads\/2025\/12\/9bdbea87f3f4a7dd14be1d9dce9ab69d_N.jpg\"\/><\/p>\n<p>Volodymyr Zelensky indicou que as propostas &#13;<br \/>\neuropeias e ucranianas para o plano de paz gizado por Washington poder\u00e3o&#13;<br \/>\nser ultimadas na ter\u00e7a-feira.<br \/>&#13;<\/p>\n<p>Mesmo antes da reuni\u00e3o,<b> o anfitri\u00e3o brit\u00e2nico quis deixar claro que a postura europeia n\u00e3o passar\u00e1 por exercer \u201cpress\u00e3o sobre o presidente\u201d ucraniano para que este aceite as propostas da Administra\u00e7\u00e3o Trump<\/b>. <br \/>&#13;<br \/>\n<b><br \/>&#13;<br \/>\n\u201cO mais importante \u00e9 chegar a uma cessa\u00e7\u00e3o das hostilidades justa e duradoura\u201d<\/b>, sintetizou Starmer em declara\u00e7\u00f5es \u00e0 ITV News.A R\u00fassia, que domina atualmente mais de 80 por cento do Donbass, no leste da Ucr\u00e2nia, tenciona absorver todo este territ\u00f3rio. O que \u00e9 contestado por Kiev.<br \/>&#13;\n<\/p>\n<p>No passado s\u00e1bado, Volodymyr Zelensky havia afirmado ter mantido uma conversa telef\u00f3nica \u201csubstancial e construtiva\u201d com os emiss\u00e1rios norte-americanos Steve Witkoff e Jared Kushner, que contou ainda com a participa\u00e7\u00e3o dos pr\u00f3prios negociadores ucranianos envolvidos nas negocia\u00e7\u00f5es da \u00faltima semana na Florida.Witkoff e Kushner foram tamb\u00e9m recebidos, na semana passada, pelo presidente russo, Vladimir Putin. O Kremlin sinalizou progressos, mas contrap\u00f4s de imediato que ainda h\u00e1 \u201cmuito trabalho\u201d por diante.<br \/>&#13;\n<\/p>\n<p>No domingo, durante uma noite de gala em Washington, o presidente dos Estados Unidos, que tem oscilado entre a aproxima\u00e7\u00e3o e o distanciamento face a Zelensky, voltou \u00e0 carga com cr\u00edticas a Kiev.<\/p>\n<p><b>\u201cTemos falado como presidente Putin e temos falado com os dirigentes ucranianos, incluindo o presidente Zelensky. E devo dizer que estou um pouco desiludido que o presidente Zelebnsky n\u00e3o tenha ainda lido a proposta, at\u00e9 h\u00e1 poucas horas. O seu povo adora-a, mas ele n\u00e3o\u201d<\/b>, apontou Donald Trump.<\/p>\n<p>          <img decoding=\"async\" itemprop=\"image\" class=\"img-fluid\"   src=\"https:\/\/www.europesays.com\/pt\/wp-content\/uploads\/2025\/12\/b1e362f4e51e5d428cee23e9f17d346d_N.jpg\"\/><\/p>\n<p><b>\u201cA R\u00fassia est\u00e1 de acordo. A R\u00fassia preferia ter todo o pa\u00eds, quando pensamos nisso, mas acredito que a R\u00fassia est\u00e1 de acordo\u201d<\/b>, acrescentou o inquilino republicano da Casa Branca.<\/p>\n<p>O presidente da Ucr\u00e2nia voltou esta segunda-feira a vincar que o pa\u00eds n\u00e3o pode abdicar de territ\u00f3rio para a R\u00fassia de Putin.<\/p>\n<p>c\/ ag\u00eancias&#13;\n            <\/p>\n","protected":false},"excerpt":{"rendered":"Debaixo de novo rol de cr\u00edticas da Casa Branca de Donald Trump, o presidente ucraniano avistou-se esta segunda-feira&hellip;\n","protected":false},"author":2,"featured_media":180479,"comment_status":"","ping_status":"","sticky":false,"template":"","format":"standard","meta":{"footnotes":""},"categories":[50],"tags":[27,28,1835,92,7455,235,15,16,830,14,25,26,5567,21,22,62,12,13,19,20,806,3894,3281,3610,23,24,839,17,18,840,29,30,31,36982,63,64,65],"class_list":{"0":"post-180478","1":"post","2":"type-post","3":"status-publish","4":"format-standard","5":"has-post-thumbnail","7":"category-mundo","8":"tag-breaking-news","9":"tag-breakingnews","10":"tag-bruxelas","11":"tag-donald-trump","12":"tag-encontro","13":"tag-estados-unidos","14":"tag-featured-news","15":"tag-featurednews","16":"tag-guerra","17":"tag-headlines","18":"tag-latest-news","19":"tag-latestnews","20":"tag-londres","21":"tag-main-news","22":"tag-mainnews","23":"tag-mundo","24":"tag-news","25":"tag-noticias","26":"tag-noticias-principais","27":"tag-noticiasprincipais","28":"tag-paz","29":"tag-plano","30":"tag-presidente","31":"tag-primeiro-ministro","32":"tag-principais-noticias","33":"tag-principaisnoticias","34":"tag-russia","35":"tag-top-stories","36":"tag-topstories","37":"tag-ucrania","38":"tag-ultimas","39":"tag-ultimas-noticias","40":"tag-ultimasnoticias","41":"tag-volodymyr-zelebnsky","42":"tag-world","43":"tag-world-news","44":"tag-worldnews"},"share_on_mastodon":{"url":"","error":"Validation failed: Text character limit of 500 exceeded"},"_links":{"self":[{"href":"https:\/\/www.europesays.com\/pt\/wp-json\/wp\/v2\/posts\/180478","targetHints":{"allow":["GET"]}}],"collection":[{"href":"https:\/\/www.europesays.com\/pt\/wp-json\/wp\/v2\/posts"}],"about":[{"href":"https:\/\/www.europesays.com\/pt\/wp-json\/wp\/v2\/types\/post"}],"author":[{"embeddable":true,"href":"https:\/\/www.europesays.com\/pt\/wp-json\/wp\/v2\/users\/2"}],"replies":[{"embeddable":true,"href":"https:\/\/www.europesays.com\/pt\/wp-json\/wp\/v2\/comments?post=180478"}],"version-history":[{"count":0,"href":"https:\/\/www.europesays.com\/pt\/wp-json\/wp\/v2\/posts\/180478\/revisions"}],"wp:featuredmedia":[{"embeddable":true,"href":"https:\/\/www.europesays.com\/pt\/wp-json\/wp\/v2\/media\/180479"}],"wp:attachment":[{"href":"https:\/\/www.europesays.com\/pt\/wp-json\/wp\/v2\/media?parent=180478"}],"wp:term":[{"taxonomy":"category","embeddable":true,"href":"https:\/\/www.europesays.com\/pt\/wp-json\/wp\/v2\/categories?post=180478"},{"taxonomy":"post_tag","embeddable":true,"href":"https:\/\/www.europesays.com\/pt\/wp-json\/wp\/v2\/tags?post=180478"}],"curies":[{"name":"wp","href":"https:\/\/api.w.org\/{rel}","templated":true}]}}