{"id":180483,"date":"2025-12-08T20:07:12","date_gmt":"2025-12-08T20:07:12","guid":{"rendered":"https:\/\/www.europesays.com\/pt\/180483\/"},"modified":"2025-12-08T20:07:12","modified_gmt":"2025-12-08T20:07:12","slug":"com-giovanna-antonelli-hbo-max-ironiza-vinheta-de-fim-de-ano-da-globo-video","status":"publish","type":"post","link":"https:\/\/www.europesays.com\/pt\/180483\/","title":{"rendered":"Com Giovanna Antonelli, HBO Max ironiza vinheta de fim de ano da Globo; v\u00eddeo"},"content":{"rendered":"<p>A HBO Max divulgou nesta segunda-feira (8) um v\u00eddeo que ironiza a tradicional vinheta de fim de ano da Globo. Com <a href=\"https:\/\/natelinha.uol.com.br\/televisao\/2025\/12\/08\/famosos\" rel=\"nofollow noopener\" target=\"_blank\">Giovanna Antonelli<\/a>, a pe\u00e7a promocional divulgada pela plataforma de streaming traz uma m\u00fasica que remete \u00e0 cl\u00e1ssica Um Novo Tempo, da emissora carioca.<\/p>\n<p>continua depois da publicidade<\/p>\n<p>\u201cHoje\u2026\u201d, diz Giovanna Antonelli no in\u00edcio do v\u00eddeo, em uma clara refer\u00eancia aos versos \u201cHoje\/ \u00c9 um novo dia\/ De um novo tempo\/ Que come\u00e7ou&#8230;\u201d. Contudo, a m\u00fasica da HBO Max tem uma continuidade diferente: \u201cHoje \u00e9 outra hist\u00f3ria\/ N\u00e3o tem mesmice\/ N\u00e3o tem clich\u00ea\/ E o her\u00f3i morre no final\u2026\u201d.<\/p>\n<p>A can\u00e7\u00e3o traz men\u00e7\u00f5es a produ\u00e7\u00f5es dispon\u00edveis no cat\u00e1logo da plataforma. A letra tamb\u00e9m faz outras provoca\u00e7\u00f5es \u00e0 Globo: \u201cHBO Max n\u00e3o tem clich\u00ea\/ \u00c9 outra hist\u00f3ria, \u00e9 pra valer\/ E se novela \u00e9 tudo igual\/ Voc\u00ea n\u00e3o viu Beleza Fatal\u201d.<\/p>\n<p>continua depois da publicidade<\/p>\n<p>+ <a href=\"https:\/\/natelinha.uol.com.br\/series\/2025\/12\/04\/apos-polemica-com-chaves-hbo-max-prepara-serie-sobre-seu-madruga-234762.php\" rel=\"nofollow noopener\" target=\"_blank\">Ap\u00f3s pol\u00eamica com Chaves, HBO Max prepara s\u00e9rie sobre Seu Madruga<\/a><\/p>\n<p><img decoding=\"async\" loading=\"lazy\" class=\"horizontal\" src=\"https:\/\/www.europesays.com\/pt\/wp-content\/uploads\/2025\/12\/beleza-fatal-lola-camila-pitanga_8476.jpeg\" alt=\"imagem-texto\"\/><\/p>\n<p>Ao longo de 2025, Globo e HBO Max trocaram provoca\u00e7\u00f5es, especialmente em rela\u00e7\u00e3o a <a href=\"https:\/\/natelinha.uol.com.br\/novelas\/beleza-fatal\" rel=\"nofollow noopener\" target=\"_blank\">Beleza Fatal<\/a>, sucesso\u00a0de popularidade entre janeiro e mar\u00e7o. Na trama, a vil\u00e3 Lola (Camila Pitanga) chegou a dizer que \u201ca TV aberta est\u00e1 morrendo\u201d, enquanto o streaming segue vivo.<\/p>\n<p>Em evento da Globo destinado ao mercado publicit\u00e1rio, em outubro, <a href=\"https:\/\/natelinha.uol.com.br\/famosos\/tudo-sobre\/eduardo-sterblitch\" rel=\"nofollow noopener\" target=\"_blank\">Eduardo Sterblitch<\/a> mencionou a audi\u00eancia da trama, chamando a produ\u00e7\u00e3o da\u00a0concorr\u00eancia\u00a0de &#8220;aquela novela com a Bebel da 25 de mar\u00e7o&#8221;. <a href=\"https:\/\/natelinha.uol.com.br\/televisao\/2025\/10\/14\/hbo-max-rebate-provocacao-da-globo-sobre-beleza-fatal-dificil-superar-o-novelao-do-ano-232605.php\" rel=\"nofollow noopener\" target=\"_blank\">Na \u00e9poca, a plataforma contra-atacou.<\/a><\/p>\n<p>continua depois da publicidade<\/p>\n<p><a href=\"https:\/\/natelinha.uol.com.br\/melhores-do-ano\/resultado\/2025\" rel=\"nofollow noopener\" target=\"_blank\">Em vota\u00e7\u00e3o realizada pelo NaTelinha<\/a>, Beleza Fatal foi eleita pelos leitores a melhor novela do ano. J\u00e1 M\u00e1scaras de Oxig\u00eanio N\u00e3o Cair\u00e3o Automaticamente, tamb\u00e9m da HBO Max, venceu como melhor s\u00e9rie.<\/p>\n<blockquote class=\"twitter-tweet\" data-lang=\"pt\" data-width=\"550\" width=\"550\"><p>\n\t\t\t\t\t\t\t\t\t<a href=\"https:\/\/twitter.com\/StreamMaxBR\/status\/1998042166082347210\" rel=\"nofollow noopener\" target=\"_blank\">StreamMaxBR<\/a>\n\t\t\t\t\t\t\t   <\/p><\/blockquote>\n<p>                    <script async src=\"https:\/\/platform.twitter.com\/widgets.js\" charset=\"utf-8\"><\/script><\/p>\n","protected":false},"excerpt":{"rendered":"A HBO Max divulgou nesta segunda-feira (8) um v\u00eddeo que ironiza a tradicional vinheta de fim de ano&hellip;\n","protected":false},"author":2,"featured_media":180484,"comment_status":"","ping_status":"","sticky":false,"template":"","format":"standard","meta":{"footnotes":""},"categories":[142],"tags":[3850,114,115,13085,753,1583,32,33,151],"class_list":{"0":"post-180483","1":"post","2":"type-post","3":"status-publish","4":"format-standard","5":"has-post-thumbnail","7":"category-tv","8":"tag-beleza-fatal","9":"tag-entertainment","10":"tag-entretenimento","11":"tag-giovanna-antonelli","12":"tag-globo","13":"tag-hbo-max","14":"tag-portugal","15":"tag-pt","16":"tag-tv"},"share_on_mastodon":{"url":"https:\/\/pubeurope.com\/@pt\/115685755884516925","error":""},"_links":{"self":[{"href":"https:\/\/www.europesays.com\/pt\/wp-json\/wp\/v2\/posts\/180483","targetHints":{"allow":["GET"]}}],"collection":[{"href":"https:\/\/www.europesays.com\/pt\/wp-json\/wp\/v2\/posts"}],"about":[{"href":"https:\/\/www.europesays.com\/pt\/wp-json\/wp\/v2\/types\/post"}],"author":[{"embeddable":true,"href":"https:\/\/www.europesays.com\/pt\/wp-json\/wp\/v2\/users\/2"}],"replies":[{"embeddable":true,"href":"https:\/\/www.europesays.com\/pt\/wp-json\/wp\/v2\/comments?post=180483"}],"version-history":[{"count":0,"href":"https:\/\/www.europesays.com\/pt\/wp-json\/wp\/v2\/posts\/180483\/revisions"}],"wp:featuredmedia":[{"embeddable":true,"href":"https:\/\/www.europesays.com\/pt\/wp-json\/wp\/v2\/media\/180484"}],"wp:attachment":[{"href":"https:\/\/www.europesays.com\/pt\/wp-json\/wp\/v2\/media?parent=180483"}],"wp:term":[{"taxonomy":"category","embeddable":true,"href":"https:\/\/www.europesays.com\/pt\/wp-json\/wp\/v2\/categories?post=180483"},{"taxonomy":"post_tag","embeddable":true,"href":"https:\/\/www.europesays.com\/pt\/wp-json\/wp\/v2\/tags?post=180483"}],"curies":[{"name":"wp","href":"https:\/\/api.w.org\/{rel}","templated":true}]}}