{"id":180487,"date":"2025-12-08T20:11:14","date_gmt":"2025-12-08T20:11:14","guid":{"rendered":"https:\/\/www.europesays.com\/pt\/180487\/"},"modified":"2025-12-08T20:11:14","modified_gmt":"2025-12-08T20:11:14","slug":"mais-de-sete-mil-visitas-realizadas-no-dia-d-de-combate-a-dengue-em-chapeco","status":"publish","type":"post","link":"https:\/\/www.europesays.com\/pt\/180487\/","title":{"rendered":"Mais de sete mil visitas realizadas no Dia D de combate \u00e0 dengue em Chapec\u00f3"},"content":{"rendered":"<p>A Prefeitura de Chapec\u00f3, por meio das equipes da secretaria Municipal de Sa\u00fade, realizou mais de sete mil visitas no s\u00e1bado (6), no \u00faltimo mutir\u00e3o do ano dentro das a\u00e7\u00f5es do Dia D de combate ao mosquito Aedes aegypti.<\/p>\n<p> Foram mobilizados 60 agentes de combate \u00e0s endemias, al\u00e9m de acad\u00eamicos e mais de 350 agentes comunit\u00e1rios de sa\u00fade, que atuaram diretamente junto \u00e0 popula\u00e7\u00e3o em diversas frentes de trabalho.<\/p>\n<p> No bairro Semin\u00e1rio foram 657 visitas realizadas, 907 dep\u00f3sitos inspecionados, 197 dep\u00f3sitos eliminados, 13 dep\u00f3sitos tratados, oito den\u00fancias, sete solicita\u00e7\u00f5es e quatro termos abertos. Foi realizado mutir\u00e3o de cadastramento e atualiza\u00e7\u00e3o de telefones e endere\u00e7os dos usu\u00e1rios do sistema de sa\u00fade; orienta\u00e7\u00f5es individuais sobre preven\u00e7\u00e3o da dengue; visitas \u00e0s resid\u00eancias de usu\u00e1rios n\u00e3o encontrados durante a semana, ampliando a oportunidade de contato no s\u00e1bado. <\/p>\n<p> O secret\u00e1rio Municipal de Sa\u00fade, Jo\u00e3o Lenz Neto, destacou que esse trabalho casa a casa \u00e9 muito importante para a preven\u00e7\u00e3o, pois mobiliza tamb\u00e9m as comunidades. Ele ressaltou que Chapec\u00f3 tem trabalhado o ano inteiro, utilizando diversas tecnologias, como o uso de drone, no apoio ao combate de focos do mosquito Aedes aegypti. <\/p>\n<p> A coordenadora da Vigil\u00e2ncia em Sa\u00fade Ambiental, Karina Giachini, disse que somente em 2025 foram realizados 22 mutir\u00f5es.<\/p>\n","protected":false},"excerpt":{"rendered":"A Prefeitura de Chapec\u00f3, por meio das equipes da secretaria Municipal de Sa\u00fade, realizou mais de sete mil&hellip;\n","protected":false},"author":2,"featured_media":180488,"comment_status":"","ping_status":"","sticky":false,"template":"","format":"standard","meta":{"footnotes":""},"categories":[86],"tags":[9854,9855,116,5231,32,3046,33,117,4077],"class_list":{"0":"post-180487","1":"post","2":"type-post","3":"status-publish","4":"format-standard","5":"has-post-thumbnail","7":"category-saude","8":"tag-chapeco","9":"tag-gestao","10":"tag-health","11":"tag-municipal","12":"tag-portugal","13":"tag-prefeitura","14":"tag-pt","15":"tag-saude","16":"tag-secretarias"},"share_on_mastodon":{"url":"https:\/\/pubeurope.com\/@pt\/115685771636981192","error":""},"_links":{"self":[{"href":"https:\/\/www.europesays.com\/pt\/wp-json\/wp\/v2\/posts\/180487","targetHints":{"allow":["GET"]}}],"collection":[{"href":"https:\/\/www.europesays.com\/pt\/wp-json\/wp\/v2\/posts"}],"about":[{"href":"https:\/\/www.europesays.com\/pt\/wp-json\/wp\/v2\/types\/post"}],"author":[{"embeddable":true,"href":"https:\/\/www.europesays.com\/pt\/wp-json\/wp\/v2\/users\/2"}],"replies":[{"embeddable":true,"href":"https:\/\/www.europesays.com\/pt\/wp-json\/wp\/v2\/comments?post=180487"}],"version-history":[{"count":0,"href":"https:\/\/www.europesays.com\/pt\/wp-json\/wp\/v2\/posts\/180487\/revisions"}],"wp:featuredmedia":[{"embeddable":true,"href":"https:\/\/www.europesays.com\/pt\/wp-json\/wp\/v2\/media\/180488"}],"wp:attachment":[{"href":"https:\/\/www.europesays.com\/pt\/wp-json\/wp\/v2\/media?parent=180487"}],"wp:term":[{"taxonomy":"category","embeddable":true,"href":"https:\/\/www.europesays.com\/pt\/wp-json\/wp\/v2\/categories?post=180487"},{"taxonomy":"post_tag","embeddable":true,"href":"https:\/\/www.europesays.com\/pt\/wp-json\/wp\/v2\/tags?post=180487"}],"curies":[{"name":"wp","href":"https:\/\/api.w.org\/{rel}","templated":true}]}}