{"id":180516,"date":"2025-12-08T20:37:11","date_gmt":"2025-12-08T20:37:11","guid":{"rendered":"https:\/\/www.europesays.com\/pt\/180516\/"},"modified":"2025-12-08T20:37:11","modified_gmt":"2025-12-08T20:37:11","slug":"globo-de-ouro-confirma-caminho-dificil-de-o-agente-secreto-08-12-2025-ilustrada","status":"publish","type":"post","link":"https:\/\/www.europesays.com\/pt\/180516\/","title":{"rendered":"Globo de Ouro confirma caminho dif\u00edcil de O Agente Secreto &#8211; 08\/12\/2025 &#8211; Ilustrada"},"content":{"rendered":"<p>Com dificuldade de pronunciar o sobrenome que \u00e9 t\u00e3o comum no Brasil, Marlon Wayans anunciou nesta segunda-feira (8) que <a href=\"https:\/\/www1.folha.uol.com.br\/folha-topicos\/wagner-moura\/\" rel=\"nofollow noopener\" target=\"_blank\">Wagner Moura<\/a> est\u00e1 indicado ao <a href=\"https:\/\/www1.folha.uol.com.br\/folha-topicos\/globo-de-ouro\/\" rel=\"nofollow noopener\" target=\"_blank\">Globo de Ouro<\/a> de melhor ator em filme de drama, na categoria que deve ter a maior probabilidade de uma vit\u00f3ria brasileira nesta edi\u00e7\u00e3o do pr\u00eamio.<\/p>\n<p>&#8220;<a href=\"https:\/\/www1.folha.uol.com.br\/folha-topicos\/o-agente-secreto\/\" rel=\"nofollow noopener\" target=\"_blank\">O Agente Secreto<\/a>&#8220;, que o baiano protagoniza, tamb\u00e9m <a href=\"https:\/\/www1.folha.uol.com.br\/ilustrada\/2025\/12\/globo-de-ouro-anuncia-indicados-em-cinema-e-tv-nesta-segunda-acompanhe.shtml\" rel=\"nofollow noopener\" target=\"\">foi indicado em melhor filme de l\u00edngua estrangeira e melhor filme de drama<\/a> \u2014este, um feito in\u00e9dito para o Brasil. Tamb\u00e9m \u00e9 a primeira vez que uma produ\u00e7\u00e3o nacional concorre a tr\u00eas categorias no pr\u00eamio. Ainda assim, o pa\u00eds ter\u00e1 uma competi\u00e7\u00e3o ferrenha nestas frentes.<\/p>\n<p>Ao mesmo tempo em que o an\u00fancio d\u00e1 g\u00e1s \u00e0 campanha do longa de <a href=\"https:\/\/www1.folha.uol.com.br\/folha-topicos\/kleber-mendonca-filho\/\" rel=\"nofollow noopener\" target=\"_blank\">Kleber Mendon\u00e7a Filho<\/a> na atual temporada de pr\u00eamios, ele tamb\u00e9m comprova que o caminho at\u00e9 a vit\u00f3ria, no Globo de Ouro e depois no <a href=\"https:\/\/www1.folha.uol.com.br\/folha-topicos\/oscar\/\" rel=\"nofollow noopener\" target=\"_blank\">Oscar<\/a>, ser\u00e1 \u00e1rduo.<\/p>\n<p>Distante de Leonardo DiCaprio e Timoth\u00e9e Chalamet, que competem na ala de com\u00e9dia ou musical por, respectivamente &#8220;Uma Batalha Ap\u00f3s a Outra&#8221; \u2014o campe\u00e3o de indica\u00e7\u00f5es, nove ao todo\u2014 e &#8220;Marty Supreme&#8221;, Moura tem \u00f3timas chances de <a href=\"https:\/\/www1.folha.uol.com.br\/ilustrada\/2025\/01\/fernanda-torres-vence-o-globo-de-ouro-de-melhor-atriz-por-ainda-estou-aqui.shtml\" rel=\"nofollow noopener\" target=\"\">repetir o feito de Fernanda Torres<\/a>. Mas o filme em si <a href=\"https:\/\/www1.folha.uol.com.br\/ilustrada\/2025\/12\/por-que-foi-apenas-um-acidente-e-grande-pedra-no-caminho-do-brasil-ao-oscar.shtml\" rel=\"nofollow noopener\" target=\"\">esbarra em &#8220;Foi Apenas Um Acidente&#8221; e &#8220;Valor Sentimental&#8221;<\/a>, que representam Fran\u00e7a e Noruega.<\/p>\n<p>O favoritismo dos dois \u00e9 comprovado por uma simples conta matem\u00e1tica. O primeiro, do iraniano <a href=\"https:\/\/www1.folha.uol.com.br\/ilustrada\/2025\/10\/a-violencia-precisa-acabar-diz-jafar-panahi-premiado-em-cannes-sobre-o-ira.shtml\" rel=\"nofollow noopener\" target=\"\">Jafar Panahi<\/a>, aparece em quatro categorias, enquanto o segundo, do noruegu\u00eas Joachim Trier, soma oito indica\u00e7\u00f5es \u2014ambos entraram nas listas de melhor dire\u00e7\u00e3o e melhor roteiro, e o longa de Trier se destacou ainda pelas interpreta\u00e7\u00f5es de Renate Reinsve, Stellan Skarsgard, Elle Fanning e Inga Ibsdotter Lilleaas.<\/p>\n<p>\u00c9 um sinal importante de que os votantes est\u00e3o mais inclinados, ao menos por agora, a eleger um dos dois como o melhor longa em l\u00edngua estrangeira da temporada. Em filme de drama, concorrem ainda &#8220;Frankenstein&#8221;, &#8220;Hamnet&#8221; e &#8220;Pecadores&#8221;.<\/p>\n<p>Numa vis\u00e3o ampla da temporada, j\u00e1 pensando no Oscar, n\u00e3o se pode esquecer de &#8220;No Other Choice&#8221;, do coreano Park Chan-wook, que repete as indica\u00e7\u00f5es de &#8220;O Agente Secreto&#8221;, mas em com\u00e9dia \u2013portanto, est\u00e1 indicado em melhor filme e ator do g\u00eanero, pelo trabalho de Lee Byung-hun, e filme em l\u00edngua estrangeira.<\/p>\n<p>Completam a sele\u00e7\u00e3o de filme de com\u00e9dia ou musical &#8220;Marty Supreme&#8221;, &#8220;Bugonia&#8221;, &#8220;Blue Moon&#8221;, &#8220;Nouvelle Vague&#8221; e &#8220;Uma Batalha Ap\u00f3s a Outra&#8221;.<\/p>\n<p>H\u00e1 muito caminho separando as indica\u00e7\u00f5es de agora e as cerim\u00f4nias \u2014a do Globo de Ouro acontece em 11 de janeiro e a do Oscar, apenas em 15 de mar\u00e7o\u2014, ent\u00e3o espere uma campanha parruda e determinada por parte de Mendon\u00e7a Filho, que tem boa entrada com os votantes europeus dos pr\u00eamios, e de Moura, que j\u00e1 \u00e9 rosto querido entre os americanos.<\/p>\n<p>Chegar forte desta forma na temporada \u00e9 uma vit\u00f3ria para o <a href=\"https:\/\/www1.folha.uol.com.br\/folha-topicos\/cinema\/\" rel=\"nofollow noopener\" target=\"_blank\">cinema<\/a> nacional, que por dois anos seguidos mostra a sua for\u00e7a e a sua diversidade, mesmo com menos recursos que os europeus \u2014foi a Fran\u00e7a, vale lembrar, que <a href=\"https:\/\/www1.folha.uol.com.br\/ilustrada\/2025\/01\/ainda-estou-aqui-perde-o-globo-de-ouro-de-melhor-filme-em-lingua-estrangeira.shtml\" rel=\"nofollow noopener\" target=\"\">ficou com o Globo de Ouro de filme estrangeiro do ano passado<\/a>, por &#8220;Emilia P\u00e9rez&#8221;.<\/p>\n<p>A atual safra de longas estrangeiros \u00e9 ainda mais robusta que a anterior, e &#8220;O Agente Secreto&#8221; passou na frente de outras produ\u00e7\u00f5es interessant\u00edssimas que jogaram o cinema americano para coadjuvante em 2025.<\/p>\n<p>Por mais que os estrangeiros estejam dominando as rodas de conversa cin\u00e9filas, por\u00e9m, o Globo de Ouro, associa\u00e7\u00e3o formada por jornalistas e cr\u00edticos internacionais, escalou dois apresentadores que n\u00e3o pareciam estar nem um pouco familiarizados com os nomes internacionais dos quais tanto se fala.<\/p>\n<p>Numa transmiss\u00e3o que foi, no m\u00ednimo, desajeitada, Marlon Wayans sofreu para pronunciar nomes como os atrelados a &#8220;Guerreiras do K-Pop&#8221; e t\u00edtulos como o da anima\u00e7\u00e3o belga &#8220;Little Am\u00e9lie or the Character of Rain&#8221;, deixando a experi\u00eancia para quem acompanhava confusa. \u00c9 um recado de que os pr\u00eamios americanos podem at\u00e9 ter aberto suas portas, mas que <a href=\"https:\/\/www1.folha.uol.com.br\/folha-topicos\/hollywood\/\" rel=\"nofollow noopener\" target=\"_blank\">Hollywood<\/a> continua autocentrada.<\/p>\n<p>Outra prova disso \u00e9 a ala televisiva do Globo de Ouro. Se entre os filmes os estrangeiros j\u00e1 fincaram sua bandeira, nas <a href=\"https:\/\/www1.folha.uol.com.br\/folha-topicos\/series\/\" rel=\"nofollow noopener\" target=\"_blank\">s\u00e9ries<\/a> a hist\u00f3ria \u00e9 diferente. Ali, os americanos dominam com tranquilidade, deixando um espa\u00e7o ou outro para os brit\u00e2nicos.<\/p>\n<p>Em s\u00e9rie de drama, foram indicadas &#8220;A Diplomata&#8221;, &#8220;Ruptura&#8221;, &#8220;Slow Horses&#8221;, &#8220;The White Lotus&#8221;, &#8220;The Pitt&#8221; e &#8220;Pluribus&#8221; \u2013as duas \u00faltimas, novatas, devem protagonizar um bom embate\u2013, enquanto em com\u00e9dia foram selecionadas &#8220;Abbott Elementary&#8221;, &#8220;O Urso&#8221;, &#8220;Hacks&#8221;, &#8220;Ningu\u00e9m Quer&#8221;, &#8220;Only Murders in the Building&#8221; e &#8220;O Est\u00fadio&#8221; \u2013esta, favorita, comprova o bom momento de renova\u00e7\u00e3o.<\/p>\n<p>Entre as miniss\u00e9ries, a Netflix sai em disparada com &#8220;Adolesc\u00eancia&#8221;, mas ter\u00e1 que enfrentar &#8220;All Her Fault&#8221;, &#8220;Morrendo por Sexo&#8221; e &#8220;The Girlfriend&#8221;. A gigante tamb\u00e9m concorre com &#8220;Black Mirror&#8221; e &#8220;O Monstro em Mim&#8221;. Mais uma vez, nenhuma grande surpresa.<\/p>\n<p>Com as indica\u00e7\u00f5es do Globo de Ouro, na ala cinematogr\u00e1fica, confirmando os rumos da atual temporada de pr\u00eamios, o brasileiro pode se preparar para repetir o clima de Copa do Mundo e refazer o Carnaval cin\u00e9filo, como aquele inspirado em Fernanda Torres e &#8220;Ainda Estou Aqui&#8221; \u2014agora, com Wagner Moura como porta-bandeira.<\/p>\n","protected":false},"excerpt":{"rendered":"Com dificuldade de pronunciar o sobrenome que \u00e9 t\u00e3o comum no Brasil, Marlon Wayans anunciou nesta segunda-feira (8)&hellip;\n","protected":false},"author":2,"featured_media":180517,"comment_status":"","ping_status":"","sticky":false,"template":"","format":"standard","meta":{"footnotes":""},"categories":[145],"tags":[211,210,470,6724,114,115,236,19262,2595,2153,2158,32,33,941,940,218,12348],"class_list":{"0":"post-180516","1":"post","2":"type-post","3":"status-publish","4":"format-standard","5":"has-post-thumbnail","7":"category-celebridades","8":"tag-celebridades","9":"tag-celebrities","10":"tag-cinema","11":"tag-cinema-brasileiro","12":"tag-entertainment","13":"tag-entretenimento","14":"tag-folha","15":"tag-globo-de-ouro","16":"tag-hollywood","17":"tag-kleber-mendonca-filho","18":"tag-o-agente-secreto","19":"tag-portugal","20":"tag-pt","21":"tag-series","22":"tag-streaming","23":"tag-televisao","24":"tag-wagner-moura"},"share_on_mastodon":{"url":"https:\/\/pubeurope.com\/@pt\/115685874309664854","error":""},"_links":{"self":[{"href":"https:\/\/www.europesays.com\/pt\/wp-json\/wp\/v2\/posts\/180516","targetHints":{"allow":["GET"]}}],"collection":[{"href":"https:\/\/www.europesays.com\/pt\/wp-json\/wp\/v2\/posts"}],"about":[{"href":"https:\/\/www.europesays.com\/pt\/wp-json\/wp\/v2\/types\/post"}],"author":[{"embeddable":true,"href":"https:\/\/www.europesays.com\/pt\/wp-json\/wp\/v2\/users\/2"}],"replies":[{"embeddable":true,"href":"https:\/\/www.europesays.com\/pt\/wp-json\/wp\/v2\/comments?post=180516"}],"version-history":[{"count":0,"href":"https:\/\/www.europesays.com\/pt\/wp-json\/wp\/v2\/posts\/180516\/revisions"}],"wp:featuredmedia":[{"embeddable":true,"href":"https:\/\/www.europesays.com\/pt\/wp-json\/wp\/v2\/media\/180517"}],"wp:attachment":[{"href":"https:\/\/www.europesays.com\/pt\/wp-json\/wp\/v2\/media?parent=180516"}],"wp:term":[{"taxonomy":"category","embeddable":true,"href":"https:\/\/www.europesays.com\/pt\/wp-json\/wp\/v2\/categories?post=180516"},{"taxonomy":"post_tag","embeddable":true,"href":"https:\/\/www.europesays.com\/pt\/wp-json\/wp\/v2\/tags?post=180516"}],"curies":[{"name":"wp","href":"https:\/\/api.w.org\/{rel}","templated":true}]}}