{"id":180518,"date":"2025-12-08T20:38:13","date_gmt":"2025-12-08T20:38:13","guid":{"rendered":"https:\/\/www.europesays.com\/pt\/180518\/"},"modified":"2025-12-08T20:38:13","modified_gmt":"2025-12-08T20:38:13","slug":"estamos-a-criar-uma-ilusao-para-nos-proprios-fotografo-mostra-como-os-seres-humanos-perderam-o-contacto-com-a-natureza","status":"publish","type":"post","link":"https:\/\/www.europesays.com\/pt\/180518\/","title":{"rendered":"&#8220;Estamos a criar uma ilus\u00e3o para n\u00f3s pr\u00f3prios&#8221;. Fot\u00f3grafo mostra como os seres humanos perderam o contacto com a natureza"},"content":{"rendered":"<p style=\"margin-bottom:11px\">Zed Nelson repara na pintura na parede atr\u00e1s de mim quase assim que come\u00e7amos a nossa entrevista.<\/p>\n<p>\u201c\u00c9 perfeita\u201d, diz.<\/p>\n<p>A tela retrata um tigre adormecido deitado sobre uma almofada de veludo, flutuando entre folhas e flores em tons pastel. O fot\u00f3grafo londrino n\u00e3o se refere a \u201cperfeita\u201d no sentido de \u201cpintada com maestria\u201d, mas sim como a met\u00e1fora perfeita para a rela\u00e7\u00e3o idealizada e antropoc\u00eantrica que cultivamos com a natureza.<\/p>\n<p>A pintura lembra-lhe outra obra de arte, \u2018Um jovem tigre a brincar com a sua m\u00e3e\u2019, do artista rom\u00e2ntico franc\u00eas Eugene Delacroix, que usou um tigre em cativeiro num jardim zool\u00f3gico e o seu gato de estima\u00e7\u00e3o como modelos.<\/p>\n<p>\u201cO movimento rom\u00e2ntico na pintura come\u00e7ou com o div\u00f3rcio humano do mundo natural. \u00c0 medida que nos afast\u00e1mos da natureza e ela afastou-se da nossa imagina\u00e7\u00e3o, recri\u00e1mos estas vers\u00f5es hiper-rom\u00e2nticas da natureza\u201d, diz Zed Nelson.<\/p>\n<p>Essa \u00e9 a tese central do seu mais recente projeto,<a href=\"https:\/\/guesteditions.com\/products\/the-anthropocene-illusion-zed-nelson\" rel=\"nofollow noopener\" target=\"_blank\"> \u2018The Anthropocene Illusion\u2019 <\/a>(A Ilus\u00e3o do Antropoceno, numa tradu\u00e7\u00e3o livre para portugu\u00eas), que lhe rendeu o pr\u00e9mio de <a href=\"https:\/\/www.sony.co.uk\/presscentre\/sony-world-photography-awards-overall-winners-2025-announced\" rel=\"nofollow noopener\" target=\"_blank\">Fot\u00f3grafo do Ano<\/a>, no <a href=\"https:\/\/www.worldphoto.org\/\" rel=\"nofollow noopener\" target=\"_blank\">Sony World Photography Awards 2025<\/a>. Capturadas em 14 pa\u00edses e quatro continentes ao longo de seis anos, as imagens mostram a natureza tal como imaginada pelos seres humanos: habitats encenados em jardins zool\u00f3gicos, pistas de ski artificiais, florestas tropicais internas e praias artificiais.<\/p>\n<p> <img loading=\"lazy\" decoding=\"async\" alt=\"\" height=\"400\" src=\"https:\/\/www.europesays.com\/pt\/wp-content\/uploads\/2025\/12\/69286a89d34e2bd5c6d47f80.webp\" width=\"600\"\/> <\/p>\n<p>   \u201cThe Anthropocene Illusion\u201d, de Zed Nelson, publicado pela Guest Editions. (Zed Nelson\/Instituto) <\/p>\n<p>\u00a0<\/p>\n<p>No projeto anterior, \u2018Love Me\u2019, Zed Nelson explorou a homogeneiza\u00e7\u00e3o dos padr\u00f5es de beleza. \u201cH\u00e1 um certo eco disso aqui. \u00c9 sobre como essa vers\u00e3o artificial e idealizada da natureza est\u00e1 a ser (quer dizer, eu gostaria de dizer) vendida de volta a n\u00f3s, mas n\u00f3s tamb\u00e9m somos participantes volunt\u00e1rios disso\u201d, explica Zed Nelson.<\/p>\n<p>\u201cEnquanto destru\u00edmos a coisa real, parecemos estar a criar vers\u00f5es cada vez mais artificiais ou coreografadas e curadas da natureza\u201d.<\/p>\n<p>\u00c9 essa \u201cdesconex\u00e3o psicol\u00f3gica\u201d que Zed Nelson est\u00e1 mais interessado em expor. A cole\u00e7\u00e3o \u00e9 igualmente ir\u00f3nica (um membro da tribo Maasai a posar ao lado de uma manta de piquenique para um brunch com champanhe \u2018Out of Africa\u2019, no Qu\u00e9nia) e dist\u00f3pica (uma crian\u00e7a empoleirada numa rocha de fibra de vidro numa praia na maior floresta tropical interior do mundo, com a tela do c\u00e9u ligeiramente rasgada atr\u00e1s dela).<\/p>\n<p>\u201cIsso \u00e9 muito ao estilo do Truman Show. Ele foi at\u00e9 ao limite desse mundo artificial\u201d, diz Nelson sobre a foto.<\/p>\n<p>Mais do que tudo, por\u00e9m, h\u00e1 um sentimento de tristeza que permeia a cole\u00e7\u00e3o: dioramas taxidermizados de esp\u00e9cies amea\u00e7adas de extin\u00e7\u00e3o em museus; cardumes de peixes vibrantes a nadar em aqu\u00e1rios escuros com tubos de pl\u00e1stico; elefantes em cativeiro levados a um local de banho para o benef\u00edcio de um bando de influenciadores do Instagram; um urso polar enjaulado agachado ao lado de um mural que retrata uma paisagem \u00e1rtica que ele nunca vai conhecer.<\/p>\n<p>\u201cO que substitu\u00edmos pela natureza real torna-se, na verdade, um monumento involunt\u00e1rio ao que perdemos\u201d, observa o fot\u00f3grafo.<\/p>\n<p> <img loading=\"lazy\" decoding=\"async\" alt=\"\" height=\"491\" src=\"https:\/\/www.europesays.com\/pt\/wp-content\/uploads\/2025\/12\/69286a89d34e3caad84bc72c.webp\" width=\"600\"\/> <\/p>\n<p>   Parque de Animais Selvagens de Xangai. China. (Zed Nelson\/Instituto) <\/p>\n<p>\u00a0<\/p>\n<p>Sombrio, mas belo <\/p>\n<p>O termo <a href=\"https:\/\/www.nhm.ac.uk\/discover\/what-is-the-anthropocene.html\" rel=\"nofollow noopener\" target=\"_blank\">\u201cAntropoceno\u201d<\/a> refere-se \u00e0 <a href=\"https:\/\/dictionary.cambridge.org\/dictionary\/english\/anthropocene\" rel=\"nofollow noopener\" target=\"_blank\">era dos seres humanos<\/a>. N\u00e3o \u00e9 uma<a href=\"https:\/\/education.nationalgeographic.org\/resource\/anthropocene\/\" rel=\"nofollow noopener\" target=\"_blank\"> \u00e9poca oficial<\/a>, ainda. Mas Zed Nelson acredita firmemente que, nos pr\u00f3ximos anos, a sociedade atual vai marcar o in\u00edcio dessa nova era, evidente nos n\u00edveis elevados de di\u00f3xido de carbono proveniente de combust\u00edveis f\u00f3sseis, na abund\u00e2ncia de <a href=\"https:\/\/www.cnn.com\/2019\/08\/15\/world\/microplastics-arctic-snow-alps-study-scr-trnd\" rel=\"nofollow noopener\" target=\"_blank\">micropl\u00e1sticos<\/a> e nas camadas de cimento e alcatr\u00e3o.<\/p>\n<p>\u201cA utilidade de renomear uma \u00e9poca, neste caso, seria chamar a aten\u00e7\u00e3o das pessoas para o nosso impacto no planeta\u201d, diz Zed Nelson. Na sua opini\u00e3o, \u201ca linguagem da (a\u00e7\u00e3o ambiental) tornou-se um pouco cansativa ou obsoleta. Fica-se meio imune a ela\u201d.<\/p>\n<p>O fot\u00f3grafo queria combater essa apatia coletiva com imagens que \u201cnos fazem pensar ou sentir de forma diferente\u201d.<\/p>\n<p>Sombrias, mas belas, as fotos dele revelam um paradoxo.<\/p>\n<p>Menos de 3% da terra do Mundo permanece ecologicamente intacta, de acordo com <a href=\"https:\/\/www.cnn.com\/2021\/04\/15\/world\/intact-ecosystems-report-intl\" rel=\"nofollow noopener\" target=\"_blank\">um estudo de 2021<\/a>, mas o turismo baseado na natureza e a arquitetura biof\u00edlica, uma <a href=\"https:\/\/www.ube.ac.uk\/whats-happening\/articles\/biophilia-examples-built-environment\/\" rel=\"nofollow noopener\" target=\"_blank\">filosofia de design<\/a> que imita a natureza, est\u00e3o a ganhar popularidade. As popula\u00e7\u00f5es globais de vida selvagem ca\u00edram em m\u00e9dia <a href=\"https:\/\/www.worldwildlife.org\/press-releases\/catastrophic-73-decline-in-the-average-size-of-global-wildlife-populations-in-just-50-years-reveals-a-system-in-peril\" rel=\"nofollow noopener\" target=\"_blank\">73% nos \u00faltimos 50 anos<\/a>. Entretanto, h\u00e1 <a href=\"https:\/\/www.worldwildlife.org\/projects\/phasing-out-tiger-farms\" rel=\"nofollow noopener\" target=\"_blank\">mais tigres em cativeiro<\/a> do que na natureza, globalmente.<\/p>\n<p>As camadas de gelo do \u00c1rtico est\u00e3o a caminho de um \u201c<a href=\"https:\/\/www.cnn.com\/2025\/05\/20\/climate\/ice-sheets-sea-level-rise\" rel=\"nofollow noopener\" target=\"_blank\">derretimento descontrolado\u201d<\/a> catastr\u00f3fico, que pode provocar o aumento do n\u00edvel do mar e devastar as comunidades costeiras. Mas, ao mesmo tempo, os bares de cocktails no Dubai est\u00e3o a importar <a href=\"https:\/\/www.cnn.com\/2024\/03\/01\/climate\/greenland-arctic-ice-shipping-cocktails\" rel=\"nofollow noopener\" target=\"_blank\">gelo antigo das geleiras da Gronel\u00e2ndia<\/a> para oferecer bebidas livres de polui\u00e7\u00e3o aos ricos.<\/p>\n<p>\u201cEstamos empenhados em criar uma ilus\u00e3o para n\u00f3s pr\u00f3prios. Seja para esconder o que estamos a fazer, seja como algo em que nos podemos refugiar para nos sentirmos seguros, porque ansiamos precisamente aquilo que perdemos\u201d, afirma Zed Nelson.<\/p>\n<p> <img loading=\"lazy\" decoding=\"async\" alt=\"\" height=\"489\" src=\"https:\/\/www.europesays.com\/pt\/wp-content\/uploads\/2025\/12\/69286a89d34e2bd5c6d47f82.webp\" width=\"600\"\/> <\/p>\n<p>   Canh\u00e3o de neve a produzir neve artificial na esta\u00e7\u00e3o de esqui Dolomites, It\u00e1lia.\u00a0(Zed Nelson\/Instituto) <\/p>\n<p>Tornar o &#8220;invis\u00edvel&#8221; vis\u00edvel <\/p>\n<p>Existe um espectro de ilus\u00f5es, que vai desde paisagens exteriores controladas a cen\u00e1rios artificiais que simplesmente evocam a ideia da natureza.<\/p>\n<p>Zed Nelson compara isso ao fast food: \u201cN\u00e3o queremos cultivar e preparar. S\u00f3 queremos que nos entreguem sem espinhos, sem perigo, com uma bela passarela no estacionamento. Queremos consumir e depois voltar para casa. Somos c\u00famplices disso\u201d.<\/p>\n<p>Apesar das cr\u00edticas \u00e0s qualidades \u201cconsumistas\u201d das experi\u00eancias naturais fabricadas de hoje, Nelson enfatiza que n\u00e3o \u00e9 necessariamente contra nenhuma dessas coisas: as pessoas devem desfrutar de safaris, ficar maravilhadas com aqu\u00e1rios, aproveitar o tempo em num parque local e n\u00e3o \u201cse destru\u00edrem com culpa\u201d.<\/p>\n<p>\u201cTemos esse desejo duradouro pela natureza, por uma conex\u00e3o com o mundo natural. Isso \u00e9 real\u201d, observa.<\/p>\n<p>H\u00e1 um limite para o que o indiv\u00edduo pode fazer: o tipo de mudan\u00e7a radical necess\u00e1ria para proteger o ambiente precisa de vir de grandes corpora\u00e7\u00f5es e l\u00edderes pol\u00edticos, o que, na opini\u00e3o de Zed Nelson, est\u00e1 a faltar.<\/p>\n<p>\u201c\u00c9 importante lembrarmo-nos que n\u00e3o \u00e9 que n\u00e3o tenhamos ideias sobre o que pode ser feito\u201d, diz, enumerando uma longa lista de pol\u00edticas ambientais que poderiam mudar o curso das altera\u00e7\u00f5es clim\u00e1ticas.<\/p>\n<p>Talvez este livro, com a forte justaposi\u00e7\u00e3o entre a vida selvagem surpreendente e a interfer\u00eancia humana, possa ser um lembrete de como controlamos o mundo, com o poder de remodel\u00e1-lo \u00e0 nossa imagem ou proteger e restaurar as paisagens com as quais nos sentimos t\u00e3o conectados.<\/p>\n<p>\u201cQuando estamos rodeados por algo em excesso, isso pode tornar-se totalmente invis\u00edvel\u201d, diz Zed Nelson. \u201cA fotografia \u00e9 uma forma de tentar torn\u00e1-lo vis\u00edvel novamente, tentando exp\u00f4-lo pelo que realmente \u00e9\u201d.<\/p>\n<p>Depois de terminar a chamada, n\u00e3o consigo deixar de ver a ilus\u00e3o do Antropoceno na minha casa. N\u00e3o \u00e9 apenas o tigre antropom\u00f3rfico na parede. \u00c9 uma l\u00e2mpada de sal-gema do Himalaia, uma planta monstera de pl\u00e1stico e cravos de papel. Um jarro de cer\u00e2mica em forma de cacatua ao lado de velas com aroma de pinho e um abridor de garrafas de alum\u00ednio em forma de \u2018fatia de lim\u00e3o\u2019. Almofadas com estampas florais e uma manta com tema da selva.<\/p>\n<p>\u00c9 dif\u00edcil esquecer as palavras de Zed Nelson sobre a nossa cumplicidade coletiva. A nossa disposi\u00e7\u00e3o de participar na reconstru\u00e7\u00e3o do mundo natural, em vez de salv\u00e1-lo.<\/p>\n","protected":false},"excerpt":{"rendered":"Zed Nelson repara na pintura na parede atr\u00e1s de mim quase assim que come\u00e7amos a nossa entrevista. \u201c\u00c9&hellip;\n","protected":false},"author":2,"featured_media":180519,"comment_status":"","ping_status":"","sticky":false,"template":"","format":"standard","meta":{"footnotes":""},"categories":[144],"tags":[609,836,611,207,205,206,203,201,202,27,2271,607,608,333,832,604,204,135,610,476,114,115,327,301,830,603,570,831,833,62,1009,834,13,835,602,52,32,33,29,36984],"class_list":{"0":"post-180518","1":"post","2":"type-post","3":"status-publish","4":"format-standard","5":"has-post-thumbnail","7":"category-arte-e-design","8":"tag-alerta","9":"tag-analise","10":"tag-ao-minuto","11":"tag-arte","12":"tag-arte-e-design","13":"tag-artedesign","14":"tag-arts","15":"tag-arts-and-design","16":"tag-artsanddesign","17":"tag-breaking-news","18":"tag-clima","19":"tag-cnn","20":"tag-cnn-portugal","21":"tag-comentadores","22":"tag-costa","23":"tag-crime","24":"tag-design","25":"tag-desporto","26":"tag-direto","27":"tag-economia","28":"tag-entertainment","29":"tag-entretenimento","30":"tag-fotografo","31":"tag-governo","32":"tag-guerra","33":"tag-justica","34":"tag-live","35":"tag-mais-vistas","36":"tag-marcelo","37":"tag-mundo","38":"tag-natureza","39":"tag-negocios","40":"tag-noticias","41":"tag-opiniao","42":"tag-pais","43":"tag-politica","44":"tag-portugal","45":"tag-pt","46":"tag-ultimas","47":"tag-zed-nelson"},"share_on_mastodon":{"url":"","error":"Validation failed: Text character limit of 500 exceeded"},"_links":{"self":[{"href":"https:\/\/www.europesays.com\/pt\/wp-json\/wp\/v2\/posts\/180518","targetHints":{"allow":["GET"]}}],"collection":[{"href":"https:\/\/www.europesays.com\/pt\/wp-json\/wp\/v2\/posts"}],"about":[{"href":"https:\/\/www.europesays.com\/pt\/wp-json\/wp\/v2\/types\/post"}],"author":[{"embeddable":true,"href":"https:\/\/www.europesays.com\/pt\/wp-json\/wp\/v2\/users\/2"}],"replies":[{"embeddable":true,"href":"https:\/\/www.europesays.com\/pt\/wp-json\/wp\/v2\/comments?post=180518"}],"version-history":[{"count":0,"href":"https:\/\/www.europesays.com\/pt\/wp-json\/wp\/v2\/posts\/180518\/revisions"}],"wp:featuredmedia":[{"embeddable":true,"href":"https:\/\/www.europesays.com\/pt\/wp-json\/wp\/v2\/media\/180519"}],"wp:attachment":[{"href":"https:\/\/www.europesays.com\/pt\/wp-json\/wp\/v2\/media?parent=180518"}],"wp:term":[{"taxonomy":"category","embeddable":true,"href":"https:\/\/www.europesays.com\/pt\/wp-json\/wp\/v2\/categories?post=180518"},{"taxonomy":"post_tag","embeddable":true,"href":"https:\/\/www.europesays.com\/pt\/wp-json\/wp\/v2\/tags?post=180518"}],"curies":[{"name":"wp","href":"https:\/\/api.w.org\/{rel}","templated":true}]}}