{"id":180537,"date":"2025-12-08T20:57:12","date_gmt":"2025-12-08T20:57:12","guid":{"rendered":"https:\/\/www.europesays.com\/pt\/180537\/"},"modified":"2025-12-08T20:57:12","modified_gmt":"2025-12-08T20:57:12","slug":"fc-porto-ve-jogos-das-16-a-e-17-a-jornadas-reagendados","status":"publish","type":"post","link":"https:\/\/www.europesays.com\/pt\/180537\/","title":{"rendered":"FC Porto v\u00ea jogos das 16.\u00aa e 17.\u00aa jornadas reagendados"},"content":{"rendered":"<p>                Inicialmente marcado para 27 de dezembro, o encontro FC Porto-AFS foi reagendado para dois dias depois (29 de dezembro), \u00e0s 20h15, trocando com o jogo Estoril Praia-Alverca, que passou para as 20h30 de 27 de dezembro.<\/p>\n<p>Para a 17.\u00aa jornada, o Santa Clara-FC Porto, previsto para 02 de janeiro, passou para 04 de janeiro, \u00e0s 18h00 locais (19h00 em Lisboa), e o Rio Ave-Casa Pia passou de 03 de janeiro para 04 de janeiro, \u00e0s 15h30, enquanto o Tondela-Arouca passou de 04 de janeiro para o dia anterior, \u00e0s 15h30.&#13;\n            <\/p>\n","protected":false},"excerpt":{"rendered":"Inicialmente marcado para 27 de dezembro, o encontro FC Porto-AFS foi reagendado para dois dias depois (29 de&hellip;\n","protected":false},"author":2,"featured_media":180538,"comment_status":"","ping_status":"","sticky":false,"template":"","format":"standard","meta":{"footnotes":""},"categories":[87],"tags":[135,13,32,33,420,421,134],"class_list":{"0":"post-180537","1":"post","2":"type-post","3":"status-publish","4":"format-standard","5":"has-post-thumbnail","7":"category-desporto","8":"tag-desporto","9":"tag-noticias","10":"tag-portugal","11":"tag-pt","12":"tag-rtp","13":"tag-rtp-noticias","14":"tag-sports"},"share_on_mastodon":{"url":"https:\/\/pubeurope.com\/@pt\/115685952738651000","error":""},"_links":{"self":[{"href":"https:\/\/www.europesays.com\/pt\/wp-json\/wp\/v2\/posts\/180537","targetHints":{"allow":["GET"]}}],"collection":[{"href":"https:\/\/www.europesays.com\/pt\/wp-json\/wp\/v2\/posts"}],"about":[{"href":"https:\/\/www.europesays.com\/pt\/wp-json\/wp\/v2\/types\/post"}],"author":[{"embeddable":true,"href":"https:\/\/www.europesays.com\/pt\/wp-json\/wp\/v2\/users\/2"}],"replies":[{"embeddable":true,"href":"https:\/\/www.europesays.com\/pt\/wp-json\/wp\/v2\/comments?post=180537"}],"version-history":[{"count":0,"href":"https:\/\/www.europesays.com\/pt\/wp-json\/wp\/v2\/posts\/180537\/revisions"}],"wp:featuredmedia":[{"embeddable":true,"href":"https:\/\/www.europesays.com\/pt\/wp-json\/wp\/v2\/media\/180538"}],"wp:attachment":[{"href":"https:\/\/www.europesays.com\/pt\/wp-json\/wp\/v2\/media?parent=180537"}],"wp:term":[{"taxonomy":"category","embeddable":true,"href":"https:\/\/www.europesays.com\/pt\/wp-json\/wp\/v2\/categories?post=180537"},{"taxonomy":"post_tag","embeddable":true,"href":"https:\/\/www.europesays.com\/pt\/wp-json\/wp\/v2\/tags?post=180537"}],"curies":[{"name":"wp","href":"https:\/\/api.w.org\/{rel}","templated":true}]}}