{"id":180539,"date":"2025-12-08T20:58:09","date_gmt":"2025-12-08T20:58:09","guid":{"rendered":"https:\/\/www.europesays.com\/pt\/180539\/"},"modified":"2025-12-08T20:58:09","modified_gmt":"2025-12-08T20:58:09","slug":"nova-variante-da-mpox-e-descoberta-na-inglaterra-08-12-2025-equilibrio-e-saude","status":"publish","type":"post","link":"https:\/\/www.europesays.com\/pt\/180539\/","title":{"rendered":"Nova variante da mpox \u00e9 descoberta na Inglaterra &#8211; 08\/12\/2025 &#8211; Equil\u00edbrio e Sa\u00fade"},"content":{"rendered":"<p>A Ag\u00eancia de Seguran\u00e7a Sanit\u00e1ria do <a href=\"https:\/\/www1.folha.uol.com.br\/folha-topicos\/reino-unido\/\" rel=\"nofollow noopener\" target=\"\">Reino Unido<\/a> indicou nesta segunda-feira (8) que uma nova variante da <a href=\"https:\/\/www1.folha.uol.com.br\/folha-topicos\/variola-dos-macacos\/\" rel=\"nofollow noopener\" target=\"\">mpox<\/a> foi identificada na <a href=\"https:\/\/www1.folha.uol.com.br\/folha-topicos\/inglaterra\/\" rel=\"nofollow noopener\" target=\"\">Inglaterra<\/a> em uma pessoa que viajou recentemente \u00e0 <a href=\"https:\/\/www1.folha.uol.com.br\/folha-topicos\/asia\/\" rel=\"nofollow noopener\" target=\"\">\u00c1sia<\/a>.<\/p>\n<p>A ag\u00eancia continua avaliando a import\u00e2ncia dessa variante, que apresenta elementos dos dois subtipos da mpox: o clado 1, mais grave, e o clado 2.<\/p>\n<p>A mpox \u00e9 causada por um v\u00edrus da mesma fam\u00edlia que o da <a href=\"https:\/\/www1.folha.uol.com.br\/equilibrioesaude\/2022\/06\/sao-paulo-confirma-1o-caso-de-variola-dos-macacos-no-brasil.shtml\" rel=\"nofollow noopener\" target=\"\">var\u00edola<\/a>. Ela se manifesta principalmente com febre alta e a apari\u00e7\u00e3o de les\u00f5es cut\u00e2neas, e pode ser mortal.<\/p>\n<p>&#8220;Nossos testes gen\u00f4micos nos permitiram detectar essa nova variante da mpox&#8221;, indicou em um comunicado Katy Sinka, respons\u00e1vel por infec\u00e7\u00f5es de transmiss\u00e3o sexual da ag\u00eancia.<\/p>\n<p>&#8220;Embora a infec\u00e7\u00e3o pelo v\u00edrus mpox seja benigna para muitos, pode ser grave&#8221;, destacou Katy Sinka, recordando que a vacina\u00e7\u00e3o \u00e9 uma forma eficaz de se proteger contra as formas graves da doen\u00e7a.<\/p>\n<p>Em setembro, o diretor-geral da <a href=\"https:\/\/www1.folha.uol.com.br\/folha-topicos\/oms\/\" rel=\"nofollow noopener\" target=\"\">OMS<\/a>, Tedros Adhanom Ghebreyesus, anunciou que a<a href=\"https:\/\/www1.folha.uol.com.br\/equilibrioesaude\/2023\/05\/oms-declara-fim-da-emergencia-de-saude-da-mpox.shtml\" rel=\"nofollow noopener\" target=\"\"> mpox n\u00e3o era mais uma emerg\u00eancia de sa\u00fade internacional, <\/a>argumentando, entre outras coisas, a diminui\u00e7\u00e3o das mortes e dos casos em v\u00e1rios pa\u00edses africanos. A <a href=\"https:\/\/www1.folha.uol.com.br\/equilibrioesaude\/2024\/08\/oms-declara-mpox-emergencia-de-saude-publica-global-pela-segunda-vez-em-dois-anos.shtml\" rel=\"nofollow noopener\" target=\"\">emerg\u00eancia havia sido declarada um ano antes.<\/a><\/p>\n<p>Identificada pela primeira vez na <a href=\"https:\/\/www1.folha.uol.com.br\/folha-topicos\/republica-democratica-do-congo\/\" rel=\"nofollow noopener\" target=\"\">Rep\u00fablica Democr\u00e1tica do Congo<\/a> em 1970, a mpox permaneceu confinada durante muito tempo em alguns pa\u00edses africanos.<\/p>\n<p>No entanto, em 2022, come\u00e7ou a se espalhar para o resto do mundo, especialmente para pa\u00edses desenvolvidos onde o v\u00edrus nunca havia circulado.<\/p>\n","protected":false},"excerpt":{"rendered":"A Ag\u00eancia de Seguran\u00e7a Sanit\u00e1ria do Reino Unido indicou nesta segunda-feira (8) que uma nova variante da mpox&hellip;\n","protected":false},"author":2,"featured_media":180540,"comment_status":"","ping_status":"","sticky":false,"template":"","format":"standard","meta":{"footnotes":""},"categories":[86],"tags":[445,236,116,10196,2778,32,33,713,117,25794,33288],"class_list":{"0":"post-180539","1":"post","2":"type-post","3":"status-publish","4":"format-standard","5":"has-post-thumbnail","7":"category-saude","8":"tag-europa","9":"tag-folha","10":"tag-health","11":"tag-mpox","12":"tag-oms","13":"tag-portugal","14":"tag-pt","15":"tag-reino-unido","16":"tag-saude","17":"tag-variante","18":"tag-variola-dos-macacos"},"share_on_mastodon":{"url":"https:\/\/pubeurope.com\/@pt\/115685956353060368","error":""},"_links":{"self":[{"href":"https:\/\/www.europesays.com\/pt\/wp-json\/wp\/v2\/posts\/180539","targetHints":{"allow":["GET"]}}],"collection":[{"href":"https:\/\/www.europesays.com\/pt\/wp-json\/wp\/v2\/posts"}],"about":[{"href":"https:\/\/www.europesays.com\/pt\/wp-json\/wp\/v2\/types\/post"}],"author":[{"embeddable":true,"href":"https:\/\/www.europesays.com\/pt\/wp-json\/wp\/v2\/users\/2"}],"replies":[{"embeddable":true,"href":"https:\/\/www.europesays.com\/pt\/wp-json\/wp\/v2\/comments?post=180539"}],"version-history":[{"count":0,"href":"https:\/\/www.europesays.com\/pt\/wp-json\/wp\/v2\/posts\/180539\/revisions"}],"wp:featuredmedia":[{"embeddable":true,"href":"https:\/\/www.europesays.com\/pt\/wp-json\/wp\/v2\/media\/180540"}],"wp:attachment":[{"href":"https:\/\/www.europesays.com\/pt\/wp-json\/wp\/v2\/media?parent=180539"}],"wp:term":[{"taxonomy":"category","embeddable":true,"href":"https:\/\/www.europesays.com\/pt\/wp-json\/wp\/v2\/categories?post=180539"},{"taxonomy":"post_tag","embeddable":true,"href":"https:\/\/www.europesays.com\/pt\/wp-json\/wp\/v2\/tags?post=180539"}],"curies":[{"name":"wp","href":"https:\/\/api.w.org\/{rel}","templated":true}]}}