{"id":180549,"date":"2025-12-08T21:05:12","date_gmt":"2025-12-08T21:05:12","guid":{"rendered":"https:\/\/www.europesays.com\/pt\/180549\/"},"modified":"2025-12-08T21:05:12","modified_gmt":"2025-12-08T21:05:12","slug":"mais-ambulancias-no-inem-e-camas-nos-hospitais-para-enfrentar-pico-da-gripe","status":"publish","type":"post","link":"https:\/\/www.europesays.com\/pt\/180549\/","title":{"rendered":"Mais ambul\u00e2ncias no INEM e camas nos hospitais para enfrentar pico da gripe"},"content":{"rendered":"<p>                A ministra da Sa\u00fade anunciou esta segunda-feira uma s\u00e9rie de medidas para fazer face ao pico de gripe no Servi\u00e7o Nacional de Sa\u00fade. Ana Paula Martins apontou a Dire\u00e7\u00e3o Executiva como respons\u00e1vel pela coordena\u00e7\u00e3o entre as v\u00e1rias unidades de sa\u00fade.<\/p>\n<p>As indica\u00e7\u00f5es do Minist\u00e9rio incluem <b>ordem de interrup\u00e7\u00e3o das cirurgias programadas, \u00e0 exce\u00e7\u00e3o das oncol\u00f3gicas e de urg\u00eancia, sempre que os servi\u00e7os de urg\u00eancia ficarem sobrecarregados com situa\u00e7\u00f5es de gripe<\/b>.<\/p>\n<p>          <img decoding=\"async\" itemprop=\"image\" class=\"img-fluid\"   src=\"https:\/\/www.europesays.com\/pt\/wp-content\/uploads\/2025\/12\/2a221d123c71282df09e8c58164e2835_N.jpg\"\/><\/p>\n<p>Telejornal | 8 de dezembro de 2025<\/p>\n<p>Deve haver ainda um <b>refor\u00e7o de camas, em princ\u00edpio na Regi\u00e3o de Lisboa e Vale do Tejo<\/b>, por norma a mais afetada por essa falta, com <b>a Santa Casa da Miseric\u00f3rdia a disponibilizar nas pr\u00f3ximas semanas de um total de mais 180 camas, 27 camas sociais, 112 de apoio a internamento hospitalar e outras 50 para as diversas situa\u00e7\u00f5es<\/b>.O INEM, nesta regi\u00e3o, tamb\u00e9m est\u00e1 a aumentar a capacidade de resposta com o aumento de ambul\u00e2ncias dispon\u00edveis e aumento do hor\u00e1rio dos centros de atendimento cl\u00ednico.<\/p>\n<p>\u00c9 ainda deixado um <b>apelo para que a popula\u00e7\u00e3o colabore nesta fase cr\u00edtica refor\u00e7ando a sua imunidade atrav\u00e9s da vacina\u00e7\u00e3o<\/b>. Para j\u00e1, segundo os n\u00fameros avan\u00e7ados pela ministra, <b>haver\u00e1 quase 2,3 milh\u00f5es de pessoas vacinadas<\/b>.&#13;\n<\/p>\n<p>\n&#8220;Posso assegurar que as nossas institui\u00e7\u00f5es est\u00e3o preparadas e articuladas, desde os hospitais e centros de sa\u00fade ao INEM, \u00e0 Dire\u00e7\u00e3o-Geral da Sa\u00fade e ao Instituto Nacional de Sa\u00fade, Dr. Ricardo Jorge, e \u00e0 Dire\u00e7\u00e3o Executiva do Servi\u00e7o Nacional de Sa\u00fade, para dar a melhor resposta poss\u00edvel aos portugueses, desde a preven\u00e7\u00e3o at\u00e9 ao tratamento&#8221;, disse Ana Paula Martins.<\/p>\n<p>A ministra da Sa\u00fade lembra ainda que <b>o &#8220;impacto [da atividade gripal] ser\u00e1 mais intenso nas pr\u00f3ximas semanas&#8221;<\/b>, alertando que, tendo a \u00e9poca gripal come\u00e7ado um m\u00eas antes do habitual, poder\u00e1 haver o aumento do risco em grupos mais sens\u00edveis como s\u00e3o os idosos e os doentes cr\u00f3nicos.<br \/>&#13;\n<\/p>\n<p>&#13;<br \/>\nPediu assim que as pessoas usem tamb\u00e9m m\u00e1scara em espa\u00e7os fechados e que se protejam do frio.<br \/>&#13;<\/p>\n","protected":false},"excerpt":{"rendered":"A ministra da Sa\u00fade anunciou esta segunda-feira uma s\u00e9rie de medidas para fazer face ao pico de gripe&hellip;\n","protected":false},"author":2,"featured_media":180550,"comment_status":"","ping_status":"","sticky":false,"template":"","format":"standard","meta":{"footnotes":""},"categories":[8],"tags":[22114,27,28,15,16,1418,14,25,26,21,22,5609,12,13,19,20,32,23,24,33,117,2649,17,18,29,30,31],"class_list":{"0":"post-180549","1":"post","2":"type-post","3":"status-publish","4":"format-standard","5":"has-post-thumbnail","7":"category-principais-noticias","8":"tag-ana-paula-martins","9":"tag-breaking-news","10":"tag-breakingnews","11":"tag-featured-news","12":"tag-featurednews","13":"tag-gripe","14":"tag-headlines","15":"tag-latest-news","16":"tag-latestnews","17":"tag-main-news","18":"tag-mainnews","19":"tag-ministra","20":"tag-news","21":"tag-noticias","22":"tag-noticias-principais","23":"tag-noticiasprincipais","24":"tag-portugal","25":"tag-principais-noticias","26":"tag-principaisnoticias","27":"tag-pt","28":"tag-saude","29":"tag-sns","30":"tag-top-stories","31":"tag-topstories","32":"tag-ultimas","33":"tag-ultimas-noticias","34":"tag-ultimasnoticias"},"share_on_mastodon":{"url":"","error":""},"_links":{"self":[{"href":"https:\/\/www.europesays.com\/pt\/wp-json\/wp\/v2\/posts\/180549","targetHints":{"allow":["GET"]}}],"collection":[{"href":"https:\/\/www.europesays.com\/pt\/wp-json\/wp\/v2\/posts"}],"about":[{"href":"https:\/\/www.europesays.com\/pt\/wp-json\/wp\/v2\/types\/post"}],"author":[{"embeddable":true,"href":"https:\/\/www.europesays.com\/pt\/wp-json\/wp\/v2\/users\/2"}],"replies":[{"embeddable":true,"href":"https:\/\/www.europesays.com\/pt\/wp-json\/wp\/v2\/comments?post=180549"}],"version-history":[{"count":0,"href":"https:\/\/www.europesays.com\/pt\/wp-json\/wp\/v2\/posts\/180549\/revisions"}],"wp:featuredmedia":[{"embeddable":true,"href":"https:\/\/www.europesays.com\/pt\/wp-json\/wp\/v2\/media\/180550"}],"wp:attachment":[{"href":"https:\/\/www.europesays.com\/pt\/wp-json\/wp\/v2\/media?parent=180549"}],"wp:term":[{"taxonomy":"category","embeddable":true,"href":"https:\/\/www.europesays.com\/pt\/wp-json\/wp\/v2\/categories?post=180549"},{"taxonomy":"post_tag","embeddable":true,"href":"https:\/\/www.europesays.com\/pt\/wp-json\/wp\/v2\/tags?post=180549"}],"curies":[{"name":"wp","href":"https:\/\/api.w.org\/{rel}","templated":true}]}}