{"id":180557,"date":"2025-12-08T21:13:09","date_gmt":"2025-12-08T21:13:09","guid":{"rendered":"https:\/\/www.europesays.com\/pt\/180557\/"},"modified":"2025-12-08T21:13:09","modified_gmt":"2025-12-08T21:13:09","slug":"medico-alerta-para-diagnostico-apos-caso-de-kelly-key-atendimento-medico-com-urgencia","status":"publish","type":"post","link":"https:\/\/www.europesays.com\/pt\/180557\/","title":{"rendered":"M\u00e9dico alerta para diagn\u00f3stico ap\u00f3s caso de Kelly Key: &#8216;Atendimento m\u00e9dico com urg\u00eancia&#8217;"},"content":{"rendered":"<p>No final do m\u00eas de outubro, <a href=\"https:\/\/caras.com.br\/tags\/kelly-key\" rel=\"nofollow noopener\" target=\"_blank\"><strong>Kelly Key<\/strong><\/a> usou as redes sociais para fazer um desabafo sincero sobre os desafios que enfrentou na sa\u00fade. Segundo a cantora, os contratempos come\u00e7aram logo ap\u00f3s o retorno das f\u00e9rias. \u00c0 \u00e9poca, a artista disse ter lidado com uma sinusite forte.<\/p>\n<p>\u201cMal a gente chegou das f\u00e9rias, peguei uma sinusite forte e fiquei 10 dias de antibi\u00f3tico. Duas semanas depois, finalmente estava retomando o ritmo, empolgada com meus treinos, dieta nova, rotina, e tudo fluindo bem com o KIALA, nossos jogadores, nossos planos, a obra do gin\u00e1sio. Inaugura\u00e7\u00e3o\u2026 Tudo parecia voltar pro eixo [\u2026] At\u00e9 que veio uma gastroenterite daquelas. Fiquei de cama quatro dias seguidos, e ainda arrastando os sintomas\u201d, disse a famosa \u00e0 \u00e9poca.<\/p>\n<p> O que diz o m\u00e9dico especialista? <\/p>\n<p data-mrf-recirculation=\".Link no Corpo do artigo\">Para entender mais sobre o assunto, a <strong>CARAS Brasil<\/strong> entrevista o m\u00e9dico <strong>Dr. Paulo Reis<\/strong>, otorrinolaringologista graduado pela Faculdade de Medicina da Universidade Federal de Minas Gerais (UFMG) e com T\u00edtulo de Especialista em Otorrinolaringologia pelo Hospital das Cl\u00ednicas da UFMG e em Medicina do Sono pela ABMS.<\/p>\n<p data-mrf-recirculation=\".Link no Corpo do artigo\">Segundo o profissional, a\u00a0sinusite costuma come\u00e7ar como um quadro gripal, ou seja, uma infec\u00e7\u00e3o de causa viral. O nariz entope, pode ocorrer press\u00e3o na regi\u00e3o do rosto e dor de cabe\u00e7a, febre alta, secre\u00e7\u00e3o amarelada ou esverdeada, tosse, perda de olfato e sensa\u00e7\u00e3o de peso facial que piora ao se abaixar.<\/p>\n<p data-mrf-recirculation=\".Link no Corpo do artigo\">\u201cA grande maioria destes casos vai apresentar resolu\u00e7\u00e3o espont\u00e2nea dentro de 7 a 10 dias, pois s\u00e3o quadros virais e autolimitados, necessitando apenas de tratamento para aliviar os sintomas e trazer conforto ao paciente como analg\u00e9sicos, anti-inflamat\u00f3rios e descongestionantes, al\u00e9m da lavagem nasal com soro fisiol\u00f3gico em forma de sprays ou seringas que ajudam em muito a n\u00e3o deixar que o processo evolua. Nesta fase, ainda n\u00e3o h\u00e1 necessidade de uso de antibi\u00f3ticos. Se os sintomas persistirem al\u00e9m dos 10 dias ou ocorrer uma piora ap\u00f3s o quinto dia, \u00e9 sinal de que um m\u00e9dico deve ser procurado\u201d, declara.<\/p>\n<p> Quando a sinusite ascende um sinal de alerta? <\/p>\n<p>O m\u00e9dico informa que, embora a maioria dos casos de sinusite evolua bem, h\u00e1 situa\u00e7\u00f5es em que a infec\u00e7\u00e3o pode se espalhar para estruturas pr\u00f3ximas, como os olhos ou o c\u00e9rebro, tornando-se potencialmente perigosa.<\/p>\n<p>\u201cQuando o paciente apresenta incha\u00e7o e vermelhid\u00e3o ao redor dos olhos, dor intensa na regi\u00e3o da testa ou das ma\u00e7\u00e3s do rosto, altera\u00e7\u00f5es na vis\u00e3o ou febre alta que n\u00e3o cede, \u00e9 preciso procurar atendimento m\u00e9dico com urg\u00eancia. Outros sinais de alerta s\u00e3o rigidez na nuca, confus\u00e3o mental e sonol\u00eancia excessiva. Esses sintomas indicam risco de complica\u00e7\u00f5es como celulite orbit\u00e1ria ou meningite, que exigem interna\u00e7\u00e3o hospitalar e tratamento imediato\u201d, esclarece.<\/p>\n<p> Saiba mais sobre o tratamento <\/p>\n<p>O tratamento da sinusite vai muito al\u00e9m do uso de medicamentos. Existem cuidados simples e muito eficazes que ajudam o corpo a se recuperar e aliviam o desconforto. Abaixo, o Dr. Paulo Reis lista alguns:<\/p>\n<ol>\n<li>\u201cA lavagem nasal com soro fisiol\u00f3gico, por exemplo, \u00e9 uma das medidas mais importantes, pois ajuda a eliminar secre\u00e7\u00f5es e desobstruir o nariz, melhorando a respira\u00e7\u00e3o\u201d;<\/li>\n<li>\u201cManter-se bem hidratado tamb\u00e9m \u00e9 fundamental, j\u00e1 que a ingest\u00e3o adequada de l\u00edquidos deixa o muco mais fluido e facilita a drenagem;<\/li>\n<li>\u201cO repouso permite que o organismo concentre energia na recupera\u00e7\u00e3o, enquanto ambientes ventilados e levemente umidificados reduzem a irrita\u00e7\u00e3o das vias a\u00e9reas;<\/li>\n<li>\u201cCompressas mornas no rosto ajudam a aliviar a dor e a press\u00e3o facial;<\/li>\n<li>\u201cAl\u00e9m disso, evitar o cigarro, o ar-condicionado em excesso e as mudan\u00e7as bruscas de temperatura contribui para uma recupera\u00e7\u00e3o mais r\u00e1pida e confort\u00e1vel\u201d.<\/li>\n<\/ol>\n<p> Pode fazer toda a diferen\u00e7a <\/p>\n<p>Segundo o m\u00e9dico, quando a sinusite passa a acontecer com frequ\u00eancia, \u00e9 sinal de que h\u00e1 uma causa de base que ainda n\u00e3o foi resolvida. Entre os fatores mais comuns est\u00e3o a rinite al\u00e9rgica n\u00e3o controlada, o desvio de septo, a presen\u00e7a de p\u00f3lipos nasais, infec\u00e7\u00f5es dent\u00e1rias e at\u00e9 o refluxo gastroesof\u00e1gico.<\/p>\n<p>\u201cPara prevenir que as crises voltem, \u00e9 essencial tratar a causa principal e adotar h\u00e1bitos que protejam o nariz e os seios da face. Manter a lavagem nasal como parte da rotina, controlar alergias, evitar irritantes ambientais e garantir uma boa hidrata\u00e7\u00e3o s\u00e3o atitudes simples e eficazes. Dormir bem tamb\u00e9m tem um papel importante nesse processo: o sono de qualidade fortalece o sistema imunol\u00f3gico e ajuda o corpo a reagir melhor \u00e0s infec\u00e7\u00f5es. Em alguns casos, quando h\u00e1 altera\u00e7\u00f5es anat\u00f4micas importantes, pode ser necess\u00e1ria uma avalia\u00e7\u00e3o cir\u00fargica para corrigir o problema e evitar novos epis\u00f3dios\u201d, finaliza ao analisar casos como da <a href=\"https:\/\/www.instagram.com\/oficialkellykey\/\" rel=\"nofollow noopener\" target=\"_blank\">cantora<\/a> Kelly Key.<\/p>\n<p><strong>Leia mais<\/strong>: <a href=\"https:\/\/caras.com.br\/bem-estar\/kelly-key-desabafa-sobre-estado-de-saude-fiquei-de-cama.phtml\" rel=\"nofollow noopener\" target=\"_blank\">Kelly Key desabafa sobre estado de sa\u00fade: \u201cFiquei de cama\u201d<\/a><\/p>\n<p>\t CONFIRA UMA PUBLICA\u00c7\u00c3O RECENTE DA CANTORA KELLY KEY NAS REDES SOCIAIS: <\/p>\n<blockquote class=\"instagram-media\" style=\"background: #FFF; border: 0; border-radius: 3px; box-shadow: 0 0 1px 0 rgba(0,0,0,0.5),0 1px 10px 0 rgba(0,0,0,0.15); margin: 1px; max-width: 540px; min-width: 326px; padding: 0; width: calc(100% - 2px);\" data-instgrm-captioned=\"\" data-instgrm-permalink=\"https:\/\/www.instagram.com\/reel\/DRuMQwMkfIN\/?utm_source=ig_embed&amp;utm_campaign=loading\" data-instgrm-version=\"14\"><\/blockquote>\n<p>        <a href=\"https:\/\/caras.com.br\/autor\/dr-paulo-reis\" rel=\"nofollow noopener\" target=\"_blank\">&#13;<br \/>\n          <img loading=\"lazy\" decoding=\"async\" alt=\"Dr. Paulo Reis\" src=\"https:\/\/www.europesays.com\/pt\/wp-content\/uploads\/2025\/12\/Paulo-Reis-150x150.jpeg\" class=\"avatar avatar-115 photo rounded-circle\" height=\"115\" width=\"115\"\/>        <\/a><\/p>\n<p>DR. PAULO REIS:&#13;<br \/>\notorrinolaringologista especialista em Medicina do Sono e coordenador cient\u00edfico do grupo Bonviv Brasil. Membro da Associa\u00e7\u00e3o Brasileira de Medicina do Sono (ABMS) e da Associa\u00e7\u00e3o Brasileira de Otorrinolaringologia e Cirurgia C\u00e9rvico-Facial (ABORL-CCF). Graduado pela Faculdade de Medicina da Universidade Federal de Minas Gerais (UFMG), tem T\u00edtulo de Especialista em Otorrinolaringologia pelo Hospital das Cl\u00ednicas da UFMG e em Medicina do Sono pela ABMS. CRM\/MT 6693 | RQE 2579 | RQE 4114.<\/p>\n<p>\t                                            <script async src=\"\/\/www.instagram.com\/embed.js\"><\/script><\/p>\n","protected":false},"excerpt":{"rendered":"No final do m\u00eas de outubro, Kelly Key usou as redes sociais para fazer um desabafo sincero sobre&hellip;\n","protected":false},"author":2,"featured_media":180558,"comment_status":"","ping_status":"","sticky":false,"template":"","format":"standard","meta":{"footnotes":""},"categories":[86],"tags":[36993,116,11299,36994,32,33,117,15856],"class_list":{"0":"post-180557","1":"post","2":"type-post","3":"status-publish","4":"format-standard","5":"has-post-thumbnail","7":"category-saude","8":"tag-forte-sinusite","9":"tag-health","10":"tag-kelly-key","11":"tag-otorrinolaringologista","12":"tag-portugal","13":"tag-pt","14":"tag-saude","15":"tag-sinusite"},"share_on_mastodon":{"url":"https:\/\/pubeurope.com\/@pt\/115686015700919914","error":""},"_links":{"self":[{"href":"https:\/\/www.europesays.com\/pt\/wp-json\/wp\/v2\/posts\/180557","targetHints":{"allow":["GET"]}}],"collection":[{"href":"https:\/\/www.europesays.com\/pt\/wp-json\/wp\/v2\/posts"}],"about":[{"href":"https:\/\/www.europesays.com\/pt\/wp-json\/wp\/v2\/types\/post"}],"author":[{"embeddable":true,"href":"https:\/\/www.europesays.com\/pt\/wp-json\/wp\/v2\/users\/2"}],"replies":[{"embeddable":true,"href":"https:\/\/www.europesays.com\/pt\/wp-json\/wp\/v2\/comments?post=180557"}],"version-history":[{"count":0,"href":"https:\/\/www.europesays.com\/pt\/wp-json\/wp\/v2\/posts\/180557\/revisions"}],"wp:featuredmedia":[{"embeddable":true,"href":"https:\/\/www.europesays.com\/pt\/wp-json\/wp\/v2\/media\/180558"}],"wp:attachment":[{"href":"https:\/\/www.europesays.com\/pt\/wp-json\/wp\/v2\/media?parent=180557"}],"wp:term":[{"taxonomy":"category","embeddable":true,"href":"https:\/\/www.europesays.com\/pt\/wp-json\/wp\/v2\/categories?post=180557"},{"taxonomy":"post_tag","embeddable":true,"href":"https:\/\/www.europesays.com\/pt\/wp-json\/wp\/v2\/tags?post=180557"}],"curies":[{"name":"wp","href":"https:\/\/api.w.org\/{rel}","templated":true}]}}