{"id":180581,"date":"2025-12-08T21:32:13","date_gmt":"2025-12-08T21:32:13","guid":{"rendered":"https:\/\/www.europesays.com\/pt\/180581\/"},"modified":"2025-12-08T21:32:13","modified_gmt":"2025-12-08T21:32:13","slug":"robo-optimus-da-tesla-cai-do-palco-mas-algo-estranho-aconteu-2","status":"publish","type":"post","link":"https:\/\/www.europesays.com\/pt\/180581\/","title":{"rendered":"Rob\u00f4 Optimus da Tesla cai do palco, mas algo estranho aconteu"},"content":{"rendered":"<p>Um novo v\u00eddeo vazado de uma demonstra\u00e7\u00e3o da Tesla em Miami este fim de semana mostra o rob\u00f4 humanoide Optimus a sofrer uma queda aparatosa. Mas n\u00e3o \u00e9 apenas o momento da queda que chama a aten\u00e7\u00e3o. S\u00e3o os movimentos das m\u00e3os do rob\u00f4 enquanto cai.<\/p>\n<p><a target=\"_blank\" href=\"https:\/\/pplware.sapo.pt\/wp-content\/uploads\/2025\/12\/tesla_optimus_trabalhar_1.jpg\" onclick=\"refreshIframe()\" class=\"foobox\" rel=\"nofollow noopener\"><img fetchpriority=\"high\" decoding=\"async\" src=\"https:\/\/www.europesays.com\/pt\/wp-content\/uploads\/2025\/12\/tesla_optimus_trabalhar_1-1024x576.jpg\" alt=\"Tesla Optimus rob\u00f4 queda\" width=\"720\" height=\"405\" class=\"aligncenter size-large wp-image-1092314\"  \/><\/a>\n<\/p>\n<p>Rob\u00f4 Optimus da Tesla cai do palco<\/p>\n<p>Os rob\u00f4s humanoides est\u00e3o a gerar grande interesse atualmente. Est\u00e3o a ser aplicados milhares de milh\u00f5es de d\u00f3lares em investimentos nesta \u00e1rea, e Elon Musk tenta justificar a avalia\u00e7\u00e3o da empresa afirmando que o Optimus ser\u00e1 um produto de um trili\u00e3o de d\u00f3lares para a Tesla. Com o avan\u00e7o da IA, esperava-se que os rob\u00f4s humanoides substitu\u00edssem os humanos num n\u00famero crescente de tarefas.<\/p>\n<p>Este fim de semana, a Tesla realizou um evento intitulado \u201cAutonomia Visualizada\u201d na sua loja em Miami. O objetivo era apresentar a tecnologia \u201cAutopilot e Optimus\u201d da Tesla. No entanto, n\u00e3o houve nada de \u201caut\u00f3nomo\u201d no evento de \u201cautonomia\u201d da Tesla.<\/p>\n<p>Muitos f\u00e3s da Tesla partilharam v\u00eddeos do rob\u00f4 Optimus a distribuir garrafas de \u00e1gua, a tirar fotografias e a dan\u00e7ar. No entanto, surgiu um v\u00eddeo no Reddit que mostra um momento completamente diferente da demonstra\u00e7\u00e3o. No v\u00eddeo, o Tesla Optimus move as m\u00e3os muito rapidamente, fazendo com que algumas garrafas de \u00e1gua caiam no ch\u00e3o. Perde ent\u00e3o o equil\u00edbrio e come\u00e7a a cair para tr\u00e1s.<\/p>\n<p>Algo muito estranho a aconteceu nesse momento<\/p>\n<p>Mas a parte mais interessante \u00e9 que, pouco antes de cair para tr\u00e1s, as duas m\u00e3os do rob\u00f4 elevam-se rapidamente at\u00e9 ao seu \u201crosto\u201d. Ao mesmo tempo, faz um movimento distinto de preens\u00e3o, como se estivesse a puxar um objeto da sua cabe\u00e7a., sugerindo que imitava um operador remoto a remover freneticamente um headset de realidade virtual.<\/p>\n<p>Este movimento \u00e9 imediatamente reconhec\u00edvel para qualquer pessoa que j\u00e1 tenha utilizado a realidade virtual ou assistido a demonstra\u00e7\u00f5es de teleopera\u00e7\u00e3o. Aparentemente, um operador humano, seja nos bastidores ou numa instala\u00e7\u00e3o remota, removeu o seu headset de realidade virtual por algum motivo desconhecido enquanto controlava o rob\u00f4.<\/p>\n<p>Ao cair no ch\u00e3o, Optimus imitou fielmente o gesto de retirar um auricular inexistente. Isto corrobora fortemente as alega\u00e7\u00f5es da Tesla de que, apesar das suas alegadas \u201cdemonstra\u00e7\u00f5es de intelig\u00eancia artificial\u201d, ainda depende muito do controlo remoto (teleopera\u00e7\u00e3o) para controlar rob\u00f4s em momentos cr\u00edticos.<\/p>\n","protected":false},"excerpt":{"rendered":"Um novo v\u00eddeo vazado de uma demonstra\u00e7\u00e3o da Tesla em Miami este fim de semana mostra o rob\u00f4&hellip;\n","protected":false},"author":2,"featured_media":180494,"comment_status":"","ping_status":"","sticky":false,"template":"","format":"standard","meta":{"footnotes":""},"categories":[83],"tags":[88,89,90,25513,32,33,9414,2914,296],"class_list":{"0":"post-180581","1":"post","2":"type-post","3":"status-publish","4":"format-standard","5":"has-post-thumbnail","7":"category-empresas","8":"tag-business","9":"tag-economy","10":"tag-empresas","11":"tag-optimus","12":"tag-portugal","13":"tag-pt","14":"tag-queda","15":"tag-robo","16":"tag-tesla"},"share_on_mastodon":{"url":"https:\/\/pubeurope.com\/@pt\/115686090275750364","error":""},"_links":{"self":[{"href":"https:\/\/www.europesays.com\/pt\/wp-json\/wp\/v2\/posts\/180581","targetHints":{"allow":["GET"]}}],"collection":[{"href":"https:\/\/www.europesays.com\/pt\/wp-json\/wp\/v2\/posts"}],"about":[{"href":"https:\/\/www.europesays.com\/pt\/wp-json\/wp\/v2\/types\/post"}],"author":[{"embeddable":true,"href":"https:\/\/www.europesays.com\/pt\/wp-json\/wp\/v2\/users\/2"}],"replies":[{"embeddable":true,"href":"https:\/\/www.europesays.com\/pt\/wp-json\/wp\/v2\/comments?post=180581"}],"version-history":[{"count":0,"href":"https:\/\/www.europesays.com\/pt\/wp-json\/wp\/v2\/posts\/180581\/revisions"}],"wp:featuredmedia":[{"embeddable":true,"href":"https:\/\/www.europesays.com\/pt\/wp-json\/wp\/v2\/media\/180494"}],"wp:attachment":[{"href":"https:\/\/www.europesays.com\/pt\/wp-json\/wp\/v2\/media?parent=180581"}],"wp:term":[{"taxonomy":"category","embeddable":true,"href":"https:\/\/www.europesays.com\/pt\/wp-json\/wp\/v2\/categories?post=180581"},{"taxonomy":"post_tag","embeddable":true,"href":"https:\/\/www.europesays.com\/pt\/wp-json\/wp\/v2\/tags?post=180581"}],"curies":[{"name":"wp","href":"https:\/\/api.w.org\/{rel}","templated":true}]}}