{"id":180582,"date":"2025-12-08T21:33:08","date_gmt":"2025-12-08T21:33:08","guid":{"rendered":"https:\/\/www.europesays.com\/pt\/180582\/"},"modified":"2025-12-08T21:33:08","modified_gmt":"2025-12-08T21:33:08","slug":"sem-registo-e-invisiveis-uma-em-cada-tres-criancas-menores-de-um-ano-em-angola-nunca-foi-vacinada","status":"publish","type":"post","link":"https:\/\/www.europesays.com\/pt\/180582\/","title":{"rendered":"&#8220;Sem registo e invis\u00edveis&#8221;. Uma em cada tr\u00eas crian\u00e7as menores de um ano em Angola nunca foi vacinada"},"content":{"rendered":"<p>&#13;<br \/>\nUma em cada tr\u00eas crian\u00e7as menores de um ano em Angola nunca recebeu qualquer vacina e duas em cada tr\u00eas crian\u00e7as menores de cinco anos n\u00e3o t\u00eam registo de nascimento, anunciou a Unicef.&#13;\n<\/p>\n<p>&#13;<br \/>\nSegundo o jornal O Pa\u00eds, que cita a representante interina do Fundo das Na\u00e7\u00f5es Unidas para a Inf\u00e2ncia (Unicef) Cristina Brugiolo, duas em cada tr\u00eas crian\u00e7as menores de cinco anos em Angola continuam sem registo de nascimento.&#13;\n<\/p>\n<p>&#13;<br \/>\nCristina Brugiolo, que falava na confer\u00eancia alusiva aos 35 anos de ratifica\u00e7\u00e3o da Conven\u00e7\u00e3o sobre os Direitos da Crian\u00e7a (CDC) pelo Estado angolano, disse igualmente que persistem no pa\u00eds lus\u00f3fono africano &#8220;desigualdades graves no acesso \u00e0 sa\u00fade e \u00e0 prote\u00e7\u00e3o social&#8221;.&#13;\n<\/p>\n<p>&#13;<br \/>\nCrian\u00e7as que n\u00e3o receberam nenhuma vacina representam 33% do total nacional, refere a publica\u00e7\u00e3o aludindo \u00e0 respons\u00e1vel do UNICEF, &#8220;um n\u00famero cr\u00edtico num pa\u00eds que enfrenta surtos c\u00edclicos de doen\u00e7as evit\u00e1veis&#8221;.&#13;\n<\/p>\n<p>&#13;<br \/>\n&#8220;Dois ter\u00e7os das crian\u00e7as menores de cinco anos n\u00e3o t\u00eam certid\u00e3o. Sem identidade, ficam invis\u00edveis para o Estado e vulner\u00e1veis a v\u00e1rias formas de exclus\u00e3o&#8221;, assinalou Brugiolo, ressalvando que Angola &#8220;tem mostrado vontade pol\u00edtica crescente para refor\u00e7ar os mecanismos de prote\u00e7\u00e3o infantil&#8221;.&#13;\n<\/p>\n<p>&#13;<br \/>\n&#8220;H\u00e1 progressos claros: a mortalidade infantil diminuiu, mais crian\u00e7as frequentam a escola, h\u00e1 mais servi\u00e7os e quadros legais de prote\u00e7\u00e3o&#8221;, acrescentou.&#13;\n<\/p>\n<p>&#13;<br \/>\nA respons\u00e1vel defendeu igualmente maior investimento para alcan\u00e7ar as crian\u00e7as mais vulner\u00e1veis, apontando ainda para necessidade de reformas profundas para melhoria da qualidade do ensino e na forma\u00e7\u00e3o de professores.&#13;<\/p>\n","protected":false},"excerpt":{"rendered":"&#13; Uma em cada tr\u00eas crian\u00e7as menores de um ano em Angola nunca recebeu qualquer vacina e duas&hellip;\n","protected":false},"author":2,"featured_media":180583,"comment_status":"","ping_status":"","sticky":false,"template":"","format":"standard","meta":{"footnotes":""},"categories":[50],"tags":[27,28,15,16,14,25,26,21,22,62,12,13,19,20,23,24,420,421,17,18,29,30,31,63,64,65],"class_list":{"0":"post-180582","1":"post","2":"type-post","3":"status-publish","4":"format-standard","5":"has-post-thumbnail","7":"category-mundo","8":"tag-breaking-news","9":"tag-breakingnews","10":"tag-featured-news","11":"tag-featurednews","12":"tag-headlines","13":"tag-latest-news","14":"tag-latestnews","15":"tag-main-news","16":"tag-mainnews","17":"tag-mundo","18":"tag-news","19":"tag-noticias","20":"tag-noticias-principais","21":"tag-noticiasprincipais","22":"tag-principais-noticias","23":"tag-principaisnoticias","24":"tag-rtp","25":"tag-rtp-noticias","26":"tag-top-stories","27":"tag-topstories","28":"tag-ultimas","29":"tag-ultimas-noticias","30":"tag-ultimasnoticias","31":"tag-world","32":"tag-world-news","33":"tag-worldnews"},"share_on_mastodon":{"url":"https:\/\/pubeurope.com\/@pt\/115686093830614899","error":""},"_links":{"self":[{"href":"https:\/\/www.europesays.com\/pt\/wp-json\/wp\/v2\/posts\/180582","targetHints":{"allow":["GET"]}}],"collection":[{"href":"https:\/\/www.europesays.com\/pt\/wp-json\/wp\/v2\/posts"}],"about":[{"href":"https:\/\/www.europesays.com\/pt\/wp-json\/wp\/v2\/types\/post"}],"author":[{"embeddable":true,"href":"https:\/\/www.europesays.com\/pt\/wp-json\/wp\/v2\/users\/2"}],"replies":[{"embeddable":true,"href":"https:\/\/www.europesays.com\/pt\/wp-json\/wp\/v2\/comments?post=180582"}],"version-history":[{"count":0,"href":"https:\/\/www.europesays.com\/pt\/wp-json\/wp\/v2\/posts\/180582\/revisions"}],"wp:featuredmedia":[{"embeddable":true,"href":"https:\/\/www.europesays.com\/pt\/wp-json\/wp\/v2\/media\/180583"}],"wp:attachment":[{"href":"https:\/\/www.europesays.com\/pt\/wp-json\/wp\/v2\/media?parent=180582"}],"wp:term":[{"taxonomy":"category","embeddable":true,"href":"https:\/\/www.europesays.com\/pt\/wp-json\/wp\/v2\/categories?post=180582"},{"taxonomy":"post_tag","embeddable":true,"href":"https:\/\/www.europesays.com\/pt\/wp-json\/wp\/v2\/tags?post=180582"}],"curies":[{"name":"wp","href":"https:\/\/api.w.org\/{rel}","templated":true}]}}