{"id":180584,"date":"2025-12-08T21:35:11","date_gmt":"2025-12-08T21:35:11","guid":{"rendered":"https:\/\/www.europesays.com\/pt\/180584\/"},"modified":"2025-12-08T21:35:11","modified_gmt":"2025-12-08T21:35:11","slug":"doce-como-pastel-de-nata-the-economist-destaca-portugal-como-economia-do-ano","status":"publish","type":"post","link":"https:\/\/www.europesays.com\/pt\/180584\/","title":{"rendered":"Doce como pastel de nata&#8221;. &#8220;The Economist&#8221; destaca Portugal como &#8220;economia do ano"},"content":{"rendered":"<p>&#13;<br \/>\nPortugal destrona Espanha e \u00e9 eleita a &#8220;economia do ano&#8221; de 2025 segundo a revista brit\u00e2nica &#8220;The Economist&#8221;. <b>A publica\u00e7\u00e3o, que compilou dados econ\u00f3micos dos 36 pa\u00edses mais ricos do mundo, descreve a presta\u00e7\u00e3o da economia portuguesa no \u00faltimo ano como &#8220;doce com um pastel de nata&#8221;.<\/b>&#13;\n<\/p>\n<p>&#13;<br \/>\nPelo quinto ano consecutivo, a revista elaborou um `ranking` dos 36 pa\u00edses mais ricos do mundo para encontrar a economia com melhor desempenho.&#13;<br \/>\nPara a lideran\u00e7a do ranking de 36 pa\u00edses desenvolvidos contribuiu decisivamente o \u201cforte crescimento\u201d do Produto Interno Bruto (PIB) acima da m\u00e9dia europeia, a infla\u00e7\u00e3o sob controlo e presta\u00e7\u00e3o do mercado de bolsa de valores.&#13;\n<\/p>\n<p>&#13;<br \/>\nEste ano, Portugal aparece na primeira posi\u00e7\u00e3o, destronando Espanha, a vencedora do ano passado, e que em 2025 est\u00e1 com a mesma pontua\u00e7\u00e3o da Col\u00f4mbia.&#13;\n<\/p>\n<p>&#13;<br \/>\n<b>&#8220;Em 2025, [Portugal] conseguiu combinar um forte crescimento do PIB, baixa infla\u00e7\u00e3o e um mercado de a\u00e7\u00f5es em alta&#8221;<\/b>, escreve a revista.&#13;\n<\/p>\n<p>&#13;<br \/>\nNa s\u00edntese da publica\u00e7\u00e3o, <b>a economia portuguesa destacou-se por \u201cforte crescimento do PIB, baixa infla\u00e7\u00e3o e um mercado acionista din\u00e2mico\u201d, fatores que, em conjunto, empurraram o pa\u00eds para o topo da tabela que no ano passado tinha sido liderada pela Espanha.<\/b>&#13;\n<\/p>\n<p>&#13;<br \/>\nA puxar pelo PIB e pelo emprego em Portugal, segundo a &#8220;The Economist&#8221;, <b>est\u00e1 o turismo, numa altura em que &#8220;muitos estrangeiros ricos est\u00e3o a mudar-se para o pa\u00eds para aproveitar as baixas taxas de impostos&#8221;.<br \/>\n          <img decoding=\"async\" itemprop=\"image\" class=\"img-fluid\"   src=\"https:\/\/www.europesays.com\/pt\/wp-content\/uploads\/2025\/12\/dc8a837031aab8e0271df42e05b09179_N.jpg\"\/><\/p>\n<p><\/b>&#13;\n<\/p>\n<p>&#13;<br \/>\nEm segundo lugar nesta classifica\u00e7\u00e3o aparece a Irlanda, seguida de Israel.&#13;\n<\/p>\n<p>&#13;<br \/>\nNas piores posi\u00e7\u00f5es, aparecem sobretudo economias mais a norte da Europa: Est\u00f3nia, Finl\u00e2ndia e Eslov\u00e1quia s\u00e3o as \u00faltimas nesta compila\u00e7\u00e3o de indicadores.&#13;\n<\/p>\n<p>&#13;<br \/>\nNuma publica\u00e7\u00e3o na rede X, o primeiro-ministro considerou que &#8220;a distin\u00e7\u00e3o pela revista `The Economist` de que a `economia do ano` foi a portuguesa \u00e9 uma justa aclama\u00e7\u00e3o do m\u00e9rito e do trabalho dos portugueses e refor\u00e7a a motiva\u00e7\u00e3o do Governo em seguir o rumo que nos trouxe at\u00e9 aqui nos \u00faltimos meses&#8221;.&#13;\n<\/p>\n<p>&#13;<br \/>\n<b>&#8220;\u00c9 a reformar com coragem e a tornar o pa\u00eds mais competitivo e produtivo que vamos continuar a criar emprego, a aumentar os sal\u00e1rios e a refor\u00e7ar o Estado social. Assim daremos mais bem-estar e mais futuro aos portugueses&#8221;<\/b>, escreveu ainda o primeiro-ministro.&#13;\n<\/p>\n<p>&#13;<br \/>\nAs previs\u00f5es do Governo apontam para um crescimento da economia este ano de 2 por cento e de 2,3por cento no pr\u00f3ximo.\u00a0&#13;\n<\/p>\n<p>&#13;<br \/>\n\u00a0&#13;\n<\/p>\n<p>&#13;<br \/>\nC\/Lusa&#13;<\/p>\n","protected":false},"excerpt":{"rendered":"&#13; Portugal destrona Espanha e \u00e9 eleita a &#8220;economia do ano&#8221; de 2025 segundo a revista brit\u00e2nica &#8220;The&hellip;\n","protected":false},"author":2,"featured_media":179807,"comment_status":"","ping_status":"","sticky":false,"template":"","format":"standard","meta":{"footnotes":""},"categories":[8],"tags":[27,28,476,15,16,14,25,26,21,22,12,13,19,20,32,23,24,33,1292,36924,17,18,29,30,31],"class_list":{"0":"post-180584","1":"post","2":"type-post","3":"status-publish","4":"format-standard","5":"has-post-thumbnail","7":"category-principais-noticias","8":"tag-breaking-news","9":"tag-breakingnews","10":"tag-economia","11":"tag-featured-news","12":"tag-featurednews","13":"tag-headlines","14":"tag-latest-news","15":"tag-latestnews","16":"tag-main-news","17":"tag-mainnews","18":"tag-news","19":"tag-noticias","20":"tag-noticias-principais","21":"tag-noticiasprincipais","22":"tag-portugal","23":"tag-principais-noticias","24":"tag-principaisnoticias","25":"tag-pt","26":"tag-revista","27":"tag-the-economist","28":"tag-top-stories","29":"tag-topstories","30":"tag-ultimas","31":"tag-ultimas-noticias","32":"tag-ultimasnoticias"},"share_on_mastodon":{"url":"https:\/\/pubeurope.com\/@pt\/115686102012217845","error":""},"_links":{"self":[{"href":"https:\/\/www.europesays.com\/pt\/wp-json\/wp\/v2\/posts\/180584","targetHints":{"allow":["GET"]}}],"collection":[{"href":"https:\/\/www.europesays.com\/pt\/wp-json\/wp\/v2\/posts"}],"about":[{"href":"https:\/\/www.europesays.com\/pt\/wp-json\/wp\/v2\/types\/post"}],"author":[{"embeddable":true,"href":"https:\/\/www.europesays.com\/pt\/wp-json\/wp\/v2\/users\/2"}],"replies":[{"embeddable":true,"href":"https:\/\/www.europesays.com\/pt\/wp-json\/wp\/v2\/comments?post=180584"}],"version-history":[{"count":0,"href":"https:\/\/www.europesays.com\/pt\/wp-json\/wp\/v2\/posts\/180584\/revisions"}],"wp:featuredmedia":[{"embeddable":true,"href":"https:\/\/www.europesays.com\/pt\/wp-json\/wp\/v2\/media\/179807"}],"wp:attachment":[{"href":"https:\/\/www.europesays.com\/pt\/wp-json\/wp\/v2\/media?parent=180584"}],"wp:term":[{"taxonomy":"category","embeddable":true,"href":"https:\/\/www.europesays.com\/pt\/wp-json\/wp\/v2\/categories?post=180584"},{"taxonomy":"post_tag","embeddable":true,"href":"https:\/\/www.europesays.com\/pt\/wp-json\/wp\/v2\/tags?post=180584"}],"curies":[{"name":"wp","href":"https:\/\/api.w.org\/{rel}","templated":true}]}}