{"id":180590,"date":"2025-12-08T21:42:08","date_gmt":"2025-12-08T21:42:08","guid":{"rendered":"https:\/\/www.europesays.com\/pt\/180590\/"},"modified":"2025-12-08T21:42:08","modified_gmt":"2025-12-08T21:42:08","slug":"alemanha-medico-do-frankfurt-despedido-por-tratar-atleta-adversario","status":"publish","type":"post","link":"https:\/\/www.europesays.com\/pt\/180590\/","title":{"rendered":"Alemanha: m\u00e9dico do Frankfurt despedido por tratar atleta advers\u00e1rio"},"content":{"rendered":"<p>A vida n\u00e3o est\u00e1 f\u00e1cil para o Frankfurt. Al\u00e9m de resultados menos conseguidos &#8211; com destaque na <a href=\"https:\/\/maisfutebol.iol.pt\/internacional\/alemanha\/video-harder-estreia-se-a-marcar-e-assiste-na-goleada-do-leipzig\" rel=\"nofollow noopener\" target=\"_blank\">goleada sofrida na estreia de Harder a marcar pelo Leipzig<\/a> &#8211; a forma\u00e7\u00e3o alem\u00e3 sofre tamb\u00e9m por crises fora dos relvados.\u00a0<\/p>\n<p>Fabian Plachel, m\u00e9dico principal do clube, foi demitido por alegadamente ter tratado um jogador advers\u00e1rio, segundo avan\u00e7a o jornal alem\u00e3o Bild. De acordo com a mesma fonte, tudo se desenrolou na v\u00e9spera do jogo com o Heidenheim, no in\u00edcio do m\u00eas de novembro.<\/p>\n<p>No hotel onde a equipa do Frankfurt estava hospedada, Plachel tratou de todos os jogadores da equipa. De seguida, ter\u00e1, sem conhecimento da dire\u00e7\u00e3o do Frankfurt, tratado de Mathias Honsak, avan\u00e7ado do Heidenheim.<\/p>\n<p>Os relatos revelam que jogadores do Frankfurt viram o avan\u00e7ado advers\u00e1rio a circular no hotel onde a equipa se encontrava, causando surpresa no plantel. No dia seguinte, Honsak foi titular pelo Heidenheim no empate (1-1) com o Frankfurt.<\/p>\n<p>A equipa considerou um claro \u00absinal de deslealdade\u00bb do m\u00e9dico, tomando assim a decis\u00e3o de demiti-lo, depois de uma liga\u00e7\u00e3o que perdurava desde 2022. O jornal alem\u00e3o avan\u00e7a que Sebastian Schneider, que j\u00e1 trabalhava como m\u00e9dico da equipa, assumir\u00e1 temporariamente o cargo como m\u00e9dico principal interino.\u00a0<\/p>\n","protected":false},"excerpt":{"rendered":"A vida n\u00e3o est\u00e1 f\u00e1cil para o Frankfurt. Al\u00e9m de resultados menos conseguidos &#8211; com destaque na goleada&hellip;\n","protected":false},"author":2,"featured_media":180591,"comment_status":"","ping_status":"","sticky":false,"template":"","format":"standard","meta":{"footnotes":""},"categories":[87],"tags":[1305,15971,135,25990,4238,4235,82,46,37002,11873,2771,32,33,47,134],"class_list":{"0":"post-180590","1":"post","2":"type-post","3":"status-publish","4":"format-standard","5":"has-post-thumbnail","7":"category-desporto","8":"tag-alemanha","9":"tag-despedimento","10":"tag-desporto","11":"tag-frankfurt","12":"tag-incrivel","13":"tag-insolito","14":"tag-internacional","15":"tag-maisfutebol","16":"tag-mathias-honsak","17":"tag-medico","18":"tag-polemica","19":"tag-portugal","20":"tag-pt","21":"tag-pura-paixao","22":"tag-sports"},"share_on_mastodon":{"url":"https:\/\/pubeurope.com\/@pt\/115686129549528862","error":""},"_links":{"self":[{"href":"https:\/\/www.europesays.com\/pt\/wp-json\/wp\/v2\/posts\/180590","targetHints":{"allow":["GET"]}}],"collection":[{"href":"https:\/\/www.europesays.com\/pt\/wp-json\/wp\/v2\/posts"}],"about":[{"href":"https:\/\/www.europesays.com\/pt\/wp-json\/wp\/v2\/types\/post"}],"author":[{"embeddable":true,"href":"https:\/\/www.europesays.com\/pt\/wp-json\/wp\/v2\/users\/2"}],"replies":[{"embeddable":true,"href":"https:\/\/www.europesays.com\/pt\/wp-json\/wp\/v2\/comments?post=180590"}],"version-history":[{"count":0,"href":"https:\/\/www.europesays.com\/pt\/wp-json\/wp\/v2\/posts\/180590\/revisions"}],"wp:featuredmedia":[{"embeddable":true,"href":"https:\/\/www.europesays.com\/pt\/wp-json\/wp\/v2\/media\/180591"}],"wp:attachment":[{"href":"https:\/\/www.europesays.com\/pt\/wp-json\/wp\/v2\/media?parent=180590"}],"wp:term":[{"taxonomy":"category","embeddable":true,"href":"https:\/\/www.europesays.com\/pt\/wp-json\/wp\/v2\/categories?post=180590"},{"taxonomy":"post_tag","embeddable":true,"href":"https:\/\/www.europesays.com\/pt\/wp-json\/wp\/v2\/tags?post=180590"}],"curies":[{"name":"wp","href":"https:\/\/api.w.org\/{rel}","templated":true}]}}