{"id":180596,"date":"2025-12-08T21:45:18","date_gmt":"2025-12-08T21:45:18","guid":{"rendered":"https:\/\/www.europesays.com\/pt\/180596\/"},"modified":"2025-12-08T21:45:18","modified_gmt":"2025-12-08T21:45:18","slug":"google-anuncia-oculos-com-ia-para-2026-e-pretende-acirrar-disputa-com-meta-e-apple","status":"publish","type":"post","link":"https:\/\/www.europesays.com\/pt\/180596\/","title":{"rendered":"Google anuncia \u00f3culos com IA para 2026 e pretende acirrar disputa com Meta e Apple"},"content":{"rendered":"<p class=\"body-paragraph\">Bloomberg \u2014 O <b>Google<\/b>, da Alphabet, disse que trabalha para criar duas categorias diferentes de \u00f3culos inteligentes movidos a intelig\u00eancia artificial para competir no pr\u00f3ximo ano com os modelos existentes da <b>Meta<\/b>: um com telas e outro com foco em \u00e1udio.<\/p>\n<p class=\"body-paragraph\">Os primeiros \u00f3culos com intelig\u00eancia artificial com os quais o Google colabora chegar\u00e3o em 2026, segundo um blog publicado na segunda-feira. <b>Samsung<\/b>, <b>Warby Parker<\/b> e <b>Gentle Monster<\/b> est\u00e3o entre seus primeiros parceiros de hardware, mas as empresas ainda n\u00e3o apresentaram nenhum projeto final.<\/p>\n<p class=\"body-paragraph\">O Google tamb\u00e9m delineou v\u00e1rias melhorias de software que vir\u00e3o para o fone de ouvido Galaxy XR da Samsung, incluindo um modo de viagem que permitir\u00e1 que o dispositivo de realidade mista seja usado em carros e avi\u00f5es.<\/p>\n<p class=\"default__StyledVerMasText-sc-108h6at-0 cPZEdR body-paragraph view-more-paragraph\"><b>L<\/b><b>eia tamb\u00e9m: <\/b><a href=\"https:\/\/www.bloomberglinea.com.br\/tech\/como-a-apple-deixou-o-vision-pro-em-segundo-plano-para-priorizar-oculos-inteligentes\/\" rel=\"nofollow noopener\" target=\"_blank\">Como a Apple deixou o Vision Pro em segundo plano para priorizar \u00f3culos inteligentes<\/a><\/p>\n<p class=\"body-paragraph\">A concorr\u00eancia est\u00e1 esquentando na categoria emergente de \u00f3culos de IA e realidade aumentada. <\/p>\n<p class=\"body-paragraph\">A Meta tem sido a mais prol\u00edfica. <\/p>\n<p class=\"body-paragraph\">Ela vende \u00f3culos sob as marcas <b>Ray-Ban<\/b> e <b>Oakley<\/b>, que receberam cr\u00edticas positivas e vendas decentes, e tamb\u00e9m lan\u00e7ou recentemente um par mais caro com uma tela integrada. <\/p>\n<p class=\"body-paragraph\">Os primeiros \u00f3culos de realidade aumentada da <b>Snap <\/b>para consumidores tamb\u00e9m devem ser lan\u00e7ados no pr\u00f3ximo ano, e a <b>Apple <\/b>planeja uma entrada no espa\u00e7o na mesma \u00e9poca.<\/p>\n<p class=\"body-paragraph\">Para o Google, os novos produtos &#8211; e seu novo sistema operacional Android XR &#8211; representam uma abordagem mais refinada e calculada para os \u00f3culos inteligentes, em compara\u00e7\u00e3o com o Google Glass, um produto vanguardista que fracassou entre os consumidores h\u00e1 uma d\u00e9cada, devido ao seu design bizarro, pouca dura\u00e7\u00e3o da bateria e preocupa\u00e7\u00f5es com a privacidade.<\/p>\n<p class=\"body-paragraph\">Assim como os populares Ray-Bans da Meta, a maioria desses \u00f3culos se conecta sem fio a um smartphone e depende do aparelho para processar as solicita\u00e7\u00f5es, seja pedindo ao assistente de IA Gemini do Google para tocar uma m\u00fasica do <b>YouTube <\/b>Music ou analisando os ingredientes \u00e0 sua frente para criar uma receita. <\/p>\n<p class=\"default__StyledVerMasText-sc-108h6at-0 cPZEdR body-paragraph view-more-paragraph\"><b>L<\/b><b>eia tamb\u00e9m: <\/b><a href=\"https:\/\/www.bloomberglinea.com.br\/tech\/meta-lanca-oculos-de-us-799-com-integracao-de-ia-para-promover-superinteligencia\/\" rel=\"nofollow noopener\" target=\"_blank\">Meta lan\u00e7a \u00f3culos de US$ 799 com integra\u00e7\u00e3o de IA para promover \u2018superintelig\u00eancia\u2019<\/a><\/p>\n<p class=\"body-paragraph\">O fato de o telefone lidar com grande parte do trabalho pesado \u00e9 o que permite que esses \u00f3culos sejam finos e leves o suficiente para serem considerados \u00f3culos comuns.<\/p>\n<p class=\"body-paragraph\">Em uma demonstra\u00e7\u00e3o pr\u00e1tica antes do lan\u00e7amento de segunda-feira, dois prot\u00f3tipos diferentes de \u00f3culos inteligentes com telas embutidas foram apresentados: um era monocular, ou seja, tinha uma \u00fanica tela embutida na lente direita, e o outro era binocular, com uma tela para cada olho. Ambos os tipos suportam sobreposi\u00e7\u00f5es de realidade aumentada para aplicativos como o Google Maps e o Google Meet, mas o design binocular oferecia uma tela virtual maior.<\/p>\n<p class=\"body-paragraph\">\u201cQueremos dar aos usu\u00e1rios a liberdade de escolher o equil\u00edbrio certo entre peso, estilo e imers\u00e3o para suas necessidades\u201d, disse a empresa no post do blog.<\/p>\n<p class=\"body-paragraph\">A meta da empresa \u00e9 fazer com que o maior n\u00famero poss\u00edvel de experi\u00eancias de software funcione bem em ambos os formatos. <\/p>\n<p class=\"body-paragraph\">Na demonstra\u00e7\u00e3o, foi testado um recurso de tradu\u00e7\u00e3o em tempo real que podia mostrar a conversa com legendas na tela &#8211; mas tamb\u00e9m podia desligar a tela e se concentrar na tradu\u00e7\u00e3o que vinha pelos alto-falantes.<\/p>\n<p class=\"default__StyledVerMasText-sc-108h6at-0 cPZEdR body-paragraph view-more-paragraph\"><b>L<\/b><b>eia tamb\u00e9m: <\/b><a href=\"https:\/\/www.bloomberglinea.com.br\/negocios\/meta-investe-us-35-bi-na-dona-do-ray-ban-para-avancar-em-oculos-com-ia\/\" rel=\"nofollow noopener\" target=\"_blank\">Meta investe US$ 3,5 bi na dona do Ray-Ban para avan\u00e7ar em \u00f3culos com IA<\/a><\/p>\n<p class=\"body-paragraph\">A tela, em particular, tem seus m\u00e9ritos. <\/p>\n<p class=\"body-paragraph\">Ao usar o Google Maps, as possibilidades v\u00e3o muito al\u00e9m das indica\u00e7\u00f5es passo a passo aumentadas. Pode-se olhar para baixo e ver um mapa maior de cima para baixo da localiza\u00e7\u00e3o atual, com uma b\u00fassola mostrando a dire\u00e7\u00e3o para a qual a pessoa olha. Ao tirar uma foto e pedir ao Gemini que a aprimorasse usando o modelo de IA generativo Nano Banana Pro do Google, pode-se ver uma pr\u00e9via do resultado final sem precisar pegar o telefone.<\/p>\n<p class=\"body-paragraph\">Os \u00f3culos Xreal s\u00e3o \u00fanicos por serem uma experi\u00eancia aut\u00f4noma: O Project Aura executa o Android XR como o fone de ouvido mais volumoso da Samsung, mas em um formato mais elegante que lembra os outros \u00f3culos da empresa chinesa, incluindo o One Pro. Assim como o Galaxy XR, o Project Aura precisa estar conectado a uma bateria externa o tempo todo para funcionar.<\/p>\n<p class=\"body-paragraph\">Os \u00f3culos oferecer\u00e3o um campo de vis\u00e3o de 70 graus, que \u00e9 mais imersivo do que a linha atual da Xreal. A navega\u00e7\u00e3o pelo Project Aura pareceu familiar e intuitiva, j\u00e1 que ele usa o mesmo rastreamento de m\u00e3o que o headset da Samsung, embora com menos c\u00e2meras.<\/p>\n<p class=\"body-paragraph\">Veja mais em bloomberg.com<\/p>\n<p class=\"default__StyledText-sc-108h6at-1 cYHAvu body-paragraph body-copyright\">\u00a92025 Bloomberg L.P.<\/p>\n","protected":false},"excerpt":{"rendered":"Bloomberg \u2014 O Google, da Alphabet, disse que trabalha para criar duas categorias diferentes de \u00f3culos inteligentes movidos&hellip;\n","protected":false},"author":2,"featured_media":180597,"comment_status":"","ping_status":"","sticky":false,"template":"","format":"standard","meta":{"footnotes":""},"categories":[84],"tags":[109,107,108,32,33,105,103,104,106,110],"class_list":{"0":"post-180596","1":"post","2":"type-post","3":"status-publish","4":"format-standard","5":"has-post-thumbnail","7":"category-ciencia-e-tecnologia","8":"tag-ciencia","9":"tag-ciencia-e-tecnologia","10":"tag-cienciaetecnologia","11":"tag-portugal","12":"tag-pt","13":"tag-science","14":"tag-science-and-technology","15":"tag-scienceandtechnology","16":"tag-technology","17":"tag-tecnologia"},"share_on_mastodon":{"url":"https:\/\/pubeurope.com\/@pt\/115686140992025952","error":""},"_links":{"self":[{"href":"https:\/\/www.europesays.com\/pt\/wp-json\/wp\/v2\/posts\/180596","targetHints":{"allow":["GET"]}}],"collection":[{"href":"https:\/\/www.europesays.com\/pt\/wp-json\/wp\/v2\/posts"}],"about":[{"href":"https:\/\/www.europesays.com\/pt\/wp-json\/wp\/v2\/types\/post"}],"author":[{"embeddable":true,"href":"https:\/\/www.europesays.com\/pt\/wp-json\/wp\/v2\/users\/2"}],"replies":[{"embeddable":true,"href":"https:\/\/www.europesays.com\/pt\/wp-json\/wp\/v2\/comments?post=180596"}],"version-history":[{"count":0,"href":"https:\/\/www.europesays.com\/pt\/wp-json\/wp\/v2\/posts\/180596\/revisions"}],"wp:featuredmedia":[{"embeddable":true,"href":"https:\/\/www.europesays.com\/pt\/wp-json\/wp\/v2\/media\/180597"}],"wp:attachment":[{"href":"https:\/\/www.europesays.com\/pt\/wp-json\/wp\/v2\/media?parent=180596"}],"wp:term":[{"taxonomy":"category","embeddable":true,"href":"https:\/\/www.europesays.com\/pt\/wp-json\/wp\/v2\/categories?post=180596"},{"taxonomy":"post_tag","embeddable":true,"href":"https:\/\/www.europesays.com\/pt\/wp-json\/wp\/v2\/tags?post=180596"}],"curies":[{"name":"wp","href":"https:\/\/api.w.org\/{rel}","templated":true}]}}