{"id":180605,"date":"2025-12-08T21:53:08","date_gmt":"2025-12-08T21:53:08","guid":{"rendered":"https:\/\/www.europesays.com\/pt\/180605\/"},"modified":"2025-12-08T21:53:08","modified_gmt":"2025-12-08T21:53:08","slug":"as-melhores-fotografias-de-auroras-boreais-de-2025-do-extremo-norte-ao-sul-fotogaleria","status":"publish","type":"post","link":"https:\/\/www.europesays.com\/pt\/180605\/","title":{"rendered":"As melhores fotografias de auroras boreais de 2025, do extremo Norte ao Sul | Fotogaleria"},"content":{"rendered":"<p>Pela oitava edi\u00e7\u00e3o, o <a href=\"https:\/\/capturetheatlas.com\/northern-lights-photographer-of-the-year\/#!\" target=\"_blank\" rel=\"nofollow noopener\">Capture the\u00a0Atlas<\/a> divulgou os 25 vencedores do concurso Northern\u00a0Lights\u00a0Photographer of the\u00a0Year. A edi\u00e7\u00e3o deste ano re\u00fane 25 fot\u00f3grafos de 15 nacionalidades e inclui imagens do hemisf\u00e9rio Norte ao hemisf\u00e9rio Sul.<\/p>\n<p>Isl\u00e2ndia, Noruega, Finl\u00e2ndia, Gronel\u00e2ndia, Su\u00e9cia s\u00e3o alguns dos pa\u00edses onde os fot\u00f3grafos conseguiram captar as melhores imagens deste fen\u00f3meno natural, que teve momentos particularmente intensos ao longo de 2025.<\/p>\n<p>Conhe\u00e7a as imagens que melhor conseguiram captar o raro fen\u00f3meno que pinta os c\u00e9us\u00a0de verde, roxo e cor-de-rosa e que hipnotizam os poucos que com elas se deparam.<\/p>\n","protected":false},"excerpt":{"rendered":"Pela oitava edi\u00e7\u00e3o, o Capture the\u00a0Atlas divulgou os 25 vencedores do concurso Northern\u00a0Lights\u00a0Photographer of the\u00a0Year. A edi\u00e7\u00e3o deste&hellip;\n","protected":false},"author":2,"featured_media":180606,"comment_status":"","ping_status":"","sticky":false,"template":"","format":"standard","meta":{"footnotes":""},"categories":[144],"tags":[207,205,206,203,201,202,204,114,115,32,33],"class_list":{"0":"post-180605","1":"post","2":"type-post","3":"status-publish","4":"format-standard","5":"has-post-thumbnail","7":"category-arte-e-design","8":"tag-arte","9":"tag-arte-e-design","10":"tag-artedesign","11":"tag-arts","12":"tag-arts-and-design","13":"tag-artsanddesign","14":"tag-design","15":"tag-entertainment","16":"tag-entretenimento","17":"tag-portugal","18":"tag-pt"},"share_on_mastodon":{"url":"https:\/\/pubeurope.com\/@pt\/115686172460734832","error":""},"_links":{"self":[{"href":"https:\/\/www.europesays.com\/pt\/wp-json\/wp\/v2\/posts\/180605","targetHints":{"allow":["GET"]}}],"collection":[{"href":"https:\/\/www.europesays.com\/pt\/wp-json\/wp\/v2\/posts"}],"about":[{"href":"https:\/\/www.europesays.com\/pt\/wp-json\/wp\/v2\/types\/post"}],"author":[{"embeddable":true,"href":"https:\/\/www.europesays.com\/pt\/wp-json\/wp\/v2\/users\/2"}],"replies":[{"embeddable":true,"href":"https:\/\/www.europesays.com\/pt\/wp-json\/wp\/v2\/comments?post=180605"}],"version-history":[{"count":0,"href":"https:\/\/www.europesays.com\/pt\/wp-json\/wp\/v2\/posts\/180605\/revisions"}],"wp:featuredmedia":[{"embeddable":true,"href":"https:\/\/www.europesays.com\/pt\/wp-json\/wp\/v2\/media\/180606"}],"wp:attachment":[{"href":"https:\/\/www.europesays.com\/pt\/wp-json\/wp\/v2\/media?parent=180605"}],"wp:term":[{"taxonomy":"category","embeddable":true,"href":"https:\/\/www.europesays.com\/pt\/wp-json\/wp\/v2\/categories?post=180605"},{"taxonomy":"post_tag","embeddable":true,"href":"https:\/\/www.europesays.com\/pt\/wp-json\/wp\/v2\/tags?post=180605"}],"curies":[{"name":"wp","href":"https:\/\/api.w.org\/{rel}","templated":true}]}}