{"id":180607,"date":"2025-12-08T21:55:11","date_gmt":"2025-12-08T21:55:11","guid":{"rendered":"https:\/\/www.europesays.com\/pt\/180607\/"},"modified":"2025-12-08T21:55:11","modified_gmt":"2025-12-08T21:55:11","slug":"expulsao-de-bruna-deixa-marcas-ines-desaba-no-jardim-enquanto-leandro-marisa-e-pedro-celebram-secret-story","status":"publish","type":"post","link":"https:\/\/www.europesays.com\/pt\/180607\/","title":{"rendered":"Expuls\u00e3o de Bruna deixa marcas: In\u00eas desaba no jardim enquanto Leandro, Marisa e Pedro celebram &#8211; Secret Story"},"content":{"rendered":"<p>Ap\u00f3s a gala do Secret Story 9, In\u00eas n\u00e3o conteve as l\u00e1grimas no jardim ao admitir que perdeu as suas tr\u00eas \u201cbombas de oxig\u00e9nio\u201d. Em conversa com a Voz, In\u00eas mostrou esperan\u00e7a de conseguir voltar a aproximar-se de Ana, Marisa e at\u00e9 de Pedro. J\u00e1 no quarto azul, Leandro, Marisa e Pedro celebraram com um abra\u00e7o por terem garantido mais uma semana dentro da casa.<\/p>\n<p>A gala de ontem foi cheia de emo\u00e7\u00f5es fortes, <strong>marcada por mais uma sa\u00edda da casa mais vigiada do Pa\u00eds<\/strong>. Ao longo da gala do Secret Story 9 deste domingo, dia 7 de dezembro, <strong>as percentagens foram reveladas e rapidamente se percebeu que a disputa estava mais apertada do que nunca.<\/strong><\/p>\n<p><strong>Marisa foi a primeira concorrente a ser salva<\/strong>, conquistando 36% dos votos. Os restantes quatro nomes mantiveram-se em risco, numa batalha intensa pela perman\u00eancia at\u00e9 ao fim.<\/p>\n<p>Quando chegou o momento decisivo, as diferen\u00e7as eram m\u00ednimas. <strong>Pedro somou 50% e Liliana reuniu 33%<\/strong>. Mas a concorrente menos votada e, por isso, a abandonar este domingo a casa mais vigiada do Pa\u00eds foi <strong>Bruna, com apenas 17% dos votos.\u00a0<\/strong><\/p>\n","protected":false},"excerpt":{"rendered":"Ap\u00f3s a gala do Secret Story 9, In\u00eas n\u00e3o conteve as l\u00e1grimas no jardim ao admitir que perdeu&hellip;\n","protected":false},"author":2,"featured_media":180608,"comment_status":"","ping_status":"","sticky":false,"template":"","format":"standard","meta":{"footnotes":""},"categories":[142],"tags":[1997,114,115,19033,15353,12397,19184,19034,21416,32,33,151,19032],"class_list":{"0":"post-180607","1":"post","2":"type-post","3":"status-publish","4":"format-standard","5":"has-post-thumbnail","7":"category-tv","8":"tag-bruna","9":"tag-entertainment","10":"tag-entretenimento","11":"tag-galas-em-video","12":"tag-ines","13":"tag-leandro","14":"tag-marisa","15":"tag-melhores-momentos-casa-dos-segredos","16":"tag-pedro-jorge","17":"tag-portugal","18":"tag-pt","19":"tag-tv","20":"tag-videos-secret-story-tvi"},"share_on_mastodon":{"url":"https:\/\/pubeurope.com\/@pt\/115686180364976589","error":""},"_links":{"self":[{"href":"https:\/\/www.europesays.com\/pt\/wp-json\/wp\/v2\/posts\/180607","targetHints":{"allow":["GET"]}}],"collection":[{"href":"https:\/\/www.europesays.com\/pt\/wp-json\/wp\/v2\/posts"}],"about":[{"href":"https:\/\/www.europesays.com\/pt\/wp-json\/wp\/v2\/types\/post"}],"author":[{"embeddable":true,"href":"https:\/\/www.europesays.com\/pt\/wp-json\/wp\/v2\/users\/2"}],"replies":[{"embeddable":true,"href":"https:\/\/www.europesays.com\/pt\/wp-json\/wp\/v2\/comments?post=180607"}],"version-history":[{"count":0,"href":"https:\/\/www.europesays.com\/pt\/wp-json\/wp\/v2\/posts\/180607\/revisions"}],"wp:featuredmedia":[{"embeddable":true,"href":"https:\/\/www.europesays.com\/pt\/wp-json\/wp\/v2\/media\/180608"}],"wp:attachment":[{"href":"https:\/\/www.europesays.com\/pt\/wp-json\/wp\/v2\/media?parent=180607"}],"wp:term":[{"taxonomy":"category","embeddable":true,"href":"https:\/\/www.europesays.com\/pt\/wp-json\/wp\/v2\/categories?post=180607"},{"taxonomy":"post_tag","embeddable":true,"href":"https:\/\/www.europesays.com\/pt\/wp-json\/wp\/v2\/tags?post=180607"}],"curies":[{"name":"wp","href":"https:\/\/api.w.org\/{rel}","templated":true}]}}