{"id":180615,"date":"2025-12-08T22:01:23","date_gmt":"2025-12-08T22:01:23","guid":{"rendered":"https:\/\/www.europesays.com\/pt\/180615\/"},"modified":"2025-12-08T22:01:23","modified_gmt":"2025-12-08T22:01:23","slug":"explosao-solar-intensa-provoca-apagoes-de-radio","status":"publish","type":"post","link":"https:\/\/www.europesays.com\/pt\/180615\/","title":{"rendered":"Explos\u00e3o solar intensa provoca apag\u00f5es de r\u00e1dio"},"content":{"rendered":"<p class=\"fitec-embcmp\"><a href=\"https:\/\/profile.google.com\/cp\/CgsvZy8xMjFqY2oxMw\" target=\"_blank\" class=\"ftecmp-button\" rel=\"nofollow noopener\">Siga o Olhar Digital no Google Discover<\/a><\/p>\n<p>Uma nova <a href=\"https:\/\/olhardigital.com.br\/tag\/tempestade-solar\/\" target=\"_blank\" rel=\"noreferrer noopener nofollow\">tempestade solar<\/a> chamou a aten\u00e7\u00e3o de pesquisadores nesta semana ap\u00f3s o <a href=\"https:\/\/olhardigital.com.br\/tag\/sol\" target=\"_blank\" rel=\"noreferrer noopener nofollow\">Sol<\/a> liberar uma intensa erup\u00e7\u00e3o do tipo X1.1, uma das categorias mais fortes registradas. O evento ocorreu nas primeiras horas desta segunda-feira (8) e afetou diretamente as comunica\u00e7\u00f5es de r\u00e1dio em regi\u00f5es da Austr\u00e1lia e do sudeste da \u00c1sia. As informa\u00e7\u00f5es s\u00e3o da <a href=\"https:\/\/www.space.com\/astronomy\/sun\/sun-unleashes-intense-x-class-solar-flare-triggering-radio-blackouts-across-australia\" target=\"_blank\" rel=\"noreferrer noopener nofollow\">Space.com<\/a>.<\/p>\n<p>A explos\u00e3o partiu da regi\u00e3o ativa AR4298, que se aproxima do limite oeste do disco solar e deve sair de vista nos pr\u00f3ximos dias. A erup\u00e7\u00e3o atingiu seu pico \u00e0s 2h01 (hor\u00e1rio de Bras\u00edlia), acompanhada de um r\u00e1pido pulso de radia\u00e7\u00e3o capaz de ionizar as camadas superiores da atmosfera terrestre, produzindo blecautes tempor\u00e1rios de sinais de alta frequ\u00eancia.<\/p>\n<p>Erup\u00e7\u00e3o X1.1 ocorre em semana marcada por atividade intensa no Sol<\/p>\n<p>A tempestade solar veio acompanhada de uma eje\u00e7\u00e3o de massa coronal (CME), um grande volume de plasma e campos magn\u00e9ticos lan\u00e7ado ao espa\u00e7o. Por\u00e9m, an\u00e1lises iniciais feitas a partir de imagens de coron\u00f3grafos indicam que essa CME espec\u00edfica n\u00e3o est\u00e1 direcionada \u00e0 Terra.<\/p>\n<p><img loading=\"lazy\" decoding=\"async\" width=\"1024\" height=\"675\" src=\"https:\/\/www.europesays.com\/pt\/wp-content\/uploads\/2025\/12\/exploso-solar-1024x675.jpg\" alt=\"\" class=\"wp-image-1062530\"  \/>A erup\u00e7\u00e3o atingiu seu pico \u00e0s 2h01 (hor\u00e1rio de Bras\u00edlia), acompanhada de um r\u00e1pido pulso de radia\u00e7\u00e3o capaz de ionizar as camadas superiores da atmosfera terrestre (Cr\u00e9dito: Skorzewiak \/ Shutterstock)<\/p>\n<p>Mesmo assim, o epis\u00f3dio se soma a uma sequ\u00eancia de eventos solares que j\u00e1 vinham preocupando ag\u00eancias de monitoramento. Outras CMEs, associadas a erup\u00e7\u00f5es recentes, t\u00eam previs\u00e3o de alcan\u00e7ar o planeta entre 8 e 9 de dezembro. <\/p>\n<p>Por isso, centros meteorol\u00f3gicos espaciais como o NOAA Space Weather Prediction Center e o U.K. Met Office emitiram alertas de poss\u00edveis tempestades geomagn\u00e9ticas de n\u00edvel G2 a G3 \u2014 intensidade moderada a forte.<\/p>\n<p>Esse tipo de atividade pode tornar auroras vis\u00edveis em latitudes altas e at\u00e9 m\u00e9dias, dependendo da for\u00e7a da intera\u00e7\u00e3o com o campo magn\u00e9tico terrestre.<\/p>\n<p>Como uma tempestade solar causa blecautes de r\u00e1dio?<\/p>\n<p>Para entender os impactos da tempestade solar, \u00e9 importante compreender como funcionam as fulgura\u00e7\u00f5es solares. As erup\u00e7\u00f5es ocorrem quando a energia magn\u00e9tica acumulada na atmosfera solar \u00e9 liberada repentinamente, emitindo radia\u00e7\u00e3o em diversos comprimentos de onda. Elas s\u00e3o classificadas conforme sua intensidade:<\/p>\n<ul>\n<li>X-class: as mais fortes<\/li>\n<li>M-class: dez vezes mais fracas que as X<\/li>\n<li>C, B e A: categorias progressivamente menores<\/li>\n<\/ul>\n<p>O evento registrado foi um X1.1, colocando-o entre os mais potentes.<\/p>\n<p><img loading=\"lazy\" decoding=\"async\" width=\"1024\" height=\"624\" src=\"https:\/\/www.europesays.com\/pt\/wp-content\/uploads\/2025\/12\/explosao-solar-cometa-1024x624.jpg\" alt=\"\" class=\"wp-image-981849\"  \/>As erup\u00e7\u00f5es solares ocorrem quando a energia magn\u00e9tica acumulada na atmosfera solar \u00e9 liberada repentinamente (Cr\u00e9ditos: Artsiom P \u2013 Shutterstock. Edi\u00e7\u00e3o: Olhar Digital)<\/p>\n<p>Quando esse tipo de radia\u00e7\u00e3o atinge a Terra, ela ioniza as camadas mais densas da ionosfera. Isso faz com que ondas de r\u00e1dio de alta frequ\u00eancia \u2014 que normalmente refletem em camadas superiores \u2014 percam energia ao atravessar regi\u00f5es mais carregadas de part\u00edculas. O resultado s\u00e3o falhas, distor\u00e7\u00f5es ou completa perda do sinal, exatamente como ocorreu no blecaute registrado na Austr\u00e1lia.<\/p>\n<p><strong>Leia mais:<\/strong><\/p>\n<p>A sequ\u00eancia de eventos refor\u00e7a que o ciclo solar atual segue em fase ativa, e novas perturba\u00e7\u00f5es geomagn\u00e9ticas podem surgir conforme a regi\u00e3o AR4298 se desloca pelo disco solar.<\/p>\n<p>\t\t\t\t\t&#13;<br \/>\n\t\t\t\t\t&#13;<\/p>\n","protected":false},"excerpt":{"rendered":"Siga o Olhar Digital no Google Discover Uma nova tempestade solar chamou a aten\u00e7\u00e3o de pesquisadores nesta semana&hellip;\n","protected":false},"author":2,"featured_media":180616,"comment_status":"","ping_status":"","sticky":false,"template":"","format":"standard","meta":{"footnotes":""},"categories":[84],"tags":[109,107,108,32,33,105,103,104,106,110],"class_list":{"0":"post-180615","1":"post","2":"type-post","3":"status-publish","4":"format-standard","5":"has-post-thumbnail","7":"category-ciencia-e-tecnologia","8":"tag-ciencia","9":"tag-ciencia-e-tecnologia","10":"tag-cienciaetecnologia","11":"tag-portugal","12":"tag-pt","13":"tag-science","14":"tag-science-and-technology","15":"tag-scienceandtechnology","16":"tag-technology","17":"tag-tecnologia"},"share_on_mastodon":{"url":"https:\/\/pubeurope.com\/@pt\/115686204130961180","error":""},"_links":{"self":[{"href":"https:\/\/www.europesays.com\/pt\/wp-json\/wp\/v2\/posts\/180615","targetHints":{"allow":["GET"]}}],"collection":[{"href":"https:\/\/www.europesays.com\/pt\/wp-json\/wp\/v2\/posts"}],"about":[{"href":"https:\/\/www.europesays.com\/pt\/wp-json\/wp\/v2\/types\/post"}],"author":[{"embeddable":true,"href":"https:\/\/www.europesays.com\/pt\/wp-json\/wp\/v2\/users\/2"}],"replies":[{"embeddable":true,"href":"https:\/\/www.europesays.com\/pt\/wp-json\/wp\/v2\/comments?post=180615"}],"version-history":[{"count":0,"href":"https:\/\/www.europesays.com\/pt\/wp-json\/wp\/v2\/posts\/180615\/revisions"}],"wp:featuredmedia":[{"embeddable":true,"href":"https:\/\/www.europesays.com\/pt\/wp-json\/wp\/v2\/media\/180616"}],"wp:attachment":[{"href":"https:\/\/www.europesays.com\/pt\/wp-json\/wp\/v2\/media?parent=180615"}],"wp:term":[{"taxonomy":"category","embeddable":true,"href":"https:\/\/www.europesays.com\/pt\/wp-json\/wp\/v2\/categories?post=180615"},{"taxonomy":"post_tag","embeddable":true,"href":"https:\/\/www.europesays.com\/pt\/wp-json\/wp\/v2\/tags?post=180615"}],"curies":[{"name":"wp","href":"https:\/\/api.w.org\/{rel}","templated":true}]}}