{"id":180621,"date":"2025-12-08T22:05:40","date_gmt":"2025-12-08T22:05:40","guid":{"rendered":"https:\/\/www.europesays.com\/pt\/180621\/"},"modified":"2025-12-08T22:05:40","modified_gmt":"2025-12-08T22:05:40","slug":"reviravolva-juridica-pode-garantir-a-harry-seguranca-armada-na-inglaterra-e-reencontro-de-charles-iii-com-netos-apos-3-anos-fica-proximo-globo","status":"publish","type":"post","link":"https:\/\/www.europesays.com\/pt\/180621\/","title":{"rendered":"Reviravolva jur\u00eddica pode garantir a Harry seguran\u00e7a armada na Inglaterra e reencontro de Charles III com netos ap\u00f3s 3 anos fica pr\u00f3ximo &#8211; Globo"},"content":{"rendered":"<ol>\n<li><a href=\"https:\/\/news.google.com\/rss\/articles\/CBMipAJBVV95cUxQNFJscWlqdjhxVUhGNHEtTENQYTd3LVFPV2VNSUFESEJoYWcySm1VWTdFVzVSQ1E2WmRndXd4dlQwZV9mYTVoamVkYlpFLVZvT1JxbmJ4a0wwZHJ4Z2lfZmpUNUM1dF9BczdueHFpNjhoaDJsSWdpRnlMWGNFVDhFUU43LTZ6aHkyMHN2QzFUWm1CNDZvTVlOb3FsWmVlVldXR0p0R0VWTFprdWhlRkJfTzItNUlrVGNmVHBLajUtNGFDOEZEcEJaaGFIdHFNSGNhZ19TUVhJTm04Y1dORUhEamVtbk14XzV0TmM3aXJmbm4xU1VtZ0M5X3lCazVtLU04TW5uRENkeVktTlhNQXRMWHNYMjdiQzhtZVZyM250Z1pxYjlM0gGzAkFVX3lxTFAzX2NUbG9LZUZ3QW00ZmFrQ1BtUDFSYlYyS1RfOTRnNUJXLUVuZEViVnBpcGpFNGEwV2JRN05IWkk0b3N2Uk5qVHBzdmcwLVF4UUZmZ2lKQy1nWU0xbE1qcS1MUTdpN0p3Z2psM1ZEZFZyS3d2bzRBOHVydmFPSVRwZEZSRHhQMmFGeXFHcnJubUxRSFZ5MGg2MXVBdFV6WnVfbHNWZ1RiWUVZWGpJa250ZUJzTDBGclcwdWl5ZGpna3hVb0R6NWtoOG9BU2VBMzJIdjdMRHFENWt2cl9VUW5xZkNpYWFDSDBDVVRLN3NtYzJBTDk0SGU0RFktS2UzdEdzMVJSdXBlSnlQYlltb1FLNno3Z1pHY1ozeGNLMUN4VXBlY1ZJSXY4VW5UVEs5WjRwd2M?oc=5\" target=\"_blank\" rel=\"nofollow noopener\">Reviravolva jur\u00eddica pode garantir a Harry seguran\u00e7a armada na Inglaterra e reencontro de Charles III com netos ap\u00f3s 3 anos fica pr\u00f3ximo<\/a>&nbsp;&nbsp;Globo<\/li>\n<li><a href=\"https:\/\/news.google.com\/rss\/articles\/CBMivwFBVV95cUxNdVQzcGJLNzlPWnZKcjVLQzV5MzRrMmYtcURQdXZUQ0ltUXBzcXJKZ1hGaXBOZVBIa0h2Ulg3d2lTRW1USXIxeVFGLUtjUHBmUVpidVF6ck9vSlRCNHN6empjYVY4MjJQckFETmxfSnZkVHZiakc2NjA1MjF2UnhVNXMxa2UtTk51dW9BX3p0ck02eDNZU3dldHBrUTIxOTlCb25GLXFnZWhsaGRuNUdnNEVDWk1FVjZZLTdWa2FGVQ?oc=5\" target=\"_blank\" rel=\"nofollow noopener\">Pr\u00edncipe Harry tem importante vit\u00f3ria para recuperar seguran\u00e7a oficial<\/a>&nbsp;&nbsp;Metr\u00f3poles<\/li>\n<li><a href=\"https:\/\/news.google.com\/rss\/articles\/CBMiygFBVV95cUxQcG5saUZLa1ZZekRwcTFkX2VsQVJlZThyQkpBcEs5aEZZck05VlNCT2hjVjRFSUNjbFo1NU12U3pkQjZFQU1MUHJkUlhQckpvWGZ4NFBZZUo3UkxjVUdGdkxTbEd6enJwU1VXSXFFZTBJY0lwM1c0NHR3VkVDbFVNZ2xHUEU3N2Fyekl6UUxtaTZSdFJYUTZNckQ3UGdIeVRtZFlKelFsZy10R05Da1RoMkpDRENtLS1kbEw0Q2E1ODBHek44QXN3bGhR?oc=5\" target=\"_blank\" rel=\"nofollow noopener\">Decis\u00e3o sobre prote\u00e7\u00e3o policial de Harry no Reino Unido (que deixou de existir) est\u00e1 a ser revista<\/a>&nbsp;&nbsp;Observador<\/li>\n<li><a href=\"https:\/\/news.google.com\/rss\/articles\/CBMixgFBVV95cUxORHdlRWEwTTRoeUF4dm9qekExR0pqMjdJTHBkdHJDS0F6S0Nwc1hyQ0M3S3dRR0tEenRKNHV0ZGsyVENIOWNGRHJTZFBpTWFVX0xFLXg1MktqZFY1WUhqM2ctYU81TXkycDRNclp2ZWdtQzd4UDZQY0E4T1RTNVM3Y2s0TGtocU4xYWIxS1d1THhwWUhwbExRbmxZeV9tTkdrQTdvMU9NOHlMbU9FX2l2ZUt0QjhXX05iTW0ycUxpQkJqZU53NmfSAbcBQVVfeXFMUHc1eC1fcm42STRIdjNuM1I4ajlhNnBJcXZCYXRLal9WVzJiTWR3N2U0V1EzcWdpSFRPOERWOWl2Z3lIZkhJY1FJMFhTRmpTczNJbF80WE8yYm9yMWFhOWxSSzZRMW43OEtSX00waE1CNmhUR0h4RmtnUktkWHlOamFVbzF6MXdkTloxQ21IaXBReXFoRXFTNUZkRlV3bWJSNGl5VHhiS2xObW5ZSE9SMUl3YjNtRUU4?oc=5\" target=\"_blank\" rel=\"nofollow noopener\">Harry mais perto de voltar a pisar solo brit\u00e2nico com Meghan e os filhos em seguran\u00e7a<\/a>&nbsp;&nbsp;Jornal de Not\u00edcias<\/li>\n<li><a href=\"https:\/\/news.google.com\/rss\/articles\/CBMi0wFBVV95cUxNdktnRDhsTEZzdW1jQ0NPRERZanhzVDQzWVMxS1BjTEdUSjd5Y3RSdzFEQ1p2Q1lSR2lDM1ExeUFTZGVaR3ZSLXozM1BGTGI2MWJDb1RMd01IUmNKVV94OHdkbzNzcWFBZ01ENGNUeWZ5Y01JRjBfWU1lbU56cXZyV2pYeUU0RDdTUkl0YzN6eXlDaDNROVl0Y05pZDkyRlM1T25sTmxsVDdxNWdnOXNBcHdwdV9aaTA3empNaDk4WFk2TGp6bXA0dTA5TElseGFOR0tr?oc=5\" target=\"_blank\" rel=\"nofollow noopener\">Governo brit\u00e2nico reavalia seguran\u00e7a do pr\u00edncipe Harry em visitas ao pa\u00eds<\/a>&nbsp;&nbsp;Aventuras na Hist\u00f3ria<\/li>\n<\/ol>\n","protected":false},"excerpt":{"rendered":"Reviravolva jur\u00eddica pode garantir a Harry seguran\u00e7a armada na Inglaterra e reencontro de Charles III com netos ap\u00f3s&hellip;\n","protected":false},"author":2,"featured_media":180622,"comment_status":"","ping_status":"","sticky":false,"template":"","format":"standard","meta":{"footnotes":""},"categories":[8],"tags":[27,28,15,16,14,25,26,21,22,12,13,19,20,32,23,24,33,17,18,29,30,31],"class_list":{"0":"post-180621","1":"post","2":"type-post","3":"status-publish","4":"format-standard","5":"has-post-thumbnail","7":"category-principais-noticias","8":"tag-breaking-news","9":"tag-breakingnews","10":"tag-featured-news","11":"tag-featurednews","12":"tag-headlines","13":"tag-latest-news","14":"tag-latestnews","15":"tag-main-news","16":"tag-mainnews","17":"tag-news","18":"tag-noticias","19":"tag-noticias-principais","20":"tag-noticiasprincipais","21":"tag-portugal","22":"tag-principais-noticias","23":"tag-principaisnoticias","24":"tag-pt","25":"tag-top-stories","26":"tag-topstories","27":"tag-ultimas","28":"tag-ultimas-noticias","29":"tag-ultimasnoticias"},"share_on_mastodon":{"url":"https:\/\/pubeurope.com\/@pt\/115686219802359345","error":""},"_links":{"self":[{"href":"https:\/\/www.europesays.com\/pt\/wp-json\/wp\/v2\/posts\/180621","targetHints":{"allow":["GET"]}}],"collection":[{"href":"https:\/\/www.europesays.com\/pt\/wp-json\/wp\/v2\/posts"}],"about":[{"href":"https:\/\/www.europesays.com\/pt\/wp-json\/wp\/v2\/types\/post"}],"author":[{"embeddable":true,"href":"https:\/\/www.europesays.com\/pt\/wp-json\/wp\/v2\/users\/2"}],"replies":[{"embeddable":true,"href":"https:\/\/www.europesays.com\/pt\/wp-json\/wp\/v2\/comments?post=180621"}],"version-history":[{"count":0,"href":"https:\/\/www.europesays.com\/pt\/wp-json\/wp\/v2\/posts\/180621\/revisions"}],"wp:featuredmedia":[{"embeddable":true,"href":"https:\/\/www.europesays.com\/pt\/wp-json\/wp\/v2\/media\/180622"}],"wp:attachment":[{"href":"https:\/\/www.europesays.com\/pt\/wp-json\/wp\/v2\/media?parent=180621"}],"wp:term":[{"taxonomy":"category","embeddable":true,"href":"https:\/\/www.europesays.com\/pt\/wp-json\/wp\/v2\/categories?post=180621"},{"taxonomy":"post_tag","embeddable":true,"href":"https:\/\/www.europesays.com\/pt\/wp-json\/wp\/v2\/tags?post=180621"}],"curies":[{"name":"wp","href":"https:\/\/api.w.org\/{rel}","templated":true}]}}