{"id":180623,"date":"2025-12-08T22:06:07","date_gmt":"2025-12-08T22:06:07","guid":{"rendered":"https:\/\/www.europesays.com\/pt\/180623\/"},"modified":"2025-12-08T22:06:07","modified_gmt":"2025-12-08T22:06:07","slug":"ex-miss-bumbum-daiana-nogueira-assume-romance-com-pm-e-anuncia-casamento-daniel-nascimento","status":"publish","type":"post","link":"https:\/\/www.europesays.com\/pt\/180623\/","title":{"rendered":"Ex-Miss Bumbum Daiana Nogueira assume romance com PM e anuncia casamento | Daniel Nascimento"},"content":{"rendered":"<p>                                        Ex-Miss Bumbum Daiana Nogueira anuncia casamento e assume romance com PM &#8211; Foto: Arquivo pessoal<\/p>\n<p class=\"content-media__description\">Ex-Miss Bumbum Daiana Nogueira anuncia casamento e assume romance com PMFoto: Arquivo pessoal<\/p>\n<p>                            Publicado 08\/12\/2025 17:35\n                    <\/p>\n<p>A ex-Miss Bumbum e atual empres\u00e1ria Daiana Nogueira est\u00e1 oficialmente de casamento marcado. Depois de ter seu nome envolvido em rumores de affair com Douglas Sousa, pai do jogador Endrick, do Real Madrid, a musa surpreendeu ao assumir para a coluna Daniel Nascimento o relacionamento com um policial militar do Rio de Janeiro, algu\u00e9m que, segundo ela, j\u00e1 fez parte de seu passado.<\/p>\n<p>Daiana revelou que foi pedida em casamento em Angra dos Reis, durante um passeio em alto-mar. Para selar o compromisso, ela fez uma tatuagem com as iniciais do noivo no pr\u00f3prio dedo, exatamente no local onde a alian\u00e7a ser\u00e1 colocada.<\/p>\n<p>Segundo a empres\u00e1ria, o reencontro reacendeu um sentimento que nunca deixou de existir. &#8220;A vida separou a gente por um bom tempo. Seguimos em outros relacionamentos, e a vida nos uniu novamente. Acredito muito que la\u00e7os verdadeiros n\u00e3o se desamarram com tanta facilidade&#8221;.<\/p>\n<p>Amigos da coluna tamb\u00e9m afirmam que o casal vive uma fase tranquila e apaixonada. Ap\u00f3s enfrentar um per\u00edodo turbulento com especula\u00e7\u00f5es e burburinhos, Daiana parece finalmente ter encontrado estabilidade emocional.<\/p>\n<p>Desejamos toda sorte do mundo aos pombinhos, depois de tanto vendaval, Daiana Nogueira merece viver esse novo cap\u00edtulo de felicidade.<\/p>\n","protected":false},"excerpt":{"rendered":"Ex-Miss Bumbum Daiana Nogueira anuncia casamento e assume romance com PM &#8211; Foto: Arquivo pessoal Ex-Miss Bumbum Daiana&hellip;\n","protected":false},"author":2,"featured_media":180624,"comment_status":"","ping_status":"","sticky":false,"template":"","format":"standard","meta":{"footnotes":""},"categories":[145],"tags":[211,210,37008,114,115,37007,980,37009,32,33,2007],"class_list":{"0":"post-180623","1":"post","2":"type-post","3":"status-publish","4":"format-standard","5":"has-post-thumbnail","7":"category-celebridades","8":"tag-celebridades","9":"tag-celebrities","10":"tag-daiana-nogueira","11":"tag-entertainment","12":"tag-entretenimento","13":"tag-ex-miss-bumbum","14":"tag-famosos","15":"tag-pai-do-endrick","16":"tag-portugal","17":"tag-pt","18":"tag-real-madrid"},"share_on_mastodon":{"url":"https:\/\/pubeurope.com\/@pt\/115686223533443160","error":""},"_links":{"self":[{"href":"https:\/\/www.europesays.com\/pt\/wp-json\/wp\/v2\/posts\/180623","targetHints":{"allow":["GET"]}}],"collection":[{"href":"https:\/\/www.europesays.com\/pt\/wp-json\/wp\/v2\/posts"}],"about":[{"href":"https:\/\/www.europesays.com\/pt\/wp-json\/wp\/v2\/types\/post"}],"author":[{"embeddable":true,"href":"https:\/\/www.europesays.com\/pt\/wp-json\/wp\/v2\/users\/2"}],"replies":[{"embeddable":true,"href":"https:\/\/www.europesays.com\/pt\/wp-json\/wp\/v2\/comments?post=180623"}],"version-history":[{"count":0,"href":"https:\/\/www.europesays.com\/pt\/wp-json\/wp\/v2\/posts\/180623\/revisions"}],"wp:featuredmedia":[{"embeddable":true,"href":"https:\/\/www.europesays.com\/pt\/wp-json\/wp\/v2\/media\/180624"}],"wp:attachment":[{"href":"https:\/\/www.europesays.com\/pt\/wp-json\/wp\/v2\/media?parent=180623"}],"wp:term":[{"taxonomy":"category","embeddable":true,"href":"https:\/\/www.europesays.com\/pt\/wp-json\/wp\/v2\/categories?post=180623"},{"taxonomy":"post_tag","embeddable":true,"href":"https:\/\/www.europesays.com\/pt\/wp-json\/wp\/v2\/tags?post=180623"}],"curies":[{"name":"wp","href":"https:\/\/api.w.org\/{rel}","templated":true}]}}