{"id":180644,"date":"2025-12-08T22:31:25","date_gmt":"2025-12-08T22:31:25","guid":{"rendered":"https:\/\/www.europesays.com\/pt\/180644\/"},"modified":"2025-12-08T22:31:25","modified_gmt":"2025-12-08T22:31:25","slug":"apple-ipad-air-11-com-17-de-desconto-na-amazon-dos-eua","status":"publish","type":"post","link":"https:\/\/www.europesays.com\/pt\/180644\/","title":{"rendered":"Apple iPad Air 11 com 17% de desconto na Amazon dos EUA"},"content":{"rendered":"<p>A <strong>Amazon<\/strong> est\u00e1 oferecendo at\u00e9 <a href=\"https:\/\/amzn.to\/4aluDKX\" target=\"_blank\" rel=\"noopener nofollow\">17% off na compra Apple iPad Air\u00a0 11\u00a0 <\/a>\u00a0pelo site da varejista dos EUA. A promo\u00e7\u00e3o \u00e9 uma \u00f3tima oportunidade para quem busca um tablet premium da Apple com pre\u00e7o reduzido.<\/p>\n<p><img fetchpriority=\"high\" decoding=\"async\" class=\"alignnone wp-image-491882 size-full\" src=\"https:\/\/www.europesays.com\/pt\/wp-content\/uploads\/2025\/12\/apple-ipad-11-pro-com-24-de-desconto-na-amazon-dos-eua-esfera-bf-4.png\" alt=\"\" width=\"1200\" height=\"627\"  \/><\/p>\n<p><strong>\u261e pular para\u2026<\/strong><\/p>\n<p><strong>Apple iPad Air\u00a0 11\u00a0 com desconto<\/strong><\/p>\n<p>Veja abaixo o exemplo de compra do Apple iPad\u00a0 vendido pelo site da Amazon dos EUA:<\/p>\n<p><strong>Apple iPadAir\u00a0 11 (128)<\/strong> | 17% de desconto \u2013 total U$ 499,00 \u2013<strong>\u00a0<a href=\"https:\/\/amzn.to\/4iGubt0\" target=\"_blank\" rel=\"noopener nofollow\">clique aqui<\/a><\/strong><\/p>\n<p><img loading=\"lazy\" decoding=\"async\" class=\"alignnone wp-image-493889 size-full\" src=\"https:\/\/www.europesays.com\/pt\/wp-content\/uploads\/2025\/12\/apple-ipad-11-com-21-de-desconto-na-amazon-dos-eua-d61a5602-5e3c-4210-9a09-2dbee09bb557.png\" alt=\"\" width=\"1081\" height=\"557\"  \/><\/p>\n<p><strong>Como alterar o pa\u00eds no site da Amazon\u00a0<\/strong><\/p>\n<p>Para aproveitar a oferta, \u00e9 necess\u00e1rio que o endere\u00e7o de entrega seja nos Estados Unidos. Abaixo vamos mostrar como alterar o local de entrega, e assim conseguir efetuar a compra dos AirTags com quase 68% de desconto em rela\u00e7\u00e3o ao Brasil. Confira:<\/p>\n<p>1. Acesse o site da Amazon e v\u00e1 em sua conta<\/p>\n<p><img loading=\"lazy\" decoding=\"async\" class=\"alignnone wp-image-330112 size-full\" src=\"https:\/\/www.europesays.com\/pt\/wp-content\/uploads\/2025\/12\/compre-airtags-na-amazon-eua-e-tenha-quase-70-de-desconto-em-relacao-ao-brasil-captura-de-tela-2024-.png\" alt=\"\" width=\"2880\" height=\"1210\"  \/><\/p>\n<p>2. Depois disso, v\u00e1 em endere\u00e7os para adicionar um novo local de entrega<\/p>\n<p><img loading=\"lazy\" decoding=\"async\" class=\"alignnone wp-image-330113 size-full\" src=\"https:\/\/www.europesays.com\/pt\/wp-content\/uploads\/2025\/12\/1765233079_337_compre-airtags-na-amazon-eua-e-tenha-quase-70-de-desconto-em-relacao-ao-brasil-captura-de-tela-2024-.png\" alt=\"\" width=\"2880\" height=\"1458\"  \/><\/p>\n<p>3. Pronto! Agora \u00e9 s\u00f3 preencher o endere\u00e7o de sua prefer\u00eancia nos Estados Unidos e realizar a compra.<\/p>\n<p><img loading=\"lazy\" decoding=\"async\" class=\"alignnone wp-image-330114 size-full\" src=\"https:\/\/www.europesays.com\/pt\/wp-content\/uploads\/2025\/12\/1765233080_738_compre-airtags-na-amazon-eua-e-tenha-quase-70-de-desconto-em-relacao-ao-brasil-captura-de-tela-2024-.png\" alt=\"\" width=\"2880\" height=\"1017\"  \/><\/p>\n<p><strong>Amazon Locker<\/strong><\/p>\n<p>Caso voc\u00ea deseje aproveitar alguma dessas ofertas, mas n\u00e3o pode receber agora, a Amazon possui um servi\u00e7o de arm\u00e1rios automatizados localizados em centenas de lugares nos EUA. Chamado de <strong>Amazon Locker<\/strong>, nestes lugares s\u00e3o depositadas as mercadorias vendidas pela empresa, sendo poss\u00edvel fazer a retirada de suas compras no hor\u00e1rio que for mais conveniente para voc\u00ea. Para isso, basta apenas o painel eletr\u00f4nico e o c\u00f3digo de acesso.<\/p>\n<p>Saiba mais como funciona o\u00a0Amazon Locker <a href=\"https:\/\/passageirodeprimeira.com\/como_funciona_o_amazon_locker\/\" target=\"_blank\" rel=\"noopener nofollow\">nessa mat\u00e9ria<\/a>.<\/p>\n<p><strong>Coment\u00e1rio<\/strong><\/p>\n<p>Para quem est\u00e1 com viagem marcada pros EUA ou ainda atualmente esteja no pa\u00eds, essa pode ser uma \u00f3tima oportunidade de adquirir a Apple iPad com desconto. Para realizar a pesquisa, <strong>n\u00e3o se esque\u00e7a de alterar o pa\u00eds no site da Amazon<\/strong> para um endere\u00e7o no EUA no canto superior esquerdo da tela.<\/p>\n<p>Pensa em aproveitar? Acesse o <a href=\"https:\/\/amzn.to\/3Ff1DE9\" target=\"_blank\" rel=\"noopener nofollow\">site da Amazon<\/a>.<\/p>\n<p><a href=\"https:\/\/whatsapp.com\/channel\/0029Va8bGKF3WHTUVfKjwF1y\" target=\"_blank\" rel=\"noopener nofollow\"><strong>\u261e Quer ficar por dentro de todas as novidades e promo\u00e7\u00f5es? Entre agora no nosso canal exclusivo do WhatsApp e receba na hora tudo o que for publicado no nosso site. Clique aqui e n\u00e3o perca mais nenhuma oportunidade!<\/strong><\/a><\/p>\n<p>\t\t\t\t\t\t\t\t            <img loading=\"lazy\" decoding=\"async\" class=\"img-responsive\" src=\"https:\/\/www.europesays.com\/pt\/wp-content\/uploads\/2025\/12\/expomilhas-expomilhas-logo-1-72x40.png\" width=\"56\" height=\"28\" alt=\"\"\/><br \/>\n\t\t\t\t\t\t\t\t            ExpoMilhas<\/p>\n<p>\n\t\t\t\t\t\t\t\t\t            ExpoMilhas<br \/>\n\t\t\t\t\t\t\t\t\t            Garanta o seu ingresso no maior evento de milhas do Brasil\n\t\t\t\t\t\t\t\t\t        <\/p>\n<p>\t\t\t\t\t\t\t\t            <img loading=\"lazy\" decoding=\"async\" class=\"img-responsive\" src=\"https:\/\/www.europesays.com\/pt\/wp-content\/uploads\/2025\/12\/passageiro-de-primeira-pp-whatsapp-80x40.png\" width=\"56\" height=\"28\" alt=\"\"\/><br \/>\n\t\t\t\t\t\t\t\t            Alertas de Viagem no WhatsApp<\/p>\n<p>\n\t\t\t\t\t\t\t\t\t            Alertas de Viagem no WhatsApp<br \/>\n\t\t\t\t\t\t\t\t\t            Receba Alertas de Viagem com milhas no WhatsApp\n\t\t\t\t\t\t\t\t\t        <\/p>\n<p>\t\t\t\t\t\t\t\t            <img loading=\"lazy\" decoding=\"async\" class=\"img-responsive\" src=\"https:\/\/www.europesays.com\/pt\/wp-content\/uploads\/2025\/12\/hoteis-com-design-sem-nome-2024-08-16t120534.422-76x40.png\" width=\"56\" height=\"28\" alt=\"\"\/><br \/>\n\t\t\t\t\t\t\t\t            Hot\u00e9is<\/p>\n<p>\n\t\t\t\t\t\t\t\t\t            Hot\u00e9is<br \/>\n\t\t\t\t\t\t\t\t\t            Ganhe 8% de desconto em estadias at\u00e9 31 de mar\u00e7o de 2026\n\t\t\t\t\t\t\t\t\t        <\/p>\n<p>\t\t\t\t\t\t\t\t            <img loading=\"lazy\" decoding=\"async\" class=\"img-responsive\" src=\"https:\/\/www.europesays.com\/pt\/wp-content\/uploads\/2025\/12\/inter-inter-logo-72x40.png\" width=\"56\" height=\"28\" alt=\"\"\/><br \/>\n\t\t\t\t\t\t\t\t            Inter<\/p>\n<p>\n\t\t\t\t\t\t\t\t\t            Inter<br \/>\n\t\t\t\t\t\t\t\t\t            Abra sua conta no Inter e aproveite in\u00fameras vantagens\n\t\t\t\t\t\t\t\t\t        <\/p>\n<p>\t\t\t\t\t<a class=\"cupom-mobile\" href=\"https:\/\/passageirodeprimeira.com\/cupons-de-desconto-e-ofertas\/\" rel=\"nofollow noopener\" target=\"_blank\"><br \/>\n\t\t\t\t\t\t\t\t\t\t\t\t\t\t\t\t\tVer todos os cupons<br \/>\n\t\t\t\t\t<\/a><\/p>\n","protected":false},"excerpt":{"rendered":"A Amazon est\u00e1 oferecendo at\u00e9 17% off na compra Apple iPad Air\u00a0 11\u00a0 \u00a0pelo site da varejista dos&hellip;\n","protected":false},"author":2,"featured_media":180645,"comment_status":"","ping_status":"","sticky":false,"template":"","format":"standard","meta":{"footnotes":""},"categories":[84],"tags":[109,107,108,32,33,105,103,104,106,110],"class_list":{"0":"post-180644","1":"post","2":"type-post","3":"status-publish","4":"format-standard","5":"has-post-thumbnail","7":"category-ciencia-e-tecnologia","8":"tag-ciencia","9":"tag-ciencia-e-tecnologia","10":"tag-cienciaetecnologia","11":"tag-portugal","12":"tag-pt","13":"tag-science","14":"tag-science-and-technology","15":"tag-scienceandtechnology","16":"tag-technology","17":"tag-tecnologia"},"share_on_mastodon":{"url":"https:\/\/pubeurope.com\/@pt\/115686322322773962","error":""},"_links":{"self":[{"href":"https:\/\/www.europesays.com\/pt\/wp-json\/wp\/v2\/posts\/180644","targetHints":{"allow":["GET"]}}],"collection":[{"href":"https:\/\/www.europesays.com\/pt\/wp-json\/wp\/v2\/posts"}],"about":[{"href":"https:\/\/www.europesays.com\/pt\/wp-json\/wp\/v2\/types\/post"}],"author":[{"embeddable":true,"href":"https:\/\/www.europesays.com\/pt\/wp-json\/wp\/v2\/users\/2"}],"replies":[{"embeddable":true,"href":"https:\/\/www.europesays.com\/pt\/wp-json\/wp\/v2\/comments?post=180644"}],"version-history":[{"count":0,"href":"https:\/\/www.europesays.com\/pt\/wp-json\/wp\/v2\/posts\/180644\/revisions"}],"wp:featuredmedia":[{"embeddable":true,"href":"https:\/\/www.europesays.com\/pt\/wp-json\/wp\/v2\/media\/180645"}],"wp:attachment":[{"href":"https:\/\/www.europesays.com\/pt\/wp-json\/wp\/v2\/media?parent=180644"}],"wp:term":[{"taxonomy":"category","embeddable":true,"href":"https:\/\/www.europesays.com\/pt\/wp-json\/wp\/v2\/categories?post=180644"},{"taxonomy":"post_tag","embeddable":true,"href":"https:\/\/www.europesays.com\/pt\/wp-json\/wp\/v2\/tags?post=180644"}],"curies":[{"name":"wp","href":"https:\/\/api.w.org\/{rel}","templated":true}]}}