{"id":180655,"date":"2025-12-08T22:43:06","date_gmt":"2025-12-08T22:43:06","guid":{"rendered":"https:\/\/www.europesays.com\/pt\/180655\/"},"modified":"2025-12-08T22:43:06","modified_gmt":"2025-12-08T22:43:06","slug":"aumento-de-risco-em-pacientes-soropositivos","status":"publish","type":"post","link":"https:\/\/www.europesays.com\/pt\/180655\/","title":{"rendered":"aumento de risco em pacientes soropositivos"},"content":{"rendered":"<p data-path-to-node=\"4\">Pessoas com o <a href=\"https:\/\/brasil.perfil.com\/saude\/injecao-reduziu-em-96-risco-de-infeccao-por-hiv-em-novo-estudo.phtml\" rel=\"nofollow noopener\" target=\"_blank\">V\u00edrus da Imunodefici\u00eancia Humana<\/a> (HIV) apresentam uma susceptibilidade maior a diversas condi\u00e7\u00f5es proctol\u00f3gicas. Esta constata\u00e7\u00e3o est\u00e1 associada \u00e0 imunossupress\u00e3o inerente \u00e0 infec\u00e7\u00e3o pelo HIV. A afirma\u00e7\u00e3o foi feita pelo Dr. <a href=\"https:\/\/drrodrigobarbosa.com.br\/\" rel=\"nofollow noopener\" target=\"_blank\"><strong>Rodrigo Barbosa<\/strong><\/a>, m\u00e9dico cirurgi\u00e3o do aparelho digestivo e proctologista atuante em S\u00e3o Paulo. O especialista enfatiza que os indiv\u00edduos soropositivos possuem necessidades espec\u00edficas de sa\u00fade digestiva e proctol\u00f3gica devido a essa vulnerabilidade aumentada.<\/p>\n<p data-path-to-node=\"5\">Entre os problemas de sa\u00fade mais recorrentes, o Dr. Rodrigo Barbosa lista as infec\u00e7\u00f5es anais e retais. Estas infec\u00e7\u00f5es s\u00e3o frequentemente causadas por agentes como o HPV (V\u00edrus do Papiloma Humano), a clam\u00eddia e a gonorreia. Tais agentes etiol\u00f3gicos podem manifestar um grau maior de agressividade em indiv\u00edduos cujo sistema imunol\u00f3gico est\u00e1 comprometido.<\/p>\n<p data-path-to-node=\"6\">Adicionalmente, o m\u00e9dico aponta que certas doen\u00e7as inflamat\u00f3rias intestinais (DII), como a retocolite ulcerativa e a doen\u00e7a de Crohn, tamb\u00e9m demonstram uma preval\u00eancia superior em pacientes que vivem com HIV. Outra preocupa\u00e7\u00e3o relevante \u00e9 o c\u00e2ncer anal, que possui um risco elevado, particularmente quando h\u00e1 uma infec\u00e7\u00e3o simult\u00e2nea pelo HPV.<\/p>\n<p data-path-to-node=\"7\">O Dr. Rodrigo Barbosa explica que as condi\u00e7\u00f5es proctol\u00f3gicas e as DII podem ter uma evolu\u00e7\u00e3o mais severa no quadro cl\u00ednico de pacientes soropositivos. Por essa raz\u00e3o, o diagn\u00f3stico precoce e a manuten\u00e7\u00e3o de um acompanhamento m\u00e9dico cont\u00ednuo s\u00e3o indicados como essenciais para esta popula\u00e7\u00e3o.<\/p>\n<p data-path-to-node=\"8\">A realiza\u00e7\u00e3o de exames espec\u00edficos, como a anuscopia de alta resolu\u00e7\u00e3o, \u00e9 destacada como uma ferramenta de valor especial para pacientes que possuem fatores de risco para o desenvolvimento de infec\u00e7\u00f5es anais, les\u00f5es anais, c\u00e2ncer de anal e doen\u00e7as inflamat\u00f3rias intestinais. A execu\u00e7\u00e3o desses exames permite a identifica\u00e7\u00e3o e a implementa\u00e7\u00e3o de interven\u00e7\u00f5es precoces, o que pode contribuir para a redu\u00e7\u00e3o de complica\u00e7\u00f5es.<\/p>\n<p data-path-to-node=\"9\">O especialista tamb\u00e9m ressalta a import\u00e2ncia de combater o estigma associado ao HIV. O estigma pode ser um fator que afasta as pessoas soropositivas da busca por consultas m\u00e9dicas e exames preventivos. O m\u00e9dico conclui que a procura por acompanhamento regular \u00e9 uma atitude de autocuidado e um meio de preven\u00e7\u00e3o contra o surgimento de problemas de sa\u00fade mais complexos no futuro.<\/p>\n","protected":false},"excerpt":{"rendered":"Pessoas com o V\u00edrus da Imunodefici\u00eancia Humana (HIV) apresentam uma susceptibilidade maior a diversas condi\u00e7\u00f5es proctol\u00f3gicas. Esta constata\u00e7\u00e3o&hellip;\n","protected":false},"author":2,"featured_media":180656,"comment_status":"","ping_status":"","sticky":false,"template":"","format":"standard","meta":{"footnotes":""},"categories":[86],"tags":[37012,37013,37014,37015,116,1175,12231,24015,37016,32,37017,33,117,37018],"class_list":{"0":"post-180655","1":"post","2":"type-post","3":"status-publish","4":"format-standard","5":"has-post-thumbnail","7":"category-saude","8":"tag-acompanhamento-medico-hiv","9":"tag-anuscopia-de-alta-resolucao","10":"tag-cancer-anal","11":"tag-doencas-inflamatorias-intestinais","12":"tag-health","13":"tag-hiv","14":"tag-hpv","15":"tag-imunossupressao","16":"tag-infeccoes-sexualmente-transmissiveis-ists","17":"tag-portugal","18":"tag-proctologia","19":"tag-pt","20":"tag-saude","21":"tag-soropositivos"},"share_on_mastodon":{"url":"https:\/\/pubeurope.com\/@pt\/115686369089809609","error":""},"_links":{"self":[{"href":"https:\/\/www.europesays.com\/pt\/wp-json\/wp\/v2\/posts\/180655","targetHints":{"allow":["GET"]}}],"collection":[{"href":"https:\/\/www.europesays.com\/pt\/wp-json\/wp\/v2\/posts"}],"about":[{"href":"https:\/\/www.europesays.com\/pt\/wp-json\/wp\/v2\/types\/post"}],"author":[{"embeddable":true,"href":"https:\/\/www.europesays.com\/pt\/wp-json\/wp\/v2\/users\/2"}],"replies":[{"embeddable":true,"href":"https:\/\/www.europesays.com\/pt\/wp-json\/wp\/v2\/comments?post=180655"}],"version-history":[{"count":0,"href":"https:\/\/www.europesays.com\/pt\/wp-json\/wp\/v2\/posts\/180655\/revisions"}],"wp:featuredmedia":[{"embeddable":true,"href":"https:\/\/www.europesays.com\/pt\/wp-json\/wp\/v2\/media\/180656"}],"wp:attachment":[{"href":"https:\/\/www.europesays.com\/pt\/wp-json\/wp\/v2\/media?parent=180655"}],"wp:term":[{"taxonomy":"category","embeddable":true,"href":"https:\/\/www.europesays.com\/pt\/wp-json\/wp\/v2\/categories?post=180655"},{"taxonomy":"post_tag","embeddable":true,"href":"https:\/\/www.europesays.com\/pt\/wp-json\/wp\/v2\/tags?post=180655"}],"curies":[{"name":"wp","href":"https:\/\/api.w.org\/{rel}","templated":true}]}}