{"id":180681,"date":"2025-12-08T23:11:40","date_gmt":"2025-12-08T23:11:40","guid":{"rendered":"https:\/\/www.europesays.com\/pt\/180681\/"},"modified":"2025-12-08T23:11:40","modified_gmt":"2025-12-08T23:11:40","slug":"isabel-veloso-esta-estavel-diz-marido-veja-atualizacao-do-estado-de-saude-e-apelo-de-lucas-borbas","status":"publish","type":"post","link":"https:\/\/www.europesays.com\/pt\/180681\/","title":{"rendered":"Isabel Veloso est\u00e1 est\u00e1vel, diz marido; veja atualiza\u00e7\u00e3o do estado de sa\u00fade e apelo de Lucas Borbas"},"content":{"rendered":"<p>\n                        O jovem lamentou que as pessoas estejam compartilhando fotos de Isabel em &#8216;extrema fragilidade&#8217;; influenciadora est\u00e1 na UTI e &#8216;com a ajuda de aparelhos&#8217;\n                    <\/p>\n<p class=\"text\">A influencer <b>Isabel Veloso<\/b>, 19, segue internada na UTI de um hospital de Curitiba. Ela est\u00e1 est\u00e1vel, mas ainda com ajuda de aparelhos. A atualiza\u00e7\u00e3o foi feita pelo marido da influenciadora, Lucas Borbas, nos stories no Instagram. Ele aproveitou ainda para pedir ora\u00e7\u00f5es e criticou a divulga\u00e7\u00e3o de imagens da influencer em estado fr\u00e1gil.<\/p>\n<p><img loading=\"lazy\" decoding=\"async\" alt=\"Lucas Borbas ao lado de Isabel Veloso. Influencer est\u00e1 internada desde 26 de novembro mas segue est\u00e1vel\" class=\"img-af0df3a758426e983809916cc94b60c6esd5lq6h\" height=\"1032\" src=\"https:\/\/www.europesays.com\/pt\/wp-content\/uploads\/2025\/12\/2022652858-qgqabwmwurbt7awmab3e7hmu6u.jpg\"  title=\"Lucas Borbas ao lado de Isabel Veloso. Influencer est\u00e1 internada desde 26 de novembro mas segue est\u00e1vel\" width=\"774\"\/><\/p>\n<p>Lucas Borbas ao lado de Isabel Veloso. Influencer est\u00e1 internada desde 26 de novembro mas segue est\u00e1vel<\/p>\n<p>Foto: @lucasborbass via Instagram \/ Estad\u00e3o<\/p>\n<p class=\"text\">&#8220;A Isabel est\u00e1 est\u00e1vel, ainda com ajuda de aparelhos. \u00c9 um momento delicado e, como marido preciso dizer: Podem postar fotos dela cheia de vida, sorrindo, vivendo &#8211; porque \u00e9 assim que eu vejo a minha Isa. O que ela passa agora \u00e9 um trecho, n\u00e3o o fim. Eu creio nisso. E obrigada a cada um que ora por ela e sil\u00eancio. A f\u00e9 de voc\u00eas tem sustentado a gente&#8221;, ele escreveu.<\/p>\n<p class=\"text\">Lembrando que Isabel \u00e9 uma figura p\u00fablica e acompanhada por muitas pessoas, Borbas disse ainda que tem observado com &#8220;profunda tristeza e preocupa\u00e7\u00e3o, a divulga\u00e7\u00e3o de imagens e informa\u00e7\u00f5es que exp\u00f5em Isabel em um momento de extrema fragilidade, pr\u00e1ticas que, al\u00e9m de desnecess\u00e1rias, contrariam as orienta\u00e7\u00f5es da institui\u00e7\u00e3o onde ela est\u00e1 internada e violam sua privacidade&#8221;.<\/p>\n<p class=\"text\">&#8220;A fam\u00edlia reconhece e valoriza todas as ora\u00e7\u00f5es e manifesta\u00e7\u00f5es de carinho. Contudo, lamentamos que algumas pessoas utilizem a f\u00e9 e a fragilidade de Isabel como forma de obter visibilidade nas redes sociais&#8221;, diz ainda parte da publica\u00e7\u00e3o.<\/p>\n<p>O estado de sa\u00fade de Isabel Veloso<\/p>\n<p class=\"text\">Isabel est\u00e1 internada no Hospital de Curitiba desde 26 de novembro. Os exames apontaram um excesso de magn\u00e9sio no sangue e ela chegou a ser transferida para Unidade de Terapia Intensiva (UTI), mas teve alta e continuou o tratamento no quarto.<\/p>\n<p class=\"text\">Na semana passada, a influencer foi internada novamente na UTI, ap\u00f3s ser diagnosticada com um quadro grave de pneumonia, e na \u00faltima quinta, 4, foi entubada pela segunda vez nesta interna\u00e7\u00e3o.<\/p>\n<p class=\"text\">Veloso foi diagnosticada em 2021 com um linfoma de Hodgkin, c\u00e2ncer agressivo que se origina no sistema linf\u00e1tico e passou por tratamento paliativo por anos. Em maio de 2025, ela revelou que a doen\u00e7a estava em remiss\u00e3o, contrariando o progn\u00f3stico de muitos m\u00e9dicos, e em outubro, ela passou por um transplante de medula.<\/p>\n","protected":false},"excerpt":{"rendered":"O jovem lamentou que as pessoas estejam compartilhando fotos de Isabel em &#8216;extrema fragilidade&#8217;; influenciadora est\u00e1 na UTI&hellip;\n","protected":false},"author":2,"featured_media":180682,"comment_status":"","ping_status":"","sticky":false,"template":"","format":"standard","meta":{"footnotes":""},"categories":[145],"tags":[211,210,114,115,7733,32,33],"class_list":{"0":"post-180681","1":"post","2":"type-post","3":"status-publish","4":"format-standard","5":"has-post-thumbnail","7":"category-celebridades","8":"tag-celebridades","9":"tag-celebrities","10":"tag-entertainment","11":"tag-entretenimento","12":"tag-isabel-veloso","13":"tag-portugal","14":"tag-pt"},"share_on_mastodon":{"url":"https:\/\/pubeurope.com\/@pt\/115686479494459943","error":""},"_links":{"self":[{"href":"https:\/\/www.europesays.com\/pt\/wp-json\/wp\/v2\/posts\/180681","targetHints":{"allow":["GET"]}}],"collection":[{"href":"https:\/\/www.europesays.com\/pt\/wp-json\/wp\/v2\/posts"}],"about":[{"href":"https:\/\/www.europesays.com\/pt\/wp-json\/wp\/v2\/types\/post"}],"author":[{"embeddable":true,"href":"https:\/\/www.europesays.com\/pt\/wp-json\/wp\/v2\/users\/2"}],"replies":[{"embeddable":true,"href":"https:\/\/www.europesays.com\/pt\/wp-json\/wp\/v2\/comments?post=180681"}],"version-history":[{"count":0,"href":"https:\/\/www.europesays.com\/pt\/wp-json\/wp\/v2\/posts\/180681\/revisions"}],"wp:featuredmedia":[{"embeddable":true,"href":"https:\/\/www.europesays.com\/pt\/wp-json\/wp\/v2\/media\/180682"}],"wp:attachment":[{"href":"https:\/\/www.europesays.com\/pt\/wp-json\/wp\/v2\/media?parent=180681"}],"wp:term":[{"taxonomy":"category","embeddable":true,"href":"https:\/\/www.europesays.com\/pt\/wp-json\/wp\/v2\/categories?post=180681"},{"taxonomy":"post_tag","embeddable":true,"href":"https:\/\/www.europesays.com\/pt\/wp-json\/wp\/v2\/tags?post=180681"}],"curies":[{"name":"wp","href":"https:\/\/api.w.org\/{rel}","templated":true}]}}