{"id":180683,"date":"2025-12-08T23:14:12","date_gmt":"2025-12-08T23:14:12","guid":{"rendered":"https:\/\/www.europesays.com\/pt\/180683\/"},"modified":"2025-12-08T23:14:12","modified_gmt":"2025-12-08T23:14:12","slug":"terca-na-tv-em-conclave-ao-ritmo-dos-masaka-kids-televisao","status":"publish","type":"post","link":"https:\/\/www.europesays.com\/pt\/180683\/","title":{"rendered":"Ter\u00e7a na TV: em Conclave, ao ritmo dos Masaka Kids | Televis\u00e3o"},"content":{"rendered":"<p>CINEMA<\/p>\n<p dir=\"ltr\"><strong><a href=\"https:\/\/cinecartaz.publico.pt\/filme\/the-new-year-that-never-came-412805\" rel=\"nofollow noopener\" target=\"_blank\">O Ano Novo Que N\u00e3o Aconteceu<\/a><\/strong><br \/><strong>TVCine Edition, 14h35<\/strong><\/p>\n<p dir=\"ltr\">Bucareste (Rom\u00e9nia), 20 de Dezembro de 1989. Ao chegarem ao fim 25 anos de ditadura comunista sob Nicolae Ceausescu (1918- 1989), as vidas e lutas pessoais de seis desconhecidos entrela\u00e7am-se, no meio de protestos nas ruas, arte subversiva e dramas familiares. Filmado em 4:3 e em tons de cinza pelo romeno Bogdan Muresanu, este filme sobre resist\u00eancia e coragem exp\u00f5e a forma como as batalhas individuais est\u00e3o profundamente ligadas \u00e0 hist\u00f3ria de uma na\u00e7\u00e3o.<\/p>\n<p dir=\"ltr\"><strong><a href=\"https:\/\/cinecartaz.publico.pt\/filme\/joker-396482\" rel=\"nofollow noopener\" target=\"_blank\">Joker<\/a><\/strong><br \/><strong>Hollywood, 17h21<\/strong><\/p>\n<p dir=\"ltr\">Na Gotham dos anos 1980, o comediante Arthur Fleck esfor\u00e7a-se por arrancar sorrisos e manter a lucidez. Mas um ataque violento faz com que a sua j\u00e1 t\u00e9nue lucidez se desintegre. Das profundezas da sua mente atormentada, surge o psicopata impiedoso que ser\u00e1 conhecido pelo nome de Joker, o grande antagonista de Batman. Vencedor de dois \u00d3scares \u2013 um para Joaquin Phoenix no papel principal \u2013 e do Le\u00e3o de Ouro em Veneza, um thriller de Todd Phillips.<\/p>\n<p dir=\"ltr\"><strong><a href=\"https:\/\/cinecartaz.publico.pt\/filme\/conclave-412678\" rel=\"nofollow noopener\" target=\"_blank\">Conclave<\/a><br \/>Nos Studios, 19h21<\/strong><\/p>\n<p dir=\"ltr\">O Papa morreu e tem de ser encontrado um novo l\u00edder. Cabe ao cardeal Thomas Lawrence organizar o conclave e supervisionar o processo de selec\u00e7\u00e3o dos candidatos. H\u00e1 118 cardeais ali reunidos, totalmente isolados por 72 horas para que possam decidir em quem votar. N\u00e3o tarda at\u00e9 Lawrence suspeitar de uma conspira\u00e7\u00e3o que amea\u00e7a os alicerces da Igreja Cat\u00f3lica. Com argumento de Peter Straughan, que adapta ao grande ecr\u00e3 o best-seller de Robert Harris, este thriller nomeado para v\u00e1rios \u00d3scares tem realiza\u00e7\u00e3o de Edward Berger e conta no elenco com Ralph Fiennes, Stanley Tucci, John Lithgow, Lucian Msamati, Sergio Castellitto e Isabella Rossellini.<\/p>\n<p><strong><a href=\"https:\/\/cinecartaz.publico.pt\/filme\/linhas-de-sangue-387732\" rel=\"nofollow noopener\" target=\"_blank\">Linhas de Sangue<\/a><\/strong><br \/><strong>RTP1, 23h37<\/strong><\/p>\n<p dir=\"ltr\">A paz em Portugal est\u00e1 amea\u00e7ada. Crimes dispersos acontecem por todo o pa\u00eds, mas t\u00eam uma liga\u00e7\u00e3o entre si. Como as autoridades n\u00e3o cumprem o seu dever de desmantelar essa rede criminosa, um grupo de justiceiros decide agir por conta pr\u00f3pria. Liderados por Manuel Chan\u00e7a, \u201cuma velha gl\u00f3ria das for\u00e7as secretas portuguesas\u201d, e com o aux\u00edlio das Amazonas do Tejo, estes her\u00f3is e anti-her\u00f3is \u00e0 portuguesa v\u00e3o ter de fazer frente aos Padeiros da Meia-noite e aos Motoqueiros do Apocalipse e combater a omnipresente amea\u00e7a do Chanceler. Uma com\u00e9dia de S\u00e9rgio Graciano e Manuel Pureza, com Kelly Bailey, Soraia Chaves, Alba Baptista, Jos\u00e9 Fidalgo, Jos\u00e9 Raposo, Pedro Hossi e muitos outros.<\/p>\n<p>S\u00c9RIE<\/p>\n<p dir=\"ltr\"><strong>A Paz de Marselha<\/strong><br \/><strong>Netflix, streaming<\/strong><\/p>\n<p dir=\"ltr\">Entra na segunda temporada a s\u00e9rie francesa de Kamel Guemra em torno de uma brigada policial que tenta evitar que Marselha fique mergulhada na disputa sangrenta entre os gangues de narcotr\u00e1fico que se digladiam pelo poder \u2014 nem que, para isso, tenha de usar m\u00e9todos pouco conformes \u00e0 lei. Saem seis novos epis\u00f3dios.<\/p>\n<p>DOCUMENT\u00c1RIOS<\/p>\n<p dir=\"ltr\"><strong>Masaka Kids: Uma Miss\u00e3o com Ritmo<\/strong><br \/><strong>Netflix, streaming<\/strong><\/p>\n<p dir=\"ltr\">Estreia. \u00c9 poss\u00edvel que j\u00e1 os tenha visto no seu telem\u00f3vel. \u201cDan\u00e7ar, erguer e brilhar\u201d \u00e9 o lema deste <a href=\"http:\/\/masakakidsafricana.com\" target=\"_blank\" rel=\"nofollow noopener\">grupo de crian\u00e7as<\/a> de um orfanato do Uganda que encontrou uma forma de recuperar, criar la\u00e7os e curar feridas atrav\u00e9s de \u201cum v\u00eddeo viral de dan\u00e7a de cada vez\u201d, descreve a Netflix. O projecto n\u00e3o s\u00f3 lhes tem permitido esquecer a pobreza, a guerra e a doen\u00e7a que as rodeia, pelo menos enquanto ensaiam e gravam as suas coreografias, como lhes devolve a esperan\u00e7a e envolve em sonhos que nunca imaginariam estar ao seu alcance. O document\u00e1rio \u00e9 filmado por Moses Bwayo (nomeado para um \u00d3scar por Bobi Wine: O Presidente do Povo) e David Vieira Lopez.<\/p>\n<p dir=\"ltr\"><strong>Luiz Villas-Boas: A \u00daltima Viagem<\/strong><br \/><strong>RTP2, 00h53<\/strong><\/p>\n<p dir=\"ltr\">Luiz Villas-Boas (1924-1999), um dos maiores nomes da divulga\u00e7\u00e3o e promo\u00e7\u00e3o do jazz em Portugal e fundador do Hot Clube de Portugal, \u00e9 o alvo deste document\u00e1rio assinado pelo m\u00fasico e actor Laurent Filipe. Al\u00e9m de recordar Villas-Boas, a quem chamam \u201cpai do jazz em Portugal\u201d e cujo nome est\u00e1 tamb\u00e9m ligado \u00e0 resist\u00eancia antifascista, pretende olhar para a primeira edi\u00e7\u00e3o, por ele organizada, do Cascais Jazz, em 1971, onde tocaram figuras como Ornette Coleman, Charlie Haden, Art Blakey, Miles Davis, Dizzy Gillespie ou Thelonious Monk.<\/p>\n<p>        &#13;<\/p>\n<p>&#13;<br \/>\n                &#13;\n            <\/p>\n<p>&#13;<\/p>\n","protected":false},"excerpt":{"rendered":"CINEMA O Ano Novo Que N\u00e3o AconteceuTVCine Edition, 14h35 Bucareste (Rom\u00e9nia), 20 de Dezembro de 1989. Ao chegarem&hellip;\n","protected":false},"author":2,"featured_media":180684,"comment_status":"","ping_status":"","sticky":false,"template":"","format":"standard","meta":{"footnotes":""},"categories":[142],"tags":[470,1413,1414,114,115,294,542,32,33,291,941,940,218,151],"class_list":{"0":"post-180683","1":"post","2":"type-post","3":"status-publish","4":"format-standard","5":"has-post-thumbnail","7":"category-tv","8":"tag-cinema","9":"tag-cultura-ipsilon","10":"tag-documentario","11":"tag-entertainment","12":"tag-entretenimento","13":"tag-lazer","14":"tag-para-redes","15":"tag-portugal","16":"tag-pt","17":"tag-relaxar","18":"tag-series","19":"tag-streaming","20":"tag-televisao","21":"tag-tv"},"share_on_mastodon":{"url":"https:\/\/pubeurope.com\/@pt\/115686491007124465","error":""},"_links":{"self":[{"href":"https:\/\/www.europesays.com\/pt\/wp-json\/wp\/v2\/posts\/180683","targetHints":{"allow":["GET"]}}],"collection":[{"href":"https:\/\/www.europesays.com\/pt\/wp-json\/wp\/v2\/posts"}],"about":[{"href":"https:\/\/www.europesays.com\/pt\/wp-json\/wp\/v2\/types\/post"}],"author":[{"embeddable":true,"href":"https:\/\/www.europesays.com\/pt\/wp-json\/wp\/v2\/users\/2"}],"replies":[{"embeddable":true,"href":"https:\/\/www.europesays.com\/pt\/wp-json\/wp\/v2\/comments?post=180683"}],"version-history":[{"count":0,"href":"https:\/\/www.europesays.com\/pt\/wp-json\/wp\/v2\/posts\/180683\/revisions"}],"wp:featuredmedia":[{"embeddable":true,"href":"https:\/\/www.europesays.com\/pt\/wp-json\/wp\/v2\/media\/180684"}],"wp:attachment":[{"href":"https:\/\/www.europesays.com\/pt\/wp-json\/wp\/v2\/media?parent=180683"}],"wp:term":[{"taxonomy":"category","embeddable":true,"href":"https:\/\/www.europesays.com\/pt\/wp-json\/wp\/v2\/categories?post=180683"},{"taxonomy":"post_tag","embeddable":true,"href":"https:\/\/www.europesays.com\/pt\/wp-json\/wp\/v2\/tags?post=180683"}],"curies":[{"name":"wp","href":"https:\/\/api.w.org\/{rel}","templated":true}]}}