{"id":180698,"date":"2025-12-08T23:26:36","date_gmt":"2025-12-08T23:26:36","guid":{"rendered":"https:\/\/www.europesays.com\/pt\/180698\/"},"modified":"2025-12-08T23:26:36","modified_gmt":"2025-12-08T23:26:36","slug":"francisco-monteiro-revela-mudanca-causada-por-motivos-de-forca-maior-e-deixa-sentido-agradecimento","status":"publish","type":"post","link":"https:\/\/www.europesays.com\/pt\/180698\/","title":{"rendered":"Francisco Monteiro revela mudan\u00e7a causada &#8220;por motivos de for\u00e7a maior&#8221;&#8230; e deixa sentido agradecimento!"},"content":{"rendered":"<p>Francisco Monteiro tinha revelado aos seguidores do Instagram que regressaria, esta segunda-feira, dia 8, \u00e0 antena da <a href=\"https:\/\/tvi.iol.pt\/\" target=\"_blank\" rel=\"nofollow noopener\">TVI<\/a>, para analisar os principais acontecimentos da nona edi\u00e7\u00e3o de &#8220;<a href=\"https:\/\/tvi.iol.pt\/secretstory\/\" target=\"_blank\" rel=\"nofollow noopener\">Secret Story<\/a> &#8211; Casa dos Segredos&#8221;. Contudo, tal j\u00e1 n\u00e3o vai acontecer.<\/p>\n<p>&#8220;Por motivos de for\u00e7a maior, farei o programa de ter\u00e7a (&#8216;Extra&#8217;) e o programa de quarta (&#8216;Di\u00e1rio&#8217; e &#8216;\u00daltima Hora&#8217;)&#8221;, contou <a href=\"https:\/\/selfie.iol.pt\/famosos\/francisco-monteiro\/francisco-monteiro-vitima-de-grupos-organizados-condiciona-totalmente-a-minha-vida\/20251205\/6932fbc8d34e2bd5c6d4c950\" target=\"_blank\" rel=\"nofollow noopener\">Francisco Monteiro<\/a>, mais conhecido como Zaza.<\/p>\n<p>A enfrentar a separa\u00e7\u00e3o de B\u00e1rbara Parada, o comentador do reality show da esta\u00e7\u00e3o de Queluz de Baixo deixou, no fim, um sentido agradecimento aos f\u00e3s. &#8220;Obrigado pelo vosso apoio e por todas as mensagens de carinho que me t\u00eam enviado&#8221;, rematou, concluindo com um emoji em forma de cora\u00e7\u00e3o.<\/p>\n<p>Veja, agora, nas galerias que prepar\u00e1mos para si, as melhores imagens de <a href=\"https:\/\/selfie.iol.pt\/famosos\/casa-dos-segredos\/apos-tres-meses-e-com-companhia-especial-francisco-monteiro-garante-tudo-a-ficar-no-devido-lugar\/20251207\/6935364fd34e3caad84c1bbd\" target=\"_blank\" rel=\"nofollow noopener\">Francisco Monteiro<\/a>.<\/p>\n<p style=\"text-align:center\"><img loading=\"lazy\" decoding=\"async\" alt=\"\" height=\"889\" src=\"https:\/\/www.europesays.com\/pt\/wp-content\/uploads\/2025\/12\/6936f5c6d34e2bd5c6d4dc49.webp\" width=\"500\"\/><\/p>\n<p>\u00a0<\/p>\n","protected":false},"excerpt":{"rendered":"Francisco Monteiro tinha revelado aos seguidores do Instagram que regressaria, esta segunda-feira, dia 8, \u00e0 antena da TVI,&hellip;\n","protected":false},"author":2,"featured_media":180699,"comment_status":"","ping_status":"","sticky":false,"template":"","format":"standard","meta":{"footnotes":""},"categories":[145],"tags":[2151,2632,13471,211,210,13933,2287,114,115,20987,980,2071,1015,619,1017,32,33,1014,5870,1315,6985,16687,16686,1012,6986,16688,162,2512,12181],"class_list":{"0":"post-180698","1":"post","2":"type-post","3":"status-publish","4":"format-standard","5":"has-post-thumbnail","7":"category-celebridades","8":"tag-barbara-parada","9":"tag-casa-dos-segredos","10":"tag-casa-dos-segredos-9","11":"tag-celebridades","12":"tag-celebrities","13":"tag-comentador","14":"tag-diario","15":"tag-entertainment","16":"tag-entretenimento","17":"tag-extra","18":"tag-famosos","19":"tag-francisco-monteiro","20":"tag-instagram","21":"tag-nacional","22":"tag-namoro","23":"tag-portugal","24":"tag-pt","25":"tag-reality-show","26":"tag-relacao","27":"tag-secret-story","28":"tag-secret-story-casa-dos-segredos","29":"tag-secret-story-casa-dos-segredos-9","30":"tag-secret-story-9","31":"tag-selfie","32":"tag-ss","33":"tag-ss9","34":"tag-tvi","35":"tag-ultima-hora","36":"tag-zaza"},"share_on_mastodon":{"url":"https:\/\/pubeurope.com\/@pt\/115686538427992597","error":""},"_links":{"self":[{"href":"https:\/\/www.europesays.com\/pt\/wp-json\/wp\/v2\/posts\/180698","targetHints":{"allow":["GET"]}}],"collection":[{"href":"https:\/\/www.europesays.com\/pt\/wp-json\/wp\/v2\/posts"}],"about":[{"href":"https:\/\/www.europesays.com\/pt\/wp-json\/wp\/v2\/types\/post"}],"author":[{"embeddable":true,"href":"https:\/\/www.europesays.com\/pt\/wp-json\/wp\/v2\/users\/2"}],"replies":[{"embeddable":true,"href":"https:\/\/www.europesays.com\/pt\/wp-json\/wp\/v2\/comments?post=180698"}],"version-history":[{"count":0,"href":"https:\/\/www.europesays.com\/pt\/wp-json\/wp\/v2\/posts\/180698\/revisions"}],"wp:featuredmedia":[{"embeddable":true,"href":"https:\/\/www.europesays.com\/pt\/wp-json\/wp\/v2\/media\/180699"}],"wp:attachment":[{"href":"https:\/\/www.europesays.com\/pt\/wp-json\/wp\/v2\/media?parent=180698"}],"wp:term":[{"taxonomy":"category","embeddable":true,"href":"https:\/\/www.europesays.com\/pt\/wp-json\/wp\/v2\/categories?post=180698"},{"taxonomy":"post_tag","embeddable":true,"href":"https:\/\/www.europesays.com\/pt\/wp-json\/wp\/v2\/tags?post=180698"}],"curies":[{"name":"wp","href":"https:\/\/api.w.org\/{rel}","templated":true}]}}