{"id":180708,"date":"2025-12-08T23:35:15","date_gmt":"2025-12-08T23:35:15","guid":{"rendered":"https:\/\/www.europesays.com\/pt\/180708\/"},"modified":"2025-12-08T23:35:15","modified_gmt":"2025-12-08T23:35:15","slug":"estrutura-rara-em-marte-exibe-forma-de-borboleta-e-revela-gelo-subterraneo-noticias-r7","status":"publish","type":"post","link":"https:\/\/www.europesays.com\/pt\/180708\/","title":{"rendered":"Estrutura rara em Marte exibe forma de borboleta e revela gelo subterr\u00e2neo \u2013 Noticias R7"},"content":{"rendered":"<p><img decoding=\"async\" data-chromatic=\"ignore\" alt=\"\" class=\"c-image\" loading=\"lazy\" src=\"https:\/\/www.europesays.com\/pt\/wp-content\/uploads\/2025\/12\/U5AW74YNJFD3XJA67CXJK6PZCY.jpeg\"  width=\"2048\" height=\"1152\"\/>Cratera marciana exibe forma de borboleta e revela gelo subterr\u00e2neo. (Imagem: ESA Space Science Hub) Fala Ci\u00eancia <\/p>\n<p class=\"jarvics:base-text-neutral-high-400 base-text-[calc(theme(fontSize.xs)_*_var(--font-size,_1))] base-font-normal base-font-primary base-text-neutral-low-500 base-text-left\">\n<p>Uma estrutura inesperada registrada pela <strong>Mars Express<\/strong> reacendeu o interesse sobre os processos que moldam a superf\u00edcie de Marte. A imagem mostra uma <strong>cratera oval com padr\u00f5es de eje\u00e7\u00e3o que lembram uma borboleta<\/strong>, resultado de um impacto incomum capaz de revelar como rochas espaciais interagem com camadas geladas abaixo do solo marciano. A forma assim\u00e9trica e os l\u00f3bulos de material expelido s\u00e3o t\u00e3o marcantes que se tornaram um novo objeto de estudo nas plan\u00edcies do norte do planeta.<\/p>\n<\/p>\n<p class=\"jarvics:base-text-neutral-high-400 base-text-[calc(theme(fontSize.xs)_*_var(--font-size,_1))] base-font-normal base-font-primary base-text-neutral-low-500 base-text-left\">\n<p>Antes de avan\u00e7ar nos detalhes da forma\u00e7\u00e3o, vale compreender os elementos que tornam essa cratera especialmente valiosa para a geologia planet\u00e1ria:<\/p>\n<\/p>\n<p class=\"jarvics:base-text-neutral-high-400 base-text-[calc(theme(fontSize.xs)_*_var(--font-size,_1))] base-font-normal base-font-primary base-text-neutral-low-500 base-text-left\">\n<ul class=\"wp-block-list\">\n<li>Impacto obl\u00edquo que gerou eje\u00e7\u00e3o direcionada, formando \u201casas\u201d irregulares;<\/li>\n<li>Evid\u00eancias de <strong>gelo subterr\u00e2neo derretido<\/strong>, resultando em fluxos de lama;<\/li>\n<li>Presen\u00e7a de minerais como <strong>ferro e magn\u00e9sio<\/strong>, associados ao vulcanismo antigo;<\/li>\n<li>Ind\u00edcios de uma paisagem marcada por mesas elevadas e eros\u00e3o intensa.<\/li>\n<\/ul>\n<p class=\"jarvics:base-text-neutral-high-400 base-text-[calc(theme(fontSize.xs)_*_var(--font-size,_1))] base-font-normal base-font-primary base-text-neutral-low-500 base-text-left\"><strong>O impacto que moldou a \u201cborboleta marciana\u201d<\/strong><\/p>\n<p><img decoding=\"async\" data-chromatic=\"ignore\" alt=\"\" class=\"c-image\" loading=\"lazy\" src=\"https:\/\/www.europesays.com\/pt\/wp-content\/uploads\/2025\/12\/ZYS3FVSPWND3POGUX4UCOJZTW4.jpeg\"  width=\"1024\" height=\"576\"\/>Impacto obl\u00edquo cria estrutura rara e transforma paisagem de Marte. (Imagem: ESA Space Science Hub)<br \/>\n Fala Ci\u00eancia <\/p>\n<p class=\"jarvics:base-text-neutral-high-400 base-text-[calc(theme(fontSize.xs)_*_var(--font-size,_1))] base-font-normal base-font-primary base-text-neutral-low-500 base-text-left\">\n<p>A colis\u00e3o ocorreu em \u00e2ngulo raso, espalhando material para dire\u00e7\u00f5es preferenciais e dando origem ao contorno semelhante a asas. O n\u00facleo da forma\u00e7\u00e3o, com cerca de <strong>20 por 15 quil\u00f4metros<\/strong>, apresenta textura lisa, refor\u00e7ando a ideia de que o impacto atingiu <strong>dep\u00f3sitos congelados<\/strong>. O calor liberado transformou esse gelo em lama, que escorreu e se espalhou de forma assim\u00e9trica, produzindo o desenho singular observado hoje.<\/p>\n<\/p>\n<p class=\"jarvics:base-text-neutral-high-400 base-text-[calc(theme(fontSize.xs)_*_var(--font-size,_1))] base-font-normal base-font-primary base-text-neutral-low-500 base-text-left\"><strong>Paisagem moldada por vulcanismo e gelo antigo<\/strong><\/p>\n<p class=\"jarvics:base-text-neutral-high-400 base-text-[calc(theme(fontSize.xs)_*_var(--font-size,_1))] base-font-normal base-font-primary base-text-neutral-low-500 base-text-left\">\n<p>Ao redor da cratera surgem mesas elevadas com mais de mil metros de altura, marcadas por camadas escuras ricas em minerais. Esses dep\u00f3sitos sugerem um passado de <strong>atividade vulc\u00e2nica<\/strong>, no qual lava e cinzas se acumularam em sucessivos eventos. Com o tempo, eros\u00f5es profundas expuseram camadas internas, revelando um subsolo variado e complexo.<\/p>\n<\/p>\n<p class=\"jarvics:base-text-neutral-high-400 base-text-[calc(theme(fontSize.xs)_*_var(--font-size,_1))] base-font-normal base-font-primary base-text-neutral-low-500 base-text-left\">\n<p>Crateras com essa morfologia s\u00e3o consideradas raras e servem como verdadeiros <strong>registros naturais<\/strong>. Elas ajudam a estimar n\u00e3o somente o \u00e2ngulo dos impactos, mas tamb\u00e9m a composi\u00e7\u00e3o do solo e a presen\u00e7a de \u00e1gua congelada em \u00e9pocas remotas. Assim, funcionam como pistas valiosas para entender como Marte evoluiu e quanto de seu gelo interno pode ter sobrevivido.<\/p>\n<\/p>\n<p class=\"jarvics:base-text-neutral-high-400 base-text-[calc(theme(fontSize.xs)_*_var(--font-size,_1))] base-font-normal base-font-primary base-text-neutral-low-500 base-text-left\">\n<p>A \u201cborboleta marciana\u201d refor\u00e7a que <strong>impactos, gelo e vulcanismo<\/strong> continuam sendo pe\u00e7as fundamentais para decifrar a hist\u00f3ria geol\u00f3gica de Marte, um planeta onde cada detalhe preservado na superf\u00edcie conta parte de uma narrativa antiga e ainda incompleta.<\/p><\/p>\n","protected":false},"excerpt":{"rendered":"Cratera marciana exibe forma de borboleta e revela gelo subterr\u00e2neo. (Imagem: ESA Space Science Hub) Fala Ci\u00eancia Uma&hellip;\n","protected":false},"author":2,"featured_media":180709,"comment_status":"","ping_status":"","sticky":false,"template":"","format":"standard","meta":{"footnotes":""},"categories":[84],"tags":[109,107,108,32,33,105,103,104,106,110],"class_list":{"0":"post-180708","1":"post","2":"type-post","3":"status-publish","4":"format-standard","5":"has-post-thumbnail","7":"category-ciencia-e-tecnologia","8":"tag-ciencia","9":"tag-ciencia-e-tecnologia","10":"tag-cienciaetecnologia","11":"tag-portugal","12":"tag-pt","13":"tag-science","14":"tag-science-and-technology","15":"tag-scienceandtechnology","16":"tag-technology","17":"tag-tecnologia"},"share_on_mastodon":{"url":"https:\/\/pubeurope.com\/@pt\/115686573935773181","error":""},"_links":{"self":[{"href":"https:\/\/www.europesays.com\/pt\/wp-json\/wp\/v2\/posts\/180708","targetHints":{"allow":["GET"]}}],"collection":[{"href":"https:\/\/www.europesays.com\/pt\/wp-json\/wp\/v2\/posts"}],"about":[{"href":"https:\/\/www.europesays.com\/pt\/wp-json\/wp\/v2\/types\/post"}],"author":[{"embeddable":true,"href":"https:\/\/www.europesays.com\/pt\/wp-json\/wp\/v2\/users\/2"}],"replies":[{"embeddable":true,"href":"https:\/\/www.europesays.com\/pt\/wp-json\/wp\/v2\/comments?post=180708"}],"version-history":[{"count":0,"href":"https:\/\/www.europesays.com\/pt\/wp-json\/wp\/v2\/posts\/180708\/revisions"}],"wp:featuredmedia":[{"embeddable":true,"href":"https:\/\/www.europesays.com\/pt\/wp-json\/wp\/v2\/media\/180709"}],"wp:attachment":[{"href":"https:\/\/www.europesays.com\/pt\/wp-json\/wp\/v2\/media?parent=180708"}],"wp:term":[{"taxonomy":"category","embeddable":true,"href":"https:\/\/www.europesays.com\/pt\/wp-json\/wp\/v2\/categories?post=180708"},{"taxonomy":"post_tag","embeddable":true,"href":"https:\/\/www.europesays.com\/pt\/wp-json\/wp\/v2\/tags?post=180708"}],"curies":[{"name":"wp","href":"https:\/\/api.w.org\/{rel}","templated":true}]}}