{"id":180745,"date":"2025-12-09T00:18:15","date_gmt":"2025-12-09T00:18:15","guid":{"rendered":"https:\/\/www.europesays.com\/pt\/180745\/"},"modified":"2025-12-09T00:18:15","modified_gmt":"2025-12-09T00:18:15","slug":"real-madrid-a-arder-agora-e-o-pai-de-um-jogador-a-atirar-se-a-xabi-alonso","status":"publish","type":"post","link":"https:\/\/www.europesays.com\/pt\/180745\/","title":{"rendered":"Real Madrid &#8216;a arder&#8217;: agora \u00e9 o pai de um jogador a atirar-se a Xabi Alonso"},"content":{"rendered":"<p>Foi com pompa e circunst\u00e2ncia que o <a target=\"_blank\" class=\"editor-link autolink-enabled\" href=\"https:\/\/www.abola.pt\/futebol\/real-madrid-204\" data-resource-id=\"204\" data-resource-type=\"team\" data-sport=\"football\" rel=\"nofollow noopener\">Real Madrid<\/a> contratou <a target=\"_blank\" class=\"editor-link autolink-enabled\" href=\"https:\/\/www.abola.pt\/futebol\/jogador\/endrick-266282\" data-resource-id=\"266282\" data-resource-type=\"player\" data-sport=\"football\" rel=\"nofollow noopener\">Endrick<\/a> ao <a target=\"_blank\" class=\"editor-link autolink-enabled\" href=\"https:\/\/www.abola.pt\/futebol\/palmeiras-174\" data-resource-id=\"174\" data-resource-type=\"team\" data-sport=\"football\" rel=\"nofollow noopener\">Palmeiras<\/a>, na esperan\u00e7a de ter o novo <a target=\"_blank\" class=\"editor-link autolink-enabled\" href=\"https:\/\/www.abola.pt\/futebol\/jogador\/neymar-3404\" data-resource-id=\"3404\" data-resource-type=\"player\" data-sport=\"football\" rel=\"nofollow noopener\">Neymar<\/a>, mas a verdade \u00e9 que o trajeto do jovem brasileiro, de 19 anos, no Santiago Bernab\u00e9u n\u00e3o tem corrido \u00e0s enormes expectativas, falando-se, inclusivamente, da prov\u00e1vel sa\u00edda em janeiro.<\/p>\n<p>Se na temporada passada, com Carlo Ancelotti, o avan\u00e7ado foi utilizado em 37 jogos (sete golos), tudo mudou com Xabi Alonso e, em 2025\/26, Endrick \u00e9 suplente cr\u00f3nico e tem apenas 11 (!) minutos em campo em toda a temporada. Frente ao <a class=\"autolink-enabled\" data-resource-id=\"212\" data-resource-type=\"team\" data-sport=\"football\" href=\"https:\/\/www.abola.pt\/futebol\/celta-de-vigo-212\" rel=\"nofollow noopener\" target=\"_blank\">Celta de Vigo<\/a>, o ex-Palmeiras voltou a n\u00e3o sair do banco e agora foi o pai do jogador, Douglas Sousa, a criticar o t\u00e9cnico espanhol, acusando-o de \u00abhumilhar\u00bb o filho utilizando um vers\u00edculo da B\u00edblia.<\/p>\n<p>\u00abE o que a si mesmo se exaltar ser\u00e1 humilhado; e o que a si mesmo se humilhar ser\u00e1 exaltado\u00bb, pode ler-se na imagem publicada pelo pai do futebolista nas redes sociais, acompanhada de uma fotografia de Endrick, desiludido, no banco.<\/p>\n<p>            <img decoding=\"async\" src=\"https:\/\/www.europesays.com\/pt\/wp-content\/uploads\/2025\/12\/03805091-91e3-447b-9434-777a52d05f91.webp\" alt=\"\" width=\"620\" class=\"1 w-full object-cover\"\/><\/p>\n<p>J\u00e1 h\u00e1 cerca de um m\u00eas, Douglas Sousa tinha feito uma publica\u00e7\u00e3o do mesmo g\u00e9nero. \u00abSei, meu filho, o quanto te esfor\u00e7as e o quanto te dedicas em cada minuto do teu dia. Sei de tudo o que \u00e9s capaz. \u00c9s um vencedor e est\u00e1s a mostrar que \u00e9s um verdadeiro guerreiro. A tua estrela ir\u00e1 continuar a brilhar, apesar de alguns tentarem que a tua luz se apague\u00bb, disse na altura.<\/p>\n<p>O Real Madrid est\u00e1 em verdadeira convuls\u00e3o interna, atravessando uma das piores crises dos \u00faltimos anos, somando resultados negativos \u00e0 alegada falta de pulso de Xabi Alonso para lidar com o balne\u00e1rio.<\/p>\n","protected":false},"excerpt":{"rendered":"Foi com pompa e circunst\u00e2ncia que o Real Madrid contratou Endrick ao Palmeiras, na esperan\u00e7a de ter o&hellip;\n","protected":false},"author":2,"featured_media":180746,"comment_status":"","ping_status":"","sticky":false,"template":"","format":"standard","meta":{"footnotes":""},"categories":[8],"tags":[27,28,15,16,14,25,26,21,22,12,13,19,20,32,23,24,33,17,18,29,30,31],"class_list":{"0":"post-180745","1":"post","2":"type-post","3":"status-publish","4":"format-standard","5":"has-post-thumbnail","7":"category-principais-noticias","8":"tag-breaking-news","9":"tag-breakingnews","10":"tag-featured-news","11":"tag-featurednews","12":"tag-headlines","13":"tag-latest-news","14":"tag-latestnews","15":"tag-main-news","16":"tag-mainnews","17":"tag-news","18":"tag-noticias","19":"tag-noticias-principais","20":"tag-noticiasprincipais","21":"tag-portugal","22":"tag-principais-noticias","23":"tag-principaisnoticias","24":"tag-pt","25":"tag-top-stories","26":"tag-topstories","27":"tag-ultimas","28":"tag-ultimas-noticias","29":"tag-ultimasnoticias"},"share_on_mastodon":{"url":"https:\/\/pubeurope.com\/@pt\/115686743229193264","error":""},"_links":{"self":[{"href":"https:\/\/www.europesays.com\/pt\/wp-json\/wp\/v2\/posts\/180745","targetHints":{"allow":["GET"]}}],"collection":[{"href":"https:\/\/www.europesays.com\/pt\/wp-json\/wp\/v2\/posts"}],"about":[{"href":"https:\/\/www.europesays.com\/pt\/wp-json\/wp\/v2\/types\/post"}],"author":[{"embeddable":true,"href":"https:\/\/www.europesays.com\/pt\/wp-json\/wp\/v2\/users\/2"}],"replies":[{"embeddable":true,"href":"https:\/\/www.europesays.com\/pt\/wp-json\/wp\/v2\/comments?post=180745"}],"version-history":[{"count":0,"href":"https:\/\/www.europesays.com\/pt\/wp-json\/wp\/v2\/posts\/180745\/revisions"}],"wp:featuredmedia":[{"embeddable":true,"href":"https:\/\/www.europesays.com\/pt\/wp-json\/wp\/v2\/media\/180746"}],"wp:attachment":[{"href":"https:\/\/www.europesays.com\/pt\/wp-json\/wp\/v2\/media?parent=180745"}],"wp:term":[{"taxonomy":"category","embeddable":true,"href":"https:\/\/www.europesays.com\/pt\/wp-json\/wp\/v2\/categories?post=180745"},{"taxonomy":"post_tag","embeddable":true,"href":"https:\/\/www.europesays.com\/pt\/wp-json\/wp\/v2\/tags?post=180745"}],"curies":[{"name":"wp","href":"https:\/\/api.w.org\/{rel}","templated":true}]}}