{"id":180755,"date":"2025-12-09T00:26:09","date_gmt":"2025-12-09T00:26:09","guid":{"rendered":"https:\/\/www.europesays.com\/pt\/180755\/"},"modified":"2025-12-09T00:26:09","modified_gmt":"2025-12-09T00:26:09","slug":"febre-do-nilo-confirmada-em-portugal-dgav-recomenda-vacinacao-de-cavalos-2","status":"publish","type":"post","link":"https:\/\/www.europesays.com\/pt\/180755\/","title":{"rendered":"Febre do Nilo confirmada em Portugal. DGAV recomenda vacina\u00e7\u00e3o de cavalos"},"content":{"rendered":"<p>A DGAV aconselhou assim a vacina\u00e7\u00e3o dos cavalos nas zonas infetadas e a prote\u00e7\u00e3o dos animais contra picadas de insetos, bem como a elimina\u00e7\u00e3o de \u00e1guas paradas, consideradas \u201ccriadouros de mosquitos\u201d.<\/p>\n<p>A febre do Nilo Ocidental \u00e9 transmitida por um mosquito e, no caso dos equ\u00eddeos, podem surgir sinais ligeiros, mas alguns podem desenvolver sintomas neurol\u00f3gicos, que podem ser fatais.<\/p>\n<p>Equ\u00eddeos e humanos infetados n\u00e3o promovem a transmiss\u00e3o da doen\u00e7a.<\/p>\n<p>Na Europa, a FNO apareceu, pela primeira vez, em 2000, em Camarque, Fran\u00e7a.<\/p>\n<p>A DGAV j\u00e1 tinha alertado, no final de setembro, para o aumento do n\u00famero de casos na Europa.<\/p>\n<p>Entre janeiro e 15 de setembro, foram confirmados 272 focos de infe\u00e7\u00e3o pela FNO em animais, na Europa, sobretudo, em It\u00e1lia (216).<\/p>\n<p>Alemanha, \u00c1ustria, Cro\u00e1cia, Espanha, Est\u00f3nia, Gr\u00e9cia e Hungria tamb\u00e9m j\u00e1 reportaram focos.<\/p>\n<p>Por esp\u00e9cie, os casos em equ\u00eddeos foram detetados na Alemanha, Cro\u00e1cia, Espanha, Fran\u00e7a, Gr\u00e9cia, Hungria, It\u00e1lia e \u00c1ustria.<\/p>\n<p>J\u00e1 os casos em aves foram identificados na Alemanha, Espanha, It\u00e1lia, \u00c1ustria e Est\u00f3nia.<\/p>\n","protected":false},"excerpt":{"rendered":"A DGAV aconselhou assim a vacina\u00e7\u00e3o dos cavalos nas zonas infetadas e a prote\u00e7\u00e3o dos animais contra picadas&hellip;\n","protected":false},"author":2,"featured_media":180756,"comment_status":"","ping_status":"","sticky":false,"template":"","format":"standard","meta":{"footnotes":""},"categories":[86],"tags":[288,4261,4266,4262,836,611,260,4267,1564,3702,109,470,2535,315,135,476,4268,2085,524,116,2513,294,352,4272,4263,606,4269,3001,150,53,13,4282,4280,4281,4279,4278,4276,4277,4283,4284,4275,4274,4273,4264,835,4270,52,32,33,679,117,4265,58,110,2512,30,578,4271],"class_list":{"0":"post-180755","1":"post","2":"type-post","3":"status-publish","4":"format-standard","5":"has-post-thumbnail","7":"category-saude","8":"tag-alentejo","9":"tag-aljustrel","10":"tag-almodovar","11":"tag-alvito","12":"tag-analise","13":"tag-ao-minuto","14":"tag-atualidade","15":"tag-barrancos","16":"tag-beja","17":"tag-castro-verde","18":"tag-ciencia","19":"tag-cinema","20":"tag-cuba","21":"tag-cultura","22":"tag-desporto","23":"tag-economia","24":"tag-ferreira-do-alentejo","25":"tag-fotografia","26":"tag-futebol","27":"tag-health","28":"tag-jornal","29":"tag-lazer","30":"tag-local","31":"tag-magazine","32":"tag-mertola","33":"tag-meteorologia","34":"tag-moura","35":"tag-multimedia","36":"tag-musica","37":"tag-newsletters","38":"tag-noticias","39":"tag-noticias-de-ciencia","40":"tag-noticias-de-cultura","41":"tag-noticias-de-desporto","42":"tag-noticias-de-economia","43":"tag-noticias-de-local","44":"tag-noticias-de-politica","45":"tag-noticias-de-sociedade","46":"tag-noticias-de-tecnologia","47":"tag-noticias-em-portugues","48":"tag-noticias-mais-lidas","49":"tag-noticias-mais-partilhadas","50":"tag-noticias-populares","51":"tag-odemira","52":"tag-opiniao","53":"tag-ourique","54":"tag-politica","55":"tag-portugal","56":"tag-pt","57":"tag-reportagem","58":"tag-saude","59":"tag-serpa","60":"tag-sociedade","61":"tag-tecnologia","62":"tag-ultima-hora","63":"tag-ultimas-noticias","64":"tag-video","65":"tag-vidigueira"},"share_on_mastodon":{"url":"","error":"Validation failed: Text character limit of 500 exceeded"},"_links":{"self":[{"href":"https:\/\/www.europesays.com\/pt\/wp-json\/wp\/v2\/posts\/180755","targetHints":{"allow":["GET"]}}],"collection":[{"href":"https:\/\/www.europesays.com\/pt\/wp-json\/wp\/v2\/posts"}],"about":[{"href":"https:\/\/www.europesays.com\/pt\/wp-json\/wp\/v2\/types\/post"}],"author":[{"embeddable":true,"href":"https:\/\/www.europesays.com\/pt\/wp-json\/wp\/v2\/users\/2"}],"replies":[{"embeddable":true,"href":"https:\/\/www.europesays.com\/pt\/wp-json\/wp\/v2\/comments?post=180755"}],"version-history":[{"count":0,"href":"https:\/\/www.europesays.com\/pt\/wp-json\/wp\/v2\/posts\/180755\/revisions"}],"wp:featuredmedia":[{"embeddable":true,"href":"https:\/\/www.europesays.com\/pt\/wp-json\/wp\/v2\/media\/180756"}],"wp:attachment":[{"href":"https:\/\/www.europesays.com\/pt\/wp-json\/wp\/v2\/media?parent=180755"}],"wp:term":[{"taxonomy":"category","embeddable":true,"href":"https:\/\/www.europesays.com\/pt\/wp-json\/wp\/v2\/categories?post=180755"},{"taxonomy":"post_tag","embeddable":true,"href":"https:\/\/www.europesays.com\/pt\/wp-json\/wp\/v2\/tags?post=180755"}],"curies":[{"name":"wp","href":"https:\/\/api.w.org\/{rel}","templated":true}]}}