{"id":180811,"date":"2025-12-09T01:18:25","date_gmt":"2025-12-09T01:18:25","guid":{"rendered":"https:\/\/www.europesays.com\/pt\/180811\/"},"modified":"2025-12-09T01:18:25","modified_gmt":"2025-12-09T01:18:25","slug":"wanessa-camargo-relata-panico-ao-ficar-presa-em-aviao-apos-tempestade-apavorada","status":"publish","type":"post","link":"https:\/\/www.europesays.com\/pt\/180811\/","title":{"rendered":"Wanessa Camargo relata p\u00e2nico ao ficar presa em avi\u00e3o ap\u00f3s tempestade: &#8220;Apavorada&#8221;"},"content":{"rendered":"<p>                            <img width=\"944\" height=\"531\" src=\"https:\/\/www.europesays.com\/pt\/wp-content\/uploads\/2025\/12\/wanessa-camargo-944x531.jpg\" class=\"attachment-custom-large size-custom-large article-featured-image\" alt=\"Wanessa Camargo mora em S\u00e3o Paulo (Foto: Redes sociais, Reprodu\u00e7\u00e3o)\" fetchpriority=\"high\" decoding=\"async\"  \/><\/p>\n<p class=\"image-caption\">Wanessa Camargo mora em S\u00e3o Paulo (Foto: Redes sociais, Reprodu\u00e7\u00e3o)<\/p>\n<p>A cantora Wanessa Camargo passou por um sufoco nesta segunda-feira (8) ap\u00f3s ficar presa no avi\u00e3o que estava a bordo viajando do Rio de Janeiro at\u00e9 S\u00e3o Paulo, por causa do mau tempo na capital paulista. Em uma rede social, Wanessa afirmou que estava \u201capavorada\u201d com a situa\u00e7\u00e3o.<\/p>\n<p>Continua depois da publicidade<\/p>\n<p>Em outras ocasi\u00f5es, a artista j\u00e1 havia falado sobre o medo que tem de avi\u00e3o. No domingo (7), ela foi declarada<strong> <a href=\"https:\/\/www.nsctotal.com.br\/noticias\/silvero-pereira-e-o-grande-campeao-da-danca-dos-famosos-2025\" target=\"_blank\" rel=\"noreferrer noopener nofollow\">vice campe\u00e3 da Dan\u00e7a dos Famosos<\/a><\/strong>, no programa Doming\u00e3o com Huck, mas antes de chegar at\u00e9 a final do programa, ela preferiu viajar de carro de S\u00e3o Paulo, onde reside, para o Rio de Janeiro, para os ensaios, j\u00e1 que tinha medo de voar.<\/p>\n<p>Em um v\u00eddeo, Wanessa come\u00e7a dizendo que a final do programa foi maravilhosa, mas que n\u00e3o conseguia falar sobre o tema naquele momento pois estava \u201cum pouco tensa\u201d.<\/p>\n<p>\u2014 Estou aqui no avi\u00e3o, em solo, no Rio, e o aeroporto de S\u00e3o Paulo, Congonhas, fechou. Tenho que estar no Altas Horas \u00e0 tarde e acho que n\u00e3o vou chegar. Estou apavorada. N\u00e3o tenho previs\u00e3o de decolagem, tem um atraso gigante por causa dos atrasos dos voos. Estou aqui esperando porque est\u00e1 caindo uma tempestade em S\u00e3o Paulo \u2014 disse.<\/p>\n<p>A artista perguntou, em tom de brincadeira, o que ela, que tem \u201cpavor de avi\u00e3o\u201d, e que estava em uma aeronave fechada, deveria fazer para se acalmar.<\/p>\n<p>Continua depois da publicidade<\/p>\n<p>\u2014 O que uma pessoa que tem pavor de avi\u00e3o faz quando est\u00e1 no avi\u00e3o fechado e ouve o piloto dizer que ainda n\u00e3o tem previs\u00e3o porque tem um temporal forte em S\u00e3o Paulo e que inclusive uma aeronave acabou de arremeter? O que a gente faz? \u2014 perguntou aos seguidores em uma rede social.<\/p>\n<p>Cerca de duas horas depois, a cantora gravou outro v\u00eddeo afirmando que deu tudo certo, e que o avi\u00e3o tinha pousado em seguran\u00e7a.<\/p>\n<p>Relembre todos os participantes do Dan\u00e7a dos Famosos 20251<\/p>\n<p>VoltarAvan\u00e7ar<\/p>\n<p><img loading=\"lazy\" decoding=\"async\" width=\"1200\" height=\"675\" data-id=\"7598772\" src=\"https:\/\/www.europesays.com\/pt\/wp-content\/uploads\/2025\/09\/Confira-os-participantes-do-Danca-dos-Famosos-2025-5.jpg\" alt=\"Confira os participantes do Dan\u00e7a dos Famosos 2025 \" class=\"wp-image-7598772\"  \/><\/p>\n<p>Silvero Pereira (Foto: Leo Rosario, Globo)<\/p>\n<p><img loading=\"lazy\" decoding=\"async\" width=\"1200\" height=\"675\" data-id=\"7598774\" src=\"https:\/\/www.europesays.com\/pt\/wp-content\/uploads\/2025\/09\/Confira-os-participantes-do-Danca-dos-Famosos-2025-6.jpg\" alt=\"\" class=\"wp-image-7598774\"  \/><\/p>\n<p>Duda Santos (Foto: Leo Rosario, Globo)<\/p>\n<p><img loading=\"lazy\" decoding=\"async\" width=\"1200\" height=\"675\" data-id=\"7598775\" src=\"https:\/\/www.europesays.com\/pt\/wp-content\/uploads\/2025\/09\/1758927200_722_Confira-os-participantes-do-Danca-dos-Famosos-2025-7.jpg\" alt=\"Confira os participantes do Dan\u00e7a dos Famosos 2025 \" class=\"wp-image-7598775\"  \/><\/p>\n<p>Wanessa (Foto: Leo Rosario, Globo)<\/p>\n<p><img loading=\"lazy\" decoding=\"async\" width=\"1200\" height=\"675\" data-id=\"7598776\" src=\"https:\/\/www.europesays.com\/pt\/wp-content\/uploads\/2025\/09\/1758927201_917_Confira-os-participantes-do-Danca-dos-Famosos-2025-8.jpg\" alt=\"\" class=\"wp-image-7598776\"  \/><\/p>\n<p>\u00c1lvaro (Foto: Leo Rosario, Globo)<\/p>\n<p><img loading=\"lazy\" decoding=\"async\" width=\"1200\" height=\"675\" data-id=\"7598777\" src=\"https:\/\/www.europesays.com\/pt\/wp-content\/uploads\/2025\/09\/Confira-os-participantes-do-Danca-dos-Famosos-2025-9.jpg\" alt=\"Confira os participantes do Dan\u00e7a dos Famosos 2025 \" class=\"wp-image-7598777\"  \/><\/p>\n<p>Tereza Seiblitz (Foto: Leo Rosario, Globo)<\/p>\n<p><img loading=\"lazy\" decoding=\"async\" width=\"1200\" height=\"675\" data-id=\"7598778\" src=\"https:\/\/www.europesays.com\/pt\/wp-content\/uploads\/2025\/09\/1758927202_205_Confira-os-participantes-do-Danca-dos-Famosos-2025-10.jpg\" alt=\"\" class=\"wp-image-7598778\"  \/><\/p>\n<p>Rodrigo Faro (Foto: Leo Rosario, Globo)<\/p>\n<p><img loading=\"lazy\" decoding=\"async\" width=\"1200\" height=\"675\" data-id=\"7598779\" src=\"https:\/\/www.europesays.com\/pt\/wp-content\/uploads\/2025\/09\/Confira-os-participantes-do-Danca-dos-Famosos-2025-11.jpg\" alt=\"Confira os participantes do Dan\u00e7a dos Famosos 2025 \" class=\"wp-image-7598779\"  \/><\/p>\n<p>Gracyanne Barbosa (Foto: Leo Rosario, Globo)<\/p>\n<p><img loading=\"lazy\" decoding=\"async\" width=\"1200\" height=\"675\" data-id=\"7598785\" src=\"https:\/\/www.europesays.com\/pt\/wp-content\/uploads\/2025\/09\/Confira-os-participantes-do-Danca-dos-Famosos-2025-2.jpg\" alt=\"\" class=\"wp-image-7598785\"  \/><\/p>\n<p>Nicole Bahls (Foto: Leo Rosario, Globo)<\/p>\n<p><img loading=\"lazy\" decoding=\"async\" width=\"1200\" height=\"675\" data-id=\"7598780\" src=\"https:\/\/www.europesays.com\/pt\/wp-content\/uploads\/2025\/09\/Confira-os-participantes-do-Danca-dos-Famosos-2025-12.jpg\" alt=\"Confira os participantes do Dan\u00e7a dos Famosos 2025 \" class=\"wp-image-7598780\"  \/><\/p>\n<p>Luan Pereira (Foto: Leo Rosario, Globo)<\/p>\n<p><img loading=\"lazy\" decoding=\"async\" width=\"1200\" height=\"675\" data-id=\"7598786\" src=\"https:\/\/www.europesays.com\/pt\/wp-content\/uploads\/2025\/09\/Confira-os-participantes-do-Danca-dos-Famosos-2025-3.jpg\" alt=\"\" class=\"wp-image-7598786\"  \/><\/p>\n<p>David Junior (Foto: Leo Rosario, Globo)<\/p>\n<p><img loading=\"lazy\" decoding=\"async\" width=\"1200\" height=\"675\" data-id=\"7598787\" src=\"https:\/\/www.europesays.com\/pt\/wp-content\/uploads\/2025\/09\/Confira-os-participantes-do-Danca-dos-Famosos-2025-4.jpg\" alt=\"Confira os participantes do Dan\u00e7a dos Famosos 2025 \" class=\"wp-image-7598787\"  \/><\/p>\n<p>Allan Souza Lima (Foto: Leo Rosario, Globo)<\/p>\n<p><img loading=\"lazy\" decoding=\"async\" width=\"1200\" height=\"675\" data-id=\"7598788\" src=\"https:\/\/www.europesays.com\/pt\/wp-content\/uploads\/2025\/09\/Confira-os-participantes-do-Danca-dos-Famosos-2025-1.jpg\" alt=\"\" class=\"wp-image-7598788\"  \/><\/p>\n<p>Manu Bahtid\u00e3o (Foto: Leo Rosario, Globo)<\/p>\n<p><img loading=\"lazy\" decoding=\"async\" width=\"1200\" height=\"675\" data-id=\"7615694\" src=\"https:\/\/www.europesays.com\/pt\/wp-content\/uploads\/2025\/09\/1758927206_279_Confira-os-participantes-do-Danca-dos-Famosos-2025-2-1.jpg\" alt=\"\" class=\"wp-image-7615694\"  \/><\/p>\n<p>C\u00e1tia Fonseca (Foto: Leo Rosario, Globo)<\/p>\n<p><img loading=\"lazy\" decoding=\"async\" width=\"1200\" height=\"675\" data-id=\"7615697\" src=\"https:\/\/www.europesays.com\/pt\/wp-content\/uploads\/2025\/09\/1758927206_267_Confira-os-participantes-do-Danca-dos-Famosos-2025-3-1.jpg\" alt=\"\" class=\"wp-image-7615697\"  \/><\/p>\n<p>Fernanda Paes Leme (Foto: Leo Rosario, Globo)<\/p>\n<p><img loading=\"lazy\" decoding=\"async\" width=\"1200\" height=\"675\" data-id=\"7615695\" src=\"https:\/\/www.europesays.com\/pt\/wp-content\/uploads\/2025\/09\/1758927207_192_Confira-os-participantes-do-Danca-dos-Famosos-2025-4-1.jpg\" alt=\"\" class=\"wp-image-7615695\"  \/><\/p>\n<p>Lucas Leto (Foto: Leo Rosario, Globo)<\/p>\n<p><img loading=\"lazy\" decoding=\"async\" width=\"1200\" height=\"675\" data-id=\"7615696\" src=\"https:\/\/www.europesays.com\/pt\/wp-content\/uploads\/2025\/09\/1758927207_940_Confira-os-participantes-do-Danca-dos-Famosos-2025-16.jpg\" alt=\"\" class=\"wp-image-7615696\"  \/><\/p>\n<p>Richarlyson (Foto: Leo Rosario, Globo)<\/p>\n","protected":false},"excerpt":{"rendered":"Wanessa Camargo mora em S\u00e3o Paulo (Foto: Redes sociais, Reprodu\u00e7\u00e3o) A cantora Wanessa Camargo passou por um sufoco&hellip;\n","protected":false},"author":2,"featured_media":180812,"comment_status":"","ping_status":"","sticky":false,"template":"","format":"standard","meta":{"footnotes":""},"categories":[145],"tags":[211,210,829,114,115,32,33],"class_list":{"0":"post-180811","1":"post","2":"type-post","3":"status-publish","4":"format-standard","5":"has-post-thumbnail","7":"category-celebridades","8":"tag-celebridades","9":"tag-celebrities","10":"tag-conteudo-liberado","11":"tag-entertainment","12":"tag-entretenimento","13":"tag-portugal","14":"tag-pt"},"share_on_mastodon":{"url":"https:\/\/pubeurope.com\/@pt\/115686979752208012","error":""},"_links":{"self":[{"href":"https:\/\/www.europesays.com\/pt\/wp-json\/wp\/v2\/posts\/180811","targetHints":{"allow":["GET"]}}],"collection":[{"href":"https:\/\/www.europesays.com\/pt\/wp-json\/wp\/v2\/posts"}],"about":[{"href":"https:\/\/www.europesays.com\/pt\/wp-json\/wp\/v2\/types\/post"}],"author":[{"embeddable":true,"href":"https:\/\/www.europesays.com\/pt\/wp-json\/wp\/v2\/users\/2"}],"replies":[{"embeddable":true,"href":"https:\/\/www.europesays.com\/pt\/wp-json\/wp\/v2\/comments?post=180811"}],"version-history":[{"count":0,"href":"https:\/\/www.europesays.com\/pt\/wp-json\/wp\/v2\/posts\/180811\/revisions"}],"wp:featuredmedia":[{"embeddable":true,"href":"https:\/\/www.europesays.com\/pt\/wp-json\/wp\/v2\/media\/180812"}],"wp:attachment":[{"href":"https:\/\/www.europesays.com\/pt\/wp-json\/wp\/v2\/media?parent=180811"}],"wp:term":[{"taxonomy":"category","embeddable":true,"href":"https:\/\/www.europesays.com\/pt\/wp-json\/wp\/v2\/categories?post=180811"},{"taxonomy":"post_tag","embeddable":true,"href":"https:\/\/www.europesays.com\/pt\/wp-json\/wp\/v2\/tags?post=180811"}],"curies":[{"name":"wp","href":"https:\/\/api.w.org\/{rel}","templated":true}]}}