{"id":180815,"date":"2025-12-09T01:22:09","date_gmt":"2025-12-09T01:22:09","guid":{"rendered":"https:\/\/www.europesays.com\/pt\/180815\/"},"modified":"2025-12-09T01:22:09","modified_gmt":"2025-12-09T01:22:09","slug":"rapper-mais-rica-do-mundo-chega-aos-43-com-risco-de-perder-mansao-milionaria","status":"publish","type":"post","link":"https:\/\/www.europesays.com\/pt\/180815\/","title":{"rendered":"Rapper mais rica do mundo chega aos 43 com risco de perder mans\u00e3o milion\u00e1ria"},"content":{"rendered":"<p>Considerada a rapper mais rica do mundo em 2025,\u00a0<a href=\"https:\/\/caras.com.br\/tags\/nicki-minaj\" rel=\"nofollow noopener\" target=\"_blank\"><strong>Nicki Minaj<\/strong><\/a> chega aos 43 anos nesta segunda-feira, 8. Nascida em Trindade e Tobago, a artista se mudou para o bairro nova-iorquino do Queens aos 5 e, desde ent\u00e3o, tornou-se radicada nos Estados Unidos.<\/p>\n<p>Modelo, cantora, compositora e atriz, ela se formou em escolas art\u00edsticas. Seu primeiro grande contrato veio em 2009, quando assinou com a Young Money Records e, desde ent\u00e3o, lan\u00e7ou sucessos como\u00a0Super Bass e\u00a0Starships, alcan\u00e7ando o marco de ser <a href=\"https:\/\/www.billboard.com\/lists\/nicki-minaj-top-songs-billboard-hot-100\/rake-it-up-yo-gotti-featuring-nicki-minaj\/\" rel=\"nofollow noopener\" target=\"_blank\">a primeira mulher a ter 100 entradas no ranking Hot 100 da Billboard<\/a>.<\/p>\n<p><strong>Leia tamb\u00e9m<\/strong>: <a href=\"https:\/\/caras.com.br\/musica\/apos-briga-com-nicki-minaj-megan-thee-stallion-reforca-seguranca-em-lugar-inusitado.phtml\" rel=\"nofollow noopener\" target=\"_blank\">Ap\u00f3s briga com Nicki Minaj, Megan Thee Stallion refor\u00e7a seguran\u00e7a em lugar inusitado<\/a><\/p>\n<p>Segundo o site norte-americano <a href=\"https:\/\/www.celebritynetworth.com\/richest-celebrities\/richest-rappers\/nicki-minaj-net-worth\/\" rel=\"nofollow noopener\" target=\"_blank\">Celebrity Net Worth<\/a>, a artista tem um patrim\u00f4nio que gira em torno de 150 milh\u00f5es de d\u00f3lares, o que equivale a pouco mais de R$ 800 milh\u00f5es. De acordo com o portal <a href=\"https:\/\/www.primetimer.com\/features\/eight-richest-female-rappers-of-twenty-twenty-five-nicki-minaj-cardi-b-and-more\" rel=\"nofollow noopener\" target=\"_blank\">Prime Timer<\/a>, ela \u00e9 a rapper mais rica do mundo em 2025, ultrapassando\u00a0<a href=\"https:\/\/caras.com.br\/tags\/cardi-b\" rel=\"nofollow noopener\" target=\"_blank\"><strong>Cardi B<\/strong><\/a> e\u00a0<a href=\"https:\/\/caras.com.br\/tags\/queen-latifah\" rel=\"nofollow noopener\" target=\"_blank\"><strong>Queen Latifah<\/strong><\/a>.<\/p>\n<p>\t Nicki Minaj pode perder mans\u00e3o milion\u00e1ria <\/p>\n<p>Apesar do momento de celebra\u00e7\u00e3o, a cantora pode perder sua mans\u00e3o de 20 milh\u00f5es de d\u00f3lares \u2014o equivalente a R$ 100 milh\u00f5es. A casa \u00e9 localizada em Hidden Hills, na Calif\u00f3rnia, bairro conhecido por abrigar diversas celebridades. A confus\u00e3o acontece devido a uma d\u00edvida judicial superior a 500 mil d\u00f3lares.<\/p>\n<p>A d\u00edvida tem rela\u00e7\u00e3o a um processo movido por <strong>Thomas Weidenmuller<\/strong>, ex-seguran\u00e7a, que acusa o marido da rapper, <strong>Kenneth Petty<\/strong>, de agress\u00e3o f\u00edsica durante um show de Nicki na Alemanha, em 2019. A justi\u00e7a alem\u00e3 concedeu a indeniza\u00e7\u00e3o, por\u00e9m, o pagamento ainda n\u00e3o foi efetuado. Por isso, Weidenmuller entrou com um pedido legal para que a mans\u00e3o seja vendida e o valor quitado.<\/p>\n<p>O im\u00f3vel foi comprado em dezembro de 2022 e possui 11 quartos, 16 banheiros, piscina, spa, quadra esportiva e mais de 1.100 m\u00b2 de \u00e1rea constru\u00edda. Nicki se defendeu, alegando que o n\u00e3o pagamento foi causado por um ex-gerente financeiro que teria escondido a d\u00edvida e desviado recursos em outras ocasi\u00f5es.<\/p>\n<p> <img loading=\"lazy\" decoding=\"async\" class=\"size-large wp-image-1040913 img-fluid lazy\" alt=\"Foto: Getty Images\" width=\"675\" height=\"450\" src=\"https:\/\/www.europesays.com\/pt\/wp-content\/uploads\/2025\/12\/Nicki-Minaj-GettyImages-2213941539-675x450.jpg\"  \/>Foto: Getty Images FIQUE POR DENTRO DAS \u00daLTIMAS NOT\u00cdCIAS ACOMPANHANDO O INSTAGRAM DA CARAS BRASIL: <\/p>\n<blockquote class=\"instagram-media\" style=\"background: #FFF; border: 0; border-radius: 3px; box-shadow: 0 0 1px 0 rgba(0,0,0,0.5),0 1px 10px 0 rgba(0,0,0,0.15); margin: 1px; max-width: 540px; min-width: 326px; padding: 0; width: calc(100% - 2px);\" data-instgrm-captioned=\"\" data-instgrm-permalink=\"https:\/\/www.instagram.com\/p\/DR2dACdEbtM\/?utm_source=ig_embed&amp;utm_campaign=loading\" data-instgrm-version=\"14\"><\/blockquote>\n<p>\t                                            <script async src=\"\/\/www.instagram.com\/embed.js\"><\/script><\/p>\n","protected":false},"excerpt":{"rendered":"Considerada a rapper mais rica do mundo em 2025,\u00a0Nicki Minaj chega aos 43 anos nesta segunda-feira, 8. Nascida&hellip;\n","protected":false},"author":2,"featured_media":180816,"comment_status":"","ping_status":"","sticky":false,"template":"","format":"standard","meta":{"footnotes":""},"categories":[141],"tags":[114,115,1874,149,150,37045,32,33,9113,37046],"class_list":{"0":"post-180815","1":"post","2":"type-post","3":"status-publish","4":"format-standard","5":"has-post-thumbnail","7":"category-musica","8":"tag-entertainment","9":"tag-entretenimento","10":"tag-mansao","11":"tag-music","12":"tag-musica","13":"tag-nicki-mianj","14":"tag-portugal","15":"tag-pt","16":"tag-rapper","17":"tag-rapper-mais-rica-do-mundo"},"share_on_mastodon":{"url":"https:\/\/pubeurope.com\/@pt\/115686994743837069","error":""},"_links":{"self":[{"href":"https:\/\/www.europesays.com\/pt\/wp-json\/wp\/v2\/posts\/180815","targetHints":{"allow":["GET"]}}],"collection":[{"href":"https:\/\/www.europesays.com\/pt\/wp-json\/wp\/v2\/posts"}],"about":[{"href":"https:\/\/www.europesays.com\/pt\/wp-json\/wp\/v2\/types\/post"}],"author":[{"embeddable":true,"href":"https:\/\/www.europesays.com\/pt\/wp-json\/wp\/v2\/users\/2"}],"replies":[{"embeddable":true,"href":"https:\/\/www.europesays.com\/pt\/wp-json\/wp\/v2\/comments?post=180815"}],"version-history":[{"count":0,"href":"https:\/\/www.europesays.com\/pt\/wp-json\/wp\/v2\/posts\/180815\/revisions"}],"wp:featuredmedia":[{"embeddable":true,"href":"https:\/\/www.europesays.com\/pt\/wp-json\/wp\/v2\/media\/180816"}],"wp:attachment":[{"href":"https:\/\/www.europesays.com\/pt\/wp-json\/wp\/v2\/media?parent=180815"}],"wp:term":[{"taxonomy":"category","embeddable":true,"href":"https:\/\/www.europesays.com\/pt\/wp-json\/wp\/v2\/categories?post=180815"},{"taxonomy":"post_tag","embeddable":true,"href":"https:\/\/www.europesays.com\/pt\/wp-json\/wp\/v2\/tags?post=180815"}],"curies":[{"name":"wp","href":"https:\/\/api.w.org\/{rel}","templated":true}]}}