{"id":180817,"date":"2025-12-09T01:24:20","date_gmt":"2025-12-09T01:24:20","guid":{"rendered":"https:\/\/www.europesays.com\/pt\/180817\/"},"modified":"2025-12-09T01:24:20","modified_gmt":"2025-12-09T01:24:20","slug":"brasil-josue-eleito-o-melhor-jogador-da-serie-b","status":"publish","type":"post","link":"https:\/\/www.europesays.com\/pt\/180817\/","title":{"rendered":"Brasil: Josu\u00e9 eleito o melhor jogador da S\u00e9rie B"},"content":{"rendered":"<p data-end=\"644\" data-start=\"358\">Josu\u00e9, m\u00e9dio do Coritiba, venceu a \u00abBola de Prata\u00bb, pr\u00e9mio atribu\u00eddo pela Confedera\u00e7\u00e3o Brasileira de futebol aos melhores jogadores das competi\u00e7\u00f5es nacionais.<\/p>\n<p data-end=\"644\" data-start=\"358\">A nomea\u00e7\u00e3o foi uma novidade em 2025, pois pela primeira vez, o pr\u00e9mio distinguiu o melhor jogador da S\u00e9rie B do Brasileir\u00e3o.<\/p>\n<p data-end=\"875\" data-start=\"646\">Aos 35 anos, o ex-FC Porto e Sp.Braga foi pe\u00e7a-chave na <a href=\"https:\/\/maisfutebol.iol.pt\/brasil\/made-in\/video-josue-prometeu-o-campeonato-ao-coritiba-e-cumpriu\" target=\"_blank\" rel=\"nofollow noopener\">campanha que devolveu o Coritiba \u00e0 elite do futebol brasileiro<\/a>, sagrando-se campe\u00e3o, contribuindo com seis golos em 34 jogos.<\/p>\n<p data-end=\"921\" data-start=\"877\">Josu\u00e9 chegou no Brasil em agosto de 2024, ap\u00f3s terminar contrato com o Legia Vars\u00f3via e\u00a0assumiu a batuta do ataque do Coritiba, comandando a equipa nos momentos decisivos e ajudando a quebrar um longo jejum de t\u00edtulos.<\/p>\n","protected":false},"excerpt":{"rendered":"Josu\u00e9, m\u00e9dio do Coritiba, venceu a \u00abBola de Prata\u00bb, pr\u00e9mio atribu\u00eddo pela Confedera\u00e7\u00e3o Brasileira de futebol aos melhores&hellip;\n","protected":false},"author":2,"featured_media":180818,"comment_status":"","ping_status":"","sticky":false,"template":"","format":"standard","meta":{"footnotes":""},"categories":[87],"tags":[726,3439,135,82,37047,436,46,32,33,47,134],"class_list":{"0":"post-180817","1":"post","2":"type-post","3":"status-publish","4":"format-standard","5":"has-post-thumbnail","7":"category-desporto","8":"tag-brasil","9":"tag-curitiba","10":"tag-desporto","11":"tag-internacional","12":"tag-josue","13":"tag-made-in","14":"tag-maisfutebol","15":"tag-portugal","16":"tag-pt","17":"tag-pura-paixao","18":"tag-sports"},"share_on_mastodon":{"url":"https:\/\/pubeurope.com\/@pt\/115687002245320817","error":""},"_links":{"self":[{"href":"https:\/\/www.europesays.com\/pt\/wp-json\/wp\/v2\/posts\/180817","targetHints":{"allow":["GET"]}}],"collection":[{"href":"https:\/\/www.europesays.com\/pt\/wp-json\/wp\/v2\/posts"}],"about":[{"href":"https:\/\/www.europesays.com\/pt\/wp-json\/wp\/v2\/types\/post"}],"author":[{"embeddable":true,"href":"https:\/\/www.europesays.com\/pt\/wp-json\/wp\/v2\/users\/2"}],"replies":[{"embeddable":true,"href":"https:\/\/www.europesays.com\/pt\/wp-json\/wp\/v2\/comments?post=180817"}],"version-history":[{"count":0,"href":"https:\/\/www.europesays.com\/pt\/wp-json\/wp\/v2\/posts\/180817\/revisions"}],"wp:featuredmedia":[{"embeddable":true,"href":"https:\/\/www.europesays.com\/pt\/wp-json\/wp\/v2\/media\/180818"}],"wp:attachment":[{"href":"https:\/\/www.europesays.com\/pt\/wp-json\/wp\/v2\/media?parent=180817"}],"wp:term":[{"taxonomy":"category","embeddable":true,"href":"https:\/\/www.europesays.com\/pt\/wp-json\/wp\/v2\/categories?post=180817"},{"taxonomy":"post_tag","embeddable":true,"href":"https:\/\/www.europesays.com\/pt\/wp-json\/wp\/v2\/tags?post=180817"}],"curies":[{"name":"wp","href":"https:\/\/api.w.org\/{rel}","templated":true}]}}