{"id":180848,"date":"2025-12-09T01:56:08","date_gmt":"2025-12-09T01:56:08","guid":{"rendered":"https:\/\/www.europesays.com\/pt\/180848\/"},"modified":"2025-12-09T01:56:08","modified_gmt":"2025-12-09T01:56:08","slug":"queremos-manter-a-lideranca-em-handsets-na-latam","status":"publish","type":"post","link":"https:\/\/www.europesays.com\/pt\/180848\/","title":{"rendered":"queremos manter a lideran\u00e7a em handsets na LatAm"},"content":{"rendered":"<p>A <a href=\"https:\/\/www.mobiletime.com.br\/tag\/mediatek\" target=\"_blank\" rel=\"noopener nofollow\" data-schema-attribute=\"mentions\">MediaTek<\/a> espera chegar ao final de 2026 com mais de 50% de market share na Am\u00e9rica Latina de chipsets para smartphones, em especial para fabricantes como Samsung, Motorola e Xiaomi, um feito alcan\u00e7ado no terceiro trimestre de 2025 quando saltaram 47% para 52%.<\/p>\n<p>Em conversa com Mobile Time nesta segunda-feira, 8, o vice-presidente adjunto de vendas e desenvolvimento de neg\u00f3cios para as regi\u00f5es das Am\u00e9ricas e da Europa da empresa, Russ Mestechkin, afirmou que esperam superar a propor\u00e7\u00e3o de \u201cdois para um\u201d em rela\u00e7\u00e3o ao concorrente mais pr\u00f3ximo.<\/p>\n<p>De acordo com o executivo, a MediaTek completou no terceiro trimestre de 2025 seis anos de lideran\u00e7a consecutiva na Am\u00e9rica Latina. Em alguns mercados, como a Col\u00f4mbia, a empresa de semicondutores ultrapassa 61% de fatia de mercado.<\/p>\n<p>No Brasil, a alta foi de dez pontos percentuais, de 39% para 49%.<\/p>\n<p><strong>Estrat\u00e9gia<\/strong><\/p>\n<p>Um dos motivos que contribuem para a alta nas vendas \u00e9 o comportamento latino-americano em pa\u00edses que o consumidor est\u00e1 partindo para o segundo dispositivo ou at\u00e9 terceiro smartphone, em especial no Caribe e Am\u00e9rica Central: \u201cSeis anos atr\u00e1s, as pessoas nessas regi\u00f5es estavam comprando seus primeiros smartphones. Agora, sabem o que \u00e9 um smartphone, mas n\u00e3o aceitam comprar um dispositivo por U$ 1 mil\u201d, disse.<\/p>\n<p>\u201cAs pessoas n\u00e3o est\u00e3o comprando apenas algo pela tela, mas est\u00e3o realmente interessadas em (entender) como um smartphone funciona. Isso \u00e9 \u00f3timo para n\u00f3s, porque n\u00e3o queremos vender apenas o (device) mais barato poss\u00edvel. Queremos vender aquilo em que investimos no desenvolvimento, a tecnologia mais recente. Ent\u00e3o, isso \u00e9 importante para n\u00f3s e faz sentido do ponto de vista comercial\u201d, disse.<\/p>\n<p>Outra fonte de incremento nas vendas da MediaTek e seus parceiros \u00e9 a transi\u00e7\u00e3o de usu\u00e1rios com handsets 4G para 5G e migra\u00e7\u00e3o de consumidores para dispositivos mais potentes e de melhor qualidade.<\/p>\n<p>Imagem principal: Russ Mestechkin, vice-presidente adjunto de vendas e desenvolvimento de neg\u00f3cios para as regi\u00f5es das Am\u00e9ricas e da Europa na MediaTek (divuga\u00e7\u00e3o)<\/p>\n<p>\u00a0<\/p>\n<p><strong>*********************************<\/strong><\/p>\n<p class=\"p1\"><strong>Receba gratuitamente a newsletter do Mobile Time e fique bem informado sobre tecnologia m\u00f3vel e neg\u00f3cios. <a href=\"https:\/\/www.mobiletime.com.br\/newsletter\/?swcfpc=1\" target=\"_blank\" rel=\"noopener nofollow\">Cadastre-se aqui!<\/a><\/strong><\/p>\n<p><strong>E siga o canal do Mobile Time no <a href=\"https:\/\/whatsapp.com\/channel\/0029Va9kHLiCXC3KvpP0li2f\" target=\"_blank\" rel=\"noopener nofollow\">WhatsApp!<\/a><\/strong><\/p>\n","protected":false},"excerpt":{"rendered":"A MediaTek espera chegar ao final de 2026 com mais de 50% de market share na Am\u00e9rica Latina&hellip;\n","protected":false},"author":2,"featured_media":180849,"comment_status":"","ping_status":"","sticky":false,"template":"","format":"standard","meta":{"footnotes":""},"categories":[84],"tags":[109,107,108,32,33,105,103,104,106,110],"class_list":{"0":"post-180848","1":"post","2":"type-post","3":"status-publish","4":"format-standard","5":"has-post-thumbnail","7":"category-ciencia-e-tecnologia","8":"tag-ciencia","9":"tag-ciencia-e-tecnologia","10":"tag-cienciaetecnologia","11":"tag-portugal","12":"tag-pt","13":"tag-science","14":"tag-science-and-technology","15":"tag-scienceandtechnology","16":"tag-technology","17":"tag-tecnologia"},"share_on_mastodon":{"url":"https:\/\/pubeurope.com\/@pt\/115687127985725876","error":""},"_links":{"self":[{"href":"https:\/\/www.europesays.com\/pt\/wp-json\/wp\/v2\/posts\/180848","targetHints":{"allow":["GET"]}}],"collection":[{"href":"https:\/\/www.europesays.com\/pt\/wp-json\/wp\/v2\/posts"}],"about":[{"href":"https:\/\/www.europesays.com\/pt\/wp-json\/wp\/v2\/types\/post"}],"author":[{"embeddable":true,"href":"https:\/\/www.europesays.com\/pt\/wp-json\/wp\/v2\/users\/2"}],"replies":[{"embeddable":true,"href":"https:\/\/www.europesays.com\/pt\/wp-json\/wp\/v2\/comments?post=180848"}],"version-history":[{"count":0,"href":"https:\/\/www.europesays.com\/pt\/wp-json\/wp\/v2\/posts\/180848\/revisions"}],"wp:featuredmedia":[{"embeddable":true,"href":"https:\/\/www.europesays.com\/pt\/wp-json\/wp\/v2\/media\/180849"}],"wp:attachment":[{"href":"https:\/\/www.europesays.com\/pt\/wp-json\/wp\/v2\/media?parent=180848"}],"wp:term":[{"taxonomy":"category","embeddable":true,"href":"https:\/\/www.europesays.com\/pt\/wp-json\/wp\/v2\/categories?post=180848"},{"taxonomy":"post_tag","embeddable":true,"href":"https:\/\/www.europesays.com\/pt\/wp-json\/wp\/v2\/tags?post=180848"}],"curies":[{"name":"wp","href":"https:\/\/api.w.org\/{rel}","templated":true}]}}