{"id":180850,"date":"2025-12-09T02:00:19","date_gmt":"2025-12-09T02:00:19","guid":{"rendered":"https:\/\/www.europesays.com\/pt\/180850\/"},"modified":"2025-12-09T02:00:19","modified_gmt":"2025-12-09T02:00:19","slug":"william-gomes-a-arte-de-farejar-o-erro-e-os-20-que-nao-preocupam-o-fc-porto","status":"publish","type":"post","link":"https:\/\/www.europesays.com\/pt\/180850\/","title":{"rendered":"William Gomes: a arte de farejar o erro e os 20% que n\u00e3o preocupam o FC Porto"},"content":{"rendered":"<p><a target=\"_blank\" class=\"editor-link autolink-enabled\" href=\"https:\/\/www.abola.pt\/futebol\/jogador\/william-gomes-301436\" data-resource-id=\"301436\" data-resource-type=\"player\" data-sport=\"football\" rel=\"nofollow noopener\">William Gomes<\/a> \u00e9 uma arma cada vez menos secreta no <a target=\"_blank\" class=\"editor-link autolink-enabled\" href=\"https:\/\/www.abola.pt\/futebol\/fc-porto-451\" data-resource-id=\"451\" data-resource-type=\"team\" data-sport=\"football\" rel=\"nofollow noopener\">FC Porto<\/a>. Titular na desloca\u00e7\u00e3o a <a target=\"_blank\" class=\"editor-link autolink-enabled\" href=\"https:\/\/www.abola.pt\/futebol\/tondela-467\" data-resource-id=\"467\" data-resource-type=\"team\" data-sport=\"football\" rel=\"nofollow noopener\">Tondela<\/a>, anteontem, o extremo brasileiro assinou o segundo golo dos drag\u00f5es frente \u00e0 equipa de Cristiano Bacci, carimbando em definitivo o triunfo azul e branco em terras beir\u00e3s. E f\u00ea-lo com base numa f\u00f3rmula muito similar \u00e0quela que aplicou diante do <a target=\"_blank\" class=\"editor-link autolink-enabled\" href=\"https:\/\/www.abola.pt\/futebol\/estoril-461\" data-resource-id=\"461\" data-resource-type=\"team\" data-sport=\"football\" rel=\"nofollow noopener\">Estoril<\/a>, na jornada anterior do campeonato, para assinar o 1-0: aproveitou o erro de um advers\u00e1rio para recuperar a bola e atirar para as redes advers\u00e1rias.<\/p>\n<p> Contra os canarinhos, no Drag\u00e3o, o camisola 7 intercertou um mau passe de <a target=\"_blank\" class=\"editor-link autolink-enabled\" href=\"https:\/\/www.abola.pt\/futebol\/jogador\/jordan-holsgrove-184350\" data-resource-id=\"184350\" data-resource-type=\"player\" data-sport=\"football\" rel=\"nofollow noopener\">Holsgrove<\/a>; no Est\u00e1dio Jo\u00e3o Cardoso, bastou uma hesita\u00e7\u00e3o de <a target=\"_blank\" class=\"editor-link autolink-enabled\" href=\"https:\/\/www.abola.pt\/futebol\/jogador\/bernardo-fontes-258245\" data-resource-id=\"258245\" data-resource-type=\"player\" data-sport=\"football\" rel=\"nofollow noopener\">Bernardo Fontes<\/a> para o roubo de bola do jovem canarinho e consequente remate (ou quase um passe) certeiro para a baliza deserta.<\/p>\n<p>Ora, com os dois tentos que faturou nos \u00faltimos dois compromissos dos azuis e brancos na Liga, <a target=\"_blank\" class=\"editor-link autolink-enabled\" href=\"https:\/\/www.abola.pt\/futebol\/jogador\/william-gomes-301436\" data-resource-id=\"301436\" data-resource-type=\"player\" data-sport=\"football\" rel=\"nofollow noopener\">William<\/a> chegou aos seis na temporada, isolando-se como segundo melhor marcador da equipa de Francesco Farioli em 2025\/26. Ultrapassou os cinco de <a target=\"_blank\" class=\"editor-link autolink-enabled\" href=\"https:\/\/www.abola.pt\/futebol\/jogador\/borja-sainz-213343\" data-resource-id=\"213343\" data-resource-type=\"player\" data-sport=\"football\" rel=\"nofollow noopener\">Borja Sainz<\/a>, colega de setor, e s\u00f3 \u00e9 superado por <a target=\"_blank\" class=\"editor-link autolink-enabled\" href=\"https:\/\/www.abola.pt\/futebol\/jogador\/samu-aghehowa-267455\" data-resource-id=\"267455\" data-resource-type=\"player\" data-sport=\"football\" rel=\"nofollow noopener\">Samu<\/a>, bem distanciado da concorr\u00eancia interna, com 11 golos na conta pessoal. Em simult\u00e2neo, o extremo que o <a target=\"_blank\" class=\"editor-link autolink-enabled\" href=\"https:\/\/www.abola.pt\/futebol\/fc-porto-451\" data-resource-id=\"451\" data-resource-type=\"team\" data-sport=\"football\" rel=\"nofollow noopener\">FC Porto<\/a> contratou ao <a target=\"_blank\" class=\"editor-link autolink-enabled\" href=\"https:\/\/www.abola.pt\/futebol\/sao-paulo-185\" data-resource-id=\"185\" data-resource-type=\"team\" data-sport=\"football\" rel=\"nofollow noopener\">S\u00e3o Paulo<\/a> em janeiro \u00faltimo vai mostrando uma apet\u00eancia especial para aproveitar os deslizes dos advers\u00e1rios. <\/p>\n<p>A chave, claro est\u00e1, \u00e9 o trabalho de press\u00e3o levado a cabo pelo ala, um dos aspetos que o treinador dos drag\u00f5es mais privilegia no seu modelo de jogo. No entanto, e ao contr\u00e1rio do que se poderia pensar, essa capacidade de farejar o erro alheio \u00e9, de certa forma, inata a <a target=\"_blank\" class=\"editor-link autolink-enabled\" href=\"https:\/\/www.abola.pt\/futebol\/jogador\/william-gomes-301436\" data-resource-id=\"301436\" data-resource-type=\"player\" data-sport=\"football\" rel=\"nofollow noopener\">William<\/a> Gomes.<\/p>\n<p>Antes de rumar ao <a target=\"_blank\" class=\"editor-link autolink-enabled\" href=\"https:\/\/www.abola.pt\/futebol\/fc-porto-451\" data-resource-id=\"451\" data-resource-type=\"team\" data-sport=\"football\" rel=\"nofollow noopener\">FC Porto<\/a>, o extremo marcou tr\u00eas golos ao servi\u00e7o da equipa principal do <a target=\"_blank\" class=\"editor-link autolink-enabled\" href=\"https:\/\/www.abola.pt\/futebol\/sao-paulo-185\" data-resource-id=\"185\" data-resource-type=\"team\" data-sport=\"football\" rel=\"nofollow noopener\">S\u00e3o Paulo<\/a>. O \u00faltimo, anotado no jogo de despedida do emblema tricolor, nasceu precisamente de um lance em tudo semelhante aos que <a target=\"_blank\" class=\"editor-link autolink-enabled\" href=\"https:\/\/www.abola.pt\/futebol\/jogador\/william-gomes-301436\" data-resource-id=\"301436\" data-resource-type=\"player\" data-sport=\"football\" rel=\"nofollow noopener\">William<\/a> protagonizou diante de <a target=\"_blank\" class=\"editor-link autolink-enabled\" href=\"https:\/\/www.abola.pt\/futebol\/estoril-461\" data-resource-id=\"461\" data-resource-type=\"team\" data-sport=\"football\" rel=\"nofollow noopener\">Estoril<\/a> e <a target=\"_blank\" class=\"editor-link autolink-enabled\" href=\"https:\/\/www.abola.pt\/futebol\/tondela-467\" data-resource-id=\"467\" data-resource-type=\"team\" data-sport=\"football\" rel=\"nofollow noopener\">Tondela<\/a>: \u00e0 entrada da grande \u00e1rea do <a target=\"_blank\" class=\"editor-link autolink-enabled\" href=\"https:\/\/www.abola.pt\/futebol\/botafogo-182\" data-resource-id=\"182\" data-resource-type=\"team\" data-sport=\"football\" rel=\"nofollow noopener\">Botafogo<\/a>, tirou a bola a <a target=\"_blank\" class=\"editor-link autolink-enabled\" href=\"https:\/\/www.abola.pt\/futebol\/jogador\/marlon-freitas-25925\" data-resource-id=\"25925\" data-resource-type=\"player\" data-sport=\"football\" rel=\"nofollow noopener\">Marlon Freitas<\/a> e, apenas com o guarda-redes <a target=\"_blank\" class=\"editor-link autolink-enabled\" href=\"https:\/\/www.abola.pt\/futebol\/jogador\/john-victor-25880\" data-resource-id=\"25880\" data-resource-type=\"player\" data-sport=\"football\" rel=\"nofollow noopener\">John<\/a> pela frente, disparou a contar.<\/p>\n<p>O natural processo de adapta\u00e7\u00e3o ao futebol europeu e, numa fase posterior, a chegada de Farioli ao <a class=\"autolink-enabled\" data-resource-id=\"451\" data-resource-type=\"team\" data-sport=\"football\" href=\"https:\/\/www.abola.pt\/futebol\/fc-porto-451\" rel=\"nofollow noopener\" target=\"_blank\">FC Porto<\/a> ajudaram o jovem brasileiro a aprimorar este aspeto, que se tem provado fulcral nos recentes triunfos dos azuis e brancos. De resto, a preponder\u00e2ncia de <a class=\"autolink-enabled\" data-resource-id=\"301436\" data-resource-type=\"player\" data-sport=\"football\" href=\"https:\/\/www.abola.pt\/futebol\/jogador\/william-gomes-301436\" rel=\"nofollow noopener\" target=\"_blank\">William Gomes<\/a> vai subindo de tom. Na temporada em curso, o extremo marca a cada 133 minutos em campo. Aqui, novamente, s\u00f3 <a class=\"autolink-enabled\" data-resource-id=\"267455\" data-resource-type=\"player\" data-sport=\"football\" href=\"https:\/\/www.abola.pt\/futebol\/jogador\/samu-aghehowa-267455\" rel=\"nofollow noopener\" target=\"_blank\">Samu<\/a> consegue super\u00e1-lo.<\/p>\n<p>Os desempenhos do n\u00famero 7 portista n\u00e3o t\u00eam passado despercebidos no pa\u00eds natal do jogador. Agora que vai juntando golos \u00e0s boas exibi\u00e7\u00f5es, a Imprensa brasileira tem-se mostrado (ainda mais) atenta ao crescimento de <a class=\"autolink-enabled\" data-resource-id=\"301436\" data-resource-type=\"player\" data-sport=\"football\" href=\"https:\/\/www.abola.pt\/futebol\/jogador\/william-gomes-301436\" rel=\"nofollow noopener\" target=\"_blank\">William<\/a> no Drag\u00e3o. Entre os adeptos do <a class=\"autolink-enabled\" data-resource-id=\"185\" data-resource-type=\"team\" data-sport=\"football\" href=\"https:\/\/www.abola.pt\/futebol\/sao-paulo-185\" rel=\"nofollow noopener\" target=\"_blank\">S\u00e3o Paulo<\/a>, o sentimento que reina \u00e9 de que os nove milh\u00f5es de euros que o <a class=\"autolink-enabled\" data-resource-id=\"451\" data-resource-type=\"team\" data-sport=\"football\" href=\"https:\/\/www.abola.pt\/futebol\/fc-porto-451\" rel=\"nofollow noopener\" target=\"_blank\">FC Porto<\/a> pagou ao emblema tricolor n\u00e3o refletem o real valor do jogador e, acima de tudo, a sua margem de progress\u00e3o, ainda mais atendendo \u00e0 tenra idade de 19 anos.<\/p>\n<p>Certo \u00e9 que o <a class=\"autolink-enabled\" data-resource-id=\"185\" data-resource-type=\"team\" data-sport=\"football\" href=\"https:\/\/www.abola.pt\/futebol\/sao-paulo-185\" rel=\"nofollow noopener\" target=\"_blank\">S\u00e3o Paulo<\/a> manteve 20 por cento dos direitos econ\u00f3micos do internacional jovem pelo Brasil, estando os restantes 80% na posse da SAD dos drag\u00f5es. De acordo com informa\u00e7\u00f5es recolhidas por A BOLA, o <a class=\"autolink-enabled\" data-resource-id=\"451\" data-resource-type=\"team\" data-sport=\"football\" href=\"https:\/\/www.abola.pt\/futebol\/fc-porto-451\" rel=\"nofollow noopener\" target=\"_blank\">FC Porto<\/a> ainda n\u00e3o manifestou inten\u00e7\u00e3o de avan\u00e7ar para a compra da restante percentagem do passe de <a class=\"autolink-enabled\" data-resource-id=\"301436\" data-resource-type=\"player\" data-sport=\"football\" href=\"https:\/\/www.abola.pt\/futebol\/jogador\/william-gomes-301436\" rel=\"nofollow noopener\" target=\"_blank\">William Gomes<\/a>. O contrato do dianteiro \u00e9 v\u00e1lido at\u00e9 2029 e inclui uma cl\u00e1usula de rescis\u00e3o de 80 milh\u00f5es de euros. Um valor capaz, nesta fase, de manter eventuais interessados \u00e0 margem, pelo que a c\u00fapula azul e branca n\u00e3o tem pressa de agir.<\/p>\n<p>Contudo, se, mais \u00e0 frente, optar por adquirir a totalidade dos direitos do extremo, a SAD ter\u00e1 de abrir uma nova via negocial com o emblema paulista, uma vez que, aquando da transfer\u00eancia, n\u00e3o ficou estabelecida qualquer cl\u00e1usula futura. As rela\u00e7\u00f5es entre os dois clubes s\u00e3o boas&#8230;<\/p>\n","protected":false},"excerpt":{"rendered":"William Gomes \u00e9 uma arma cada vez menos secreta no FC Porto. Titular na desloca\u00e7\u00e3o a Tondela, anteontem,&hellip;\n","protected":false},"author":2,"featured_media":180851,"comment_status":"","ping_status":"","sticky":false,"template":"","format":"standard","meta":{"footnotes":""},"categories":[8],"tags":[27,28,15,16,14,25,26,21,22,12,13,19,20,32,23,24,33,17,18,29,30,31],"class_list":{"0":"post-180850","1":"post","2":"type-post","3":"status-publish","4":"format-standard","5":"has-post-thumbnail","7":"category-principais-noticias","8":"tag-breaking-news","9":"tag-breakingnews","10":"tag-featured-news","11":"tag-featurednews","12":"tag-headlines","13":"tag-latest-news","14":"tag-latestnews","15":"tag-main-news","16":"tag-mainnews","17":"tag-news","18":"tag-noticias","19":"tag-noticias-principais","20":"tag-noticiasprincipais","21":"tag-portugal","22":"tag-principais-noticias","23":"tag-principaisnoticias","24":"tag-pt","25":"tag-top-stories","26":"tag-topstories","27":"tag-ultimas","28":"tag-ultimas-noticias","29":"tag-ultimasnoticias"},"share_on_mastodon":{"url":"https:\/\/pubeurope.com\/@pt\/115687143914687761","error":""},"_links":{"self":[{"href":"https:\/\/www.europesays.com\/pt\/wp-json\/wp\/v2\/posts\/180850","targetHints":{"allow":["GET"]}}],"collection":[{"href":"https:\/\/www.europesays.com\/pt\/wp-json\/wp\/v2\/posts"}],"about":[{"href":"https:\/\/www.europesays.com\/pt\/wp-json\/wp\/v2\/types\/post"}],"author":[{"embeddable":true,"href":"https:\/\/www.europesays.com\/pt\/wp-json\/wp\/v2\/users\/2"}],"replies":[{"embeddable":true,"href":"https:\/\/www.europesays.com\/pt\/wp-json\/wp\/v2\/comments?post=180850"}],"version-history":[{"count":0,"href":"https:\/\/www.europesays.com\/pt\/wp-json\/wp\/v2\/posts\/180850\/revisions"}],"wp:featuredmedia":[{"embeddable":true,"href":"https:\/\/www.europesays.com\/pt\/wp-json\/wp\/v2\/media\/180851"}],"wp:attachment":[{"href":"https:\/\/www.europesays.com\/pt\/wp-json\/wp\/v2\/media?parent=180850"}],"wp:term":[{"taxonomy":"category","embeddable":true,"href":"https:\/\/www.europesays.com\/pt\/wp-json\/wp\/v2\/categories?post=180850"},{"taxonomy":"post_tag","embeddable":true,"href":"https:\/\/www.europesays.com\/pt\/wp-json\/wp\/v2\/tags?post=180850"}],"curies":[{"name":"wp","href":"https:\/\/api.w.org\/{rel}","templated":true}]}}