{"id":180860,"date":"2025-12-09T02:09:56","date_gmt":"2025-12-09T02:09:56","guid":{"rendered":"https:\/\/www.europesays.com\/pt\/180860\/"},"modified":"2025-12-09T02:09:56","modified_gmt":"2025-12-09T02:09:56","slug":"o-acessorio-must-have-de-inverno-que-conquistou-madalena-abecasis-esta-na-parfois","status":"publish","type":"post","link":"https:\/\/www.europesays.com\/pt\/180860\/","title":{"rendered":"O acess\u00f3rio must-have de inverno que conquistou Madalena Abecasis est\u00e1 na Parfois"},"content":{"rendered":"<p><a href=\"https:\/\/versa.iol.pt\/madalena-abecasis\/botas\/as-botas-tendencia-de-madalena-abecasis-estao-a-voar\/20251202\/692eace4d34e3caad84be9f3\" rel=\"nofollow noopener\" target=\"_blank\">Madalena Abecasis podia<\/a> muito bem ser coroada a rainha do DIY (Do It Yourself). J\u00e1 a vimos a restaurar m\u00f3veis, a fazer vasos e, recentemente, no Instagram, mostrou o seu mais recente projeto: o croch\u00e9.\u00a0<\/p>\n<p>Mais especificamente, a digital influencer decidiu fazer a sua pr\u00f3pria balaclava, com riscas, um estampado tend\u00eancia, e em tons de cor de rosa. \u00c9 um acess\u00f3rio ideal para <a href=\"https:\/\/versa.iol.pt\/lidl\/casaco\/o-frio-veio-para-ficar-e-o-casaco-perfeito-esta-no-lidl-a-menos-de-30-euros\/20251204\/69315d94d34e2bd5c6d4ba19\" rel=\"nofollow noopener\" target=\"_blank\">os dias mais frios<\/a> que ajuda a proteger o pesco\u00e7o e as orelhas das temperaturas baixas.<\/p>\n<p>  <img loading=\"lazy\" decoding=\"async\" alt=\"\" height=\"500\" src=\"https:\/\/www.europesays.com\/pt\/wp-content\/uploads\/2025\/12\/69331840d34e2bd5c6d4cb92.webp\" width=\"281\"\/> <\/p>\n<p>    Madalena Abecasis no Instagram <\/p>\n<p>\u00c9 uma pe\u00e7a com muita hist\u00f3ria. Foi criada\u00a0durante a Guerra da Crimeia, no s\u00e9culo XIX, em Balaclava, na Ucr\u00e2nia, com o objetivo de proteger as tropas das temperaturas extremamente baixas. J\u00e1 foi adaptada v\u00e1rias vezes ao longo dos anos e usada para diferentes movimentos de emancipa\u00e7\u00e3o e revolta.\u00a0<\/p>\n<p>Come\u00e7ou a aparecer nas cole\u00e7\u00f5es de grandes marcas\u00a0como a Louis Vuitton, na era de Virgil Abloh, a Givenchy, a Miu Miu e a Gucci. Tamb\u00e9m consegues encontrar diferentes vers\u00f5es nos cat\u00e1logos de marcas como a Zara, a Mango e a Parfois.\u00a0<\/p>\n<p>Foi ali\u00e1s na loja online da marca portuguesa que encontr\u00e1mos uma boa op\u00e7\u00e3o a \u20ac15,99 e com o mesmo estampado de riscas que foi escolhido pela digital influencer. \u00c9, no entanto, em tons de azul, laranja, cinzento e preto.\u00a0<\/p>\n<p>Espreita a galeria de imagens para conheceres as nossas sugest\u00f5es. Se quiseres fazer uma em croch\u00e9 como Madalena Abecasis podes sempre seguir um tutorial do YouTube (boa sorte).\u00a0\u00a0<\/p>\n","protected":false},"excerpt":{"rendered":"Madalena Abecasis podia muito bem ser coroada a rainha do DIY (Do It Yourself). J\u00e1 a vimos a&hellip;\n","protected":false},"author":2,"featured_media":180861,"comment_status":"","ping_status":"","sticky":false,"template":"","format":"standard","meta":{"footnotes":""},"categories":[85],"tags":[37048,1081,204,114,115,754,7189,186,28831,1079,16154,32,33,1083,1078,1080],"class_list":{"0":"post-180860","1":"post","2":"type-post","3":"status-publish","4":"format-standard","5":"has-post-thumbnail","7":"category-entretenimento","8":"tag-acessorio","9":"tag-beleza","10":"tag-design","11":"tag-entertainment","12":"tag-entretenimento","13":"tag-gastronomia","14":"tag-inverno","15":"tag-lifestyle","16":"tag-madalena-abecasis","17":"tag-moda","18":"tag-parfois","19":"tag-portugal","20":"tag-pt","21":"tag-tendencia","22":"tag-versa","23":"tag-viagens"},"share_on_mastodon":{"url":"https:\/\/pubeurope.com\/@pt\/115687183424928637","error":""},"_links":{"self":[{"href":"https:\/\/www.europesays.com\/pt\/wp-json\/wp\/v2\/posts\/180860","targetHints":{"allow":["GET"]}}],"collection":[{"href":"https:\/\/www.europesays.com\/pt\/wp-json\/wp\/v2\/posts"}],"about":[{"href":"https:\/\/www.europesays.com\/pt\/wp-json\/wp\/v2\/types\/post"}],"author":[{"embeddable":true,"href":"https:\/\/www.europesays.com\/pt\/wp-json\/wp\/v2\/users\/2"}],"replies":[{"embeddable":true,"href":"https:\/\/www.europesays.com\/pt\/wp-json\/wp\/v2\/comments?post=180860"}],"version-history":[{"count":0,"href":"https:\/\/www.europesays.com\/pt\/wp-json\/wp\/v2\/posts\/180860\/revisions"}],"wp:featuredmedia":[{"embeddable":true,"href":"https:\/\/www.europesays.com\/pt\/wp-json\/wp\/v2\/media\/180861"}],"wp:attachment":[{"href":"https:\/\/www.europesays.com\/pt\/wp-json\/wp\/v2\/media?parent=180860"}],"wp:term":[{"taxonomy":"category","embeddable":true,"href":"https:\/\/www.europesays.com\/pt\/wp-json\/wp\/v2\/categories?post=180860"},{"taxonomy":"post_tag","embeddable":true,"href":"https:\/\/www.europesays.com\/pt\/wp-json\/wp\/v2\/tags?post=180860"}],"curies":[{"name":"wp","href":"https:\/\/api.w.org\/{rel}","templated":true}]}}