{"id":180898,"date":"2025-12-09T03:06:07","date_gmt":"2025-12-09T03:06:07","guid":{"rendered":"https:\/\/www.europesays.com\/pt\/180898\/"},"modified":"2025-12-09T03:06:07","modified_gmt":"2025-12-09T03:06:07","slug":"a-protegida-monica-tenta-enganar-jd-mas-ele-tem-uma-nova-memoria-novelas","status":"publish","type":"post","link":"https:\/\/www.europesays.com\/pt\/180898\/","title":{"rendered":"A\u00a0Protegida: M\u00f3nica tenta enganar JD, mas ele tem uma nova mem\u00f3ria &#8211; Novelas"},"content":{"rendered":"<p>Em \u00abA\u00a0Protegida\u00bb, M\u00f3nica (Catarina Nifo) atende clientes, enquanto JD (Pedro Sousa) olha para o mar. Ela desencoraja-o de entrar no mar, mas ele diz que o mar n\u00e3o \u00e9 o problema e tenta saber mais sobre o seu passado. M\u00f3nica diz que j\u00e1 lhe disse tudo e n\u00e3o gosta de reviver o passado. JD v\u00ea uma mota parecida \u00e0 sua e tem uma memoria de estar a andar de mota.<\/p>\n","protected":false},"excerpt":{"rendered":"Em \u00abA\u00a0Protegida\u00bb, M\u00f3nica (Catarina Nifo) atende clientes, enquanto JD (Pedro Sousa) olha para o mar. Ela desencoraja-o de&hellip;\n","protected":false},"author":2,"featured_media":180899,"comment_status":"","ping_status":"","sticky":false,"template":"","format":"standard","meta":{"footnotes":""},"categories":[142],"tags":[168,160,166,114,115,157,167,164,2931,161,158,165,159,32,33,156,163,151,162],"class_list":{"0":"post-180898","1":"post","2":"type-post","3":"status-publish","4":"format-standard","5":"has-post-thumbnail","7":"category-tv","8":"tag-a-protegida","9":"tag-ana-guiomar","10":"tag-cristina-ferreira","11":"tag-entertainment","12":"tag-entretenimento","13":"tag-festa-e-festa","14":"tag-ficcao","15":"tag-jose-fidalgo","16":"tag-novela","17":"tag-novelas","18":"tag-para-sempre","19":"tag-pedro-sousa","20":"tag-pedro-teixeira","21":"tag-portugal","22":"tag-pt","23":"tag-queridos-papas","24":"tag-tiago-teotonio-pereira","25":"tag-tv","26":"tag-tvi"},"share_on_mastodon":{"url":"https:\/\/pubeurope.com\/@pt\/115687403254945193","error":""},"_links":{"self":[{"href":"https:\/\/www.europesays.com\/pt\/wp-json\/wp\/v2\/posts\/180898","targetHints":{"allow":["GET"]}}],"collection":[{"href":"https:\/\/www.europesays.com\/pt\/wp-json\/wp\/v2\/posts"}],"about":[{"href":"https:\/\/www.europesays.com\/pt\/wp-json\/wp\/v2\/types\/post"}],"author":[{"embeddable":true,"href":"https:\/\/www.europesays.com\/pt\/wp-json\/wp\/v2\/users\/2"}],"replies":[{"embeddable":true,"href":"https:\/\/www.europesays.com\/pt\/wp-json\/wp\/v2\/comments?post=180898"}],"version-history":[{"count":0,"href":"https:\/\/www.europesays.com\/pt\/wp-json\/wp\/v2\/posts\/180898\/revisions"}],"wp:featuredmedia":[{"embeddable":true,"href":"https:\/\/www.europesays.com\/pt\/wp-json\/wp\/v2\/media\/180899"}],"wp:attachment":[{"href":"https:\/\/www.europesays.com\/pt\/wp-json\/wp\/v2\/media?parent=180898"}],"wp:term":[{"taxonomy":"category","embeddable":true,"href":"https:\/\/www.europesays.com\/pt\/wp-json\/wp\/v2\/categories?post=180898"},{"taxonomy":"post_tag","embeddable":true,"href":"https:\/\/www.europesays.com\/pt\/wp-json\/wp\/v2\/tags?post=180898"}],"curies":[{"name":"wp","href":"https:\/\/api.w.org\/{rel}","templated":true}]}}