{"id":180904,"date":"2025-12-09T03:13:34","date_gmt":"2025-12-09T03:13:34","guid":{"rendered":"https:\/\/www.europesays.com\/pt\/180904\/"},"modified":"2025-12-09T03:13:34","modified_gmt":"2025-12-09T03:13:34","slug":"ja-disponivel-one-ui-8-5-estreia-em-primeiro-beta-com-novas-funcoes-de-conectividade-e-seguranca","status":"publish","type":"post","link":"https:\/\/www.europesays.com\/pt\/180904\/","title":{"rendered":"J\u00e1 dispon\u00edvel! One UI 8.5 estreia em primeiro beta com novas fun\u00e7\u00f5es de conectividade e seguran\u00e7a"},"content":{"rendered":"<p class=\"leading\">\n                A nova atualiza\u00e7\u00e3o da Samsung estreia com melhorias na cria\u00e7\u00e3o de conte\u00fado, melhor integra\u00e7\u00e3o entre dispositivos e camadas adicionais de seguran\u00e7a.            <\/p>\n<p class=\"article-image center\"><img decoding=\"async\" alt=\"One UI 8.5\" height=\"1080\" src=\"https:\/\/www.europesays.com\/pt\/wp-content\/uploads\/2025\/12\/one-ui-8-5-beta-e-lancada-oficialmente.jpg\" width=\"1920\" fetchpriority=\"high\"\/><\/p>\n<p><a href=\"https:\/\/t.me\/descontos4gnews\" rel=\"nofollow\" class=\"banner-deals mb20 banner-deals-rotation banner-deals-rotation--telegram\"><\/p>\n<p>        Entra no nosso canal Telegram<br \/>e recebe as melhores ofertas<\/p>\n<p>        ENTRAR\n    <\/p>\n<p><\/a><\/p>\n<p>A Samsung oficializou o lan\u00e7amento da primeira vers\u00e3o beta da One UI 8.5 nesta segunda-feira (8), com foco na cria\u00e7\u00e3o de conte\u00fado, melhorias de conectividade entre dispositivos e novas camadas de seguran\u00e7a. A atualiza\u00e7\u00e3o chega primeiro aos utilizadores da linha <a href=\"https:\/\/4gnews.pt\/samsung-galaxy-s25-review\/\" rel=\"nofollow noopener\" target=\"_blank\">Galaxy S25<\/a>, em mercados selecionados.<\/p>\n<p>Anteriormente, j\u00e1 list\u00e1mos todos os <a href=\"https:\/\/4gnews.pt\/one-ui-8-5-ja-sabemos-todas-as-mudancas-vao-transformar-os-telemoveis-samsung-galaxy\/\" rel=\"nofollow noopener\" target=\"_blank\">principais recursos e mudan\u00e7as previstos para a One UI 8.5<\/a>. No entanto, grande parte dessas novidades ainda n\u00e3o est\u00e1 presente nesta primeira vers\u00e3o beta. A seguir, podes conferir as principais funcionalidades destacadas pela pr\u00f3pria Samsung no lan\u00e7amento do teste beta da sua nova interface de utilizador.<\/p>\n<p>Cria\u00e7\u00e3o de conte\u00fado mais intuitiva<\/p>\n<p>A One UI 8.5 apresenta melhorias importantes para quem edita ou partilha fotos no dia a dia. O <strong>novo Assistente de Fotografia<\/strong> permite gerar e ajustar imagens de forma cont\u00ednua, sem necessidade de guardar cada vers\u00e3o intermedi\u00e1ria. Todas as itera\u00e7\u00f5es ficam registadas num hist\u00f3rico visual, permitindo escolher as melhores no final, num fluxo muito mais limpo e pr\u00e1tico.<\/p>\n<p>O <strong>Quick Share<\/strong> tamb\u00e9m ficou mais inteligente. O sistema passa a reconhecer automaticamente as pessoas que aparecem nas fotografias e sugere o envio direto para esses contactos, reduzindo passos e acelerando o processo de partilha.<\/p>\n<p>Ecossistema mais conectado<\/p>\n<p>A Samsung refor\u00e7a a sua estrat\u00e9gia de integra\u00e7\u00e3o entre dispositivos com funcionalidades que facilitam comunica\u00e7\u00e3o, sincroniza\u00e7\u00e3o e acesso a ficheiros.<\/p>\n<p>O <strong>Audio Broadcast<\/strong>, baseado no Auracast (LE Audio) \u2014 tecnologia que transmite \u00e1udio para m\u00faltiplos dispositivos em simult\u00e2neo \u2014 permite difundir \u00e1udio n\u00e3o s\u00f3 de fontes multim\u00e9dia, mas tamb\u00e9m da pr\u00f3pria voz, utilizando o microfone do Galaxy. \u00c9 uma solu\u00e7\u00e3o especialmente \u00fatil para visitas guiadas, eventos ou situa\u00e7\u00f5es em que v\u00e1rias pessoas precisam de ouvir o mesmo \u00e1udio em dispositivos diferentes.<\/p>\n<p class=\"article-image center\"><img decoding=\"async\" alt=\"One UI 8.5\" height=\"1080\" width=\"1920\" class=\"lazyload\" src=\"https:\/\/www.europesays.com\/pt\/wp-content\/uploads\/2025\/12\/one-ui-8-5-beta-1-lancado.jpg\" loading=\"lazy\"\/><\/p>\n<p>Outra novidade \u00e9 o<strong> Storage Share<\/strong>, que torna o ecossistema Galaxy ainda mais unificado ao exibir no smartphone ficheiros guardados noutros dispositivos Samsung, como tablets, PCs e at\u00e9 TVs. Da mesma forma, outros equipamentos podem aceder aos ficheiros armazenados no telem\u00f3vel, sem complica\u00e7\u00f5es.<\/p>\n<p>Seguran\u00e7a refor\u00e7ada<\/p>\n<p>A One UI 8.5 introduz novas camadas de prote\u00e7\u00e3o com funcionalidades como a <strong>Prote\u00e7\u00e3o Contra Roubo<\/strong>, que ajuda a manter o dispositivo e os dados seguros em casos de perda ou furto. J\u00e1 o recurso<strong> Falha de Bloqueio de Autentica\u00e7\u00e3o<\/strong> bloqueia automaticamente o ecr\u00e3 ap\u00f3s v\u00e1rias tentativas incorretas de autentica\u00e7\u00e3o, evitando acessos indevidos.<\/p>\n<p class=\"article-image center\"><img decoding=\"async\" alt=\"One UI 8.5 bloqueio ecr\u00e3\" height=\"1080\" width=\"1920\" class=\"lazyload\" src=\"https:\/\/www.europesays.com\/pt\/wp-content\/uploads\/2025\/12\/one-ui-8-5-beta-1-lancado-seguranca.jpg\" loading=\"lazy\"\/><\/p>\n<p>Outra novidade \u00e9 a <strong>Verifica\u00e7\u00e3o de Identidade<\/strong>, que passa a proteger um conjunto maior de defini\u00e7\u00f5es sens\u00edveis, oferecendo ainda mais controlo de privacidade ao utilizador.<\/p>\n<p>Disponibilidade<\/p>\n<p>A beta da One UI 8.5 ser\u00e1 disponibilizada inicialmente para os utilizadores da linha Galaxy S25: <strong>S25 Ultra<\/strong>, <strong>S25 Plus<\/strong> e <strong>S25<\/strong>.<br \/>Os restantes modelos da fam\u00edlia, como <strong>Galaxy S25 Edge<\/strong> e <strong>S25 FE<\/strong>, ainda n\u00e3o recebem esta vers\u00e3o de testes.<\/p>\n<p>A Samsung refere que o programa beta est\u00e1 dispon\u00edvel em mercados selecionados: <strong>Alemanha, \u00cdndia, Coreia do Sul, Pol\u00f3nia, Reino Unido e Estados Unidos. N\u00e3o h\u00e1 informa\u00e7\u00f5es sobre disponibilidade em Portugal<\/strong>.<\/p>\n<p>Utilizadores de telem\u00f3veis Galaxy S25 nos pa\u00edses mencionados podem inscrever-se no per\u00edodo de testes da One UI 8.5 atrav\u00e9s da aplica\u00e7\u00e3o Samsung Members.<\/p>\n<p><a href=\"https:\/\/amzn.to\/4qfOGQ3\" target=\"_blank\" rel=\"nofollow noreferrer noopener\"><img decoding=\"async\" alt=\"Samsung Galaxy S25 512 GB\" height=\"488\" width=\"650\" class=\"lazyload\" src=\"https:\/\/www.europesays.com\/pt\/wp-content\/uploads\/2025\/12\/samsung-galaxy-s25-512gb-telefone-celular-com-ia-galaxy-ai-12-gb-ram-camara-50-mp-41xmvqh1wbl-sl500..jpeg\" loading=\"lazy\"\/><\/a><\/p>\n<p>Oferta por tempo limitado<\/p>\n<p>849,90 \u20acamazon<\/p>\n<p>1 089,00 \u20ac-22%<\/p>\n<p class=\"inline-related-title\">Editores 4gnews recomendam:<\/p>\n","protected":false},"excerpt":{"rendered":"A nova atualiza\u00e7\u00e3o da Samsung estreia com melhorias na cria\u00e7\u00e3o de conte\u00fado, melhor integra\u00e7\u00e3o entre dispositivos e camadas&hellip;\n","protected":false},"author":2,"featured_media":180905,"comment_status":"","ping_status":"","sticky":false,"template":"","format":"standard","meta":{"footnotes":""},"categories":[84],"tags":[109,107,108,32,33,105,103,104,106,110],"class_list":{"0":"post-180904","1":"post","2":"type-post","3":"status-publish","4":"format-standard","5":"has-post-thumbnail","7":"category-ciencia-e-tecnologia","8":"tag-ciencia","9":"tag-ciencia-e-tecnologia","10":"tag-cienciaetecnologia","11":"tag-portugal","12":"tag-pt","13":"tag-science","14":"tag-science-and-technology","15":"tag-scienceandtechnology","16":"tag-technology","17":"tag-tecnologia"},"share_on_mastodon":{"url":"https:\/\/pubeurope.com\/@pt\/115687431473636923","error":""},"_links":{"self":[{"href":"https:\/\/www.europesays.com\/pt\/wp-json\/wp\/v2\/posts\/180904","targetHints":{"allow":["GET"]}}],"collection":[{"href":"https:\/\/www.europesays.com\/pt\/wp-json\/wp\/v2\/posts"}],"about":[{"href":"https:\/\/www.europesays.com\/pt\/wp-json\/wp\/v2\/types\/post"}],"author":[{"embeddable":true,"href":"https:\/\/www.europesays.com\/pt\/wp-json\/wp\/v2\/users\/2"}],"replies":[{"embeddable":true,"href":"https:\/\/www.europesays.com\/pt\/wp-json\/wp\/v2\/comments?post=180904"}],"version-history":[{"count":0,"href":"https:\/\/www.europesays.com\/pt\/wp-json\/wp\/v2\/posts\/180904\/revisions"}],"wp:featuredmedia":[{"embeddable":true,"href":"https:\/\/www.europesays.com\/pt\/wp-json\/wp\/v2\/media\/180905"}],"wp:attachment":[{"href":"https:\/\/www.europesays.com\/pt\/wp-json\/wp\/v2\/media?parent=180904"}],"wp:term":[{"taxonomy":"category","embeddable":true,"href":"https:\/\/www.europesays.com\/pt\/wp-json\/wp\/v2\/categories?post=180904"},{"taxonomy":"post_tag","embeddable":true,"href":"https:\/\/www.europesays.com\/pt\/wp-json\/wp\/v2\/tags?post=180904"}],"curies":[{"name":"wp","href":"https:\/\/api.w.org\/{rel}","templated":true}]}}