{"id":180920,"date":"2025-12-09T03:41:28","date_gmt":"2025-12-09T03:41:28","guid":{"rendered":"https:\/\/www.europesays.com\/pt\/180920\/"},"modified":"2025-12-09T03:41:28","modified_gmt":"2025-12-09T03:41:28","slug":"alemanha-deve-levar-o-primeiro-europeu-a-lua","status":"publish","type":"post","link":"https:\/\/www.europesays.com\/pt\/180920\/","title":{"rendered":"Alemanha deve levar o primeiro europeu \u00e0 Lua"},"content":{"rendered":"<p class=\"fitec-embcmp\"><a href=\"https:\/\/profile.google.com\/cp\/CgsvZy8xMjFqY2oxMw\" target=\"_blank\" class=\"ftecmp-button\" rel=\"nofollow noopener\">Siga o Olhar Digital no Google Discover<\/a><\/p>\n<p>Um <a href=\"https:\/\/olhardigital.com.br\/tag\/astronauta\/\" rel=\"nofollow noopener\" target=\"_blank\">astronauta<\/a> alem\u00e3o ser\u00e1 o primeiro europeu a <a href=\"https:\/\/olhardigital.com.br\/tag\/viagem-a-lua\/\" rel=\"nofollow noopener\" target=\"_blank\">viajar \u00e0 Lua<\/a> em uma futura <a href=\"https:\/\/olhardigital.com.br\/tag\/artemis\/\" rel=\"nofollow noopener\" target=\"_blank\">miss\u00e3o Artemis<\/a>, segundo an\u00fancio feito pelo diretor-geral da ESA, Josef Aschbacher. A confirma\u00e7\u00e3o aconteceu durante o Conselho Ministerial da ag\u00eancia, em Bremen, na Alemanha.<\/p>\n<p>A decis\u00e3o, segundo o <a href=\"https:\/\/www.space.com\/space-exploration\/human-spaceflight\/1st-european-to-fly-to-the-moon-will-be-german\" target=\"_blank\" rel=\" noreferrer noopener nofollow\">Space<\/a>, marca um passo hist\u00f3rico para a Europa, que garantiu tr\u00eas vagas no programa lunar da <a href=\"https:\/\/olhardigital.com.br\/tag\/nasa\/\" rel=\"nofollow noopener\" target=\"_blank\">NASA<\/a> gra\u00e7as \u00e0s contribui\u00e7\u00f5es tecnol\u00f3gicas e industriais do continente.<\/p>\n<p><img loading=\"lazy\" decoding=\"async\" width=\"1024\" height=\"576\" src=\"https:\/\/www.europesays.com\/pt\/wp-content\/uploads\/2025\/12\/astronautas-alemaes-lua-1024x576.jpg\" alt=\"(Da esquerda para a direita): O astronauta Alexander Gerst, o chanceler Olaf Scholz e o astronauta Matthias Maurer no EAC (Centro Europeu de Astronautas) da ESA. Alem\u00e3es podem ser os primeiros europeus a orbitar a Lua. \" class=\"wp-image-1228815\"  \/>(Da esquerda para a direita): O astronauta Alexander Gerst, o chanceler Olaf Scholz e o astronauta Matthias Maurer no EAC (Centro Europeu de Astronautas) da ESA. Alem\u00e3es podem ser os primeiros europeus a orbitar a Lua. Imagem: Raimond Spekking \/ Wikimedia CommonsAlemanha na lideran\u00e7a da pr\u00f3xima era lunar?<\/p>\n<p>A escolha n\u00e3o \u00e9 por acaso: a Alemanha \u00e9 a maior financiadora da ESA e abriga, em Bremen, a f\u00e1brica da <a href=\"https:\/\/olhardigital.com.br\/tag\/airbus\/\" rel=\"nofollow noopener\" target=\"_blank\">Airbus<\/a> respons\u00e1vel por montar o M\u00f3dulo de Servi\u00e7o Europeu \u2013 pe\u00e7a fundamental que fornece energia, propuls\u00e3o e suporte vital \u00e0 <a href=\"https:\/\/olhardigital.com.br\/tag\/orion\/\" rel=\"nofollow noopener\" target=\"_blank\">c\u00e1psula Orion<\/a>. Al\u00e9m disso, partes do <a href=\"https:\/\/olhardigital.com.br\/tag\/estacao-lunar\/\" rel=\"nofollow noopener\" target=\"_blank\">Lunar Gateway<\/a>, esta\u00e7\u00e3o que dever\u00e1 orbitar a Lua em 2027, tamb\u00e9m s\u00e3o produzidas no continente.<\/p>\n<blockquote class=\"wp-block-quote is-layout-flow wp-block-quote-is-layout-flow\">\n<p>Um astronauta da ESA viajando al\u00e9m da \u00f3rbita terrestre baixa pela primeira vez ser\u00e1 uma enorme inspira\u00e7\u00e3o e motivo de orgulho para seu pa\u00eds e para a Europa em geral.<\/p>\n<p>Josef Aschbacher, diretor-geral da ESA, em comunicado.<\/p><\/blockquote>\n<p>Com duas figuras experientes no corpo de astronautas \u2013 Alexander Gerst, de 49 anos, e Matthias Maurer, de 55 \u2013 a Alemanha j\u00e1 tem seus prov\u00e1veis candidatos para voar na Artemis 4. Ambos acumularam experi\u00eancia na <a href=\"https:\/\/olhardigital.com.br\/tag\/estacao-espacial-internacional\/\" rel=\"nofollow noopener\" target=\"_blank\">Esta\u00e7\u00e3o Espacial Internacional<\/a> (ISS).<\/p>\n<p><img loading=\"lazy\" decoding=\"async\" width=\"1024\" height=\"576\" src=\"https:\/\/www.europesays.com\/pt\/wp-content\/uploads\/2025\/12\/nave-orion-lua-1024x576.jpg\" alt=\"Mudan\u00e7as planejadas nos EUA para o SLS e a Orion podem impactar a colabora\u00e7\u00e3o Europa\u2013NASA no programa lunar.\" class=\"wp-image-1216744\"  \/>Mudan\u00e7as planejadas nos EUA para o SLS e a Orion podem impactar a colabora\u00e7\u00e3o Europa\u2013NASA no programa lunar. Imagem: Divulga\u00e7\u00e3o\/NASAOs europeus que buscam lugar na Lua<\/p>\n<p>Embora um astronauta alem\u00e3o possa ser o primeiro europeu a viajar \u00e0 Lua, h\u00e1 outros candidatos entre franceses e italianos que possuem hist\u00f3rico s\u00f3lido na ISS, incluindo caminhadas espaciais e miss\u00f5es longas, mantendo-se na disputa pelo posto de primeiros europeus a caminhar na superf\u00edcie lunar.<\/p>\n<p>Entre eles surgem nomes como Thomas Pesquet, Sophie Adenot, Luca Parmitano e Samantha Cristoforetti.<\/p>\n<p>A ESA j\u00e1 sabe que ter\u00e1 vagas nas miss\u00f5es Artemis 4 e Artemis 5, planejadas para 2028 e 2030. Enquanto isso, astronautas de diversos pa\u00edses continuam acumulando experi\u00eancia na ISS.<\/p>\n<p><img loading=\"lazy\" decoding=\"async\" width=\"1024\" height=\"614\" src=\"https:\/\/www.europesays.com\/pt\/wp-content\/uploads\/2025\/12\/conheca-a-orion-a-nave-da-artemis-que-levara-humanos-para-a-lua-1024x614.jpg\" alt=\"Com o Argonaut e novos m\u00f3dulos Orion, a ESA busca mais autonomia e presen\u00e7a nas pr\u00f3ximas d\u00e9cadas de explora\u00e7\u00e3o lunar.\" class=\"wp-image-839195\"  \/>Com o Argonaut e novos m\u00f3dulos Orion, a ESA busca mais autonomia e presen\u00e7a nas pr\u00f3ximas d\u00e9cadas de explora\u00e7\u00e3o lunar. Imagem: Divulga\u00e7\u00e3o\/NASAPor que tudo isso importa?<\/p>\n<p>A parceria Europa\u2013NASA envolve coopera\u00e7\u00e3o tecnol\u00f3gica profunda e pode moldar o futuro do programa lunar, especialmente diante das mudan\u00e7as pol\u00edticas nos EUA. O governo dos Estados Unidos planeja substituir o foguete SLS e a c\u00e1psula Orion por ve\u00edculos totalmente comerciais ap\u00f3s a Artemis 6.<\/p>\n<p><strong>Leia mais:<\/strong><\/p>\n<p>A ESA, por sua vez, j\u00e1 constr\u00f3i os M\u00f3dulos de Servi\u00e7o Orion para seis miss\u00f5es e quer manter as portas abertas. \u201cAl\u00e9m do M\u00f3dulo de Servi\u00e7o Europeu n\u00famero seis, queremos manter as op\u00e7\u00f5es em aberto\u201d, afirmou Daniel Neuenschwander, diretor de Explora\u00e7\u00e3o Humana e Rob\u00f3tica da ESA.<\/p>\n<p>Al\u00e9m disso, o continente desenvolve o m\u00f3dulo de carga Argonaut, que dever\u00e1 servir a futuras miss\u00f5es log\u00edsticas \u00e0 superf\u00edcie lunar. A ideia \u00e9 garantir autonomia tecnol\u00f3gica e ampliar o espa\u00e7o para que astronautas europeus participem das pr\u00f3ximas d\u00e9cadas de explora\u00e7\u00e3o.<\/p>\n<p>\t\t\t\t\t&#13;<br \/>\n\t\t\t\t\t&#13;<\/p>\n","protected":false},"excerpt":{"rendered":"Siga o Olhar Digital no Google Discover Um astronauta alem\u00e3o ser\u00e1 o primeiro europeu a viajar \u00e0 Lua&hellip;\n","protected":false},"author":2,"featured_media":180921,"comment_status":"","ping_status":"","sticky":false,"template":"","format":"standard","meta":{"footnotes":""},"categories":[84],"tags":[109,107,108,32,33,105,103,104,106,110],"class_list":{"0":"post-180920","1":"post","2":"type-post","3":"status-publish","4":"format-standard","5":"has-post-thumbnail","7":"category-ciencia-e-tecnologia","8":"tag-ciencia","9":"tag-ciencia-e-tecnologia","10":"tag-cienciaetecnologia","11":"tag-portugal","12":"tag-pt","13":"tag-science","14":"tag-science-and-technology","15":"tag-scienceandtechnology","16":"tag-technology","17":"tag-tecnologia"},"share_on_mastodon":{"url":"https:\/\/pubeurope.com\/@pt\/115687541208608735","error":""},"_links":{"self":[{"href":"https:\/\/www.europesays.com\/pt\/wp-json\/wp\/v2\/posts\/180920","targetHints":{"allow":["GET"]}}],"collection":[{"href":"https:\/\/www.europesays.com\/pt\/wp-json\/wp\/v2\/posts"}],"about":[{"href":"https:\/\/www.europesays.com\/pt\/wp-json\/wp\/v2\/types\/post"}],"author":[{"embeddable":true,"href":"https:\/\/www.europesays.com\/pt\/wp-json\/wp\/v2\/users\/2"}],"replies":[{"embeddable":true,"href":"https:\/\/www.europesays.com\/pt\/wp-json\/wp\/v2\/comments?post=180920"}],"version-history":[{"count":0,"href":"https:\/\/www.europesays.com\/pt\/wp-json\/wp\/v2\/posts\/180920\/revisions"}],"wp:featuredmedia":[{"embeddable":true,"href":"https:\/\/www.europesays.com\/pt\/wp-json\/wp\/v2\/media\/180921"}],"wp:attachment":[{"href":"https:\/\/www.europesays.com\/pt\/wp-json\/wp\/v2\/media?parent=180920"}],"wp:term":[{"taxonomy":"category","embeddable":true,"href":"https:\/\/www.europesays.com\/pt\/wp-json\/wp\/v2\/categories?post=180920"},{"taxonomy":"post_tag","embeddable":true,"href":"https:\/\/www.europesays.com\/pt\/wp-json\/wp\/v2\/tags?post=180920"}],"curies":[{"name":"wp","href":"https:\/\/api.w.org\/{rel}","templated":true}]}}