{"id":180958,"date":"2025-12-09T04:40:13","date_gmt":"2025-12-09T04:40:13","guid":{"rendered":"https:\/\/www.europesays.com\/pt\/180958\/"},"modified":"2025-12-09T04:40:13","modified_gmt":"2025-12-09T04:40:13","slug":"pandora-lanca-novas-pecas-da-disney-para-celebrar-o-natal-com-personagens-iconicos-nit","status":"publish","type":"post","link":"https:\/\/www.europesays.com\/pt\/180958\/","title":{"rendered":"Pandora lan\u00e7a novas pe\u00e7as da Disney para celebrar o Natal com personagens ic\u00f3nicos \u2014 NiT"},"content":{"rendered":"<p>A Pandora acaba de tornar as contas inspiradas em personagens da Disney ainda mais ador\u00e1veis. A marca lan\u00e7ou uma nova cole\u00e7\u00e3o com v\u00e1rias op\u00e7\u00f5es natal\u00edcias para quem ainda n\u00e3o sabe que joia usar nas festas de fim de ano.<\/p>\n<p>Entre as op\u00e7\u00f5es, encontra a rena Sven, de \u201cFrozen\u201d, a Minnie e o Mickey Mouse e Jack de \u201cO Estranho Mundo de Jack\u201d. \u201cCada pe\u00e7a em prata 925 \u00e9 adornada com pormenores em esmalte colorido, tornando-as perfeitas para oferecer nesta \u00e9poca ou para acrescentar encanto \u00e0 sua cole\u00e7\u00e3o de joias Pandora\u201d, refere a marca.<\/p>\n<p>A nova cole\u00e7\u00e3o conta ainda com uma pe\u00e7a que recria o chap\u00e9u m\u00e1gico do Mickey Mouse. A novidade \u00e9 feita em liga com revestimento de ouro 14k, esmalte cintilante e uma conta clip com a silhueta do Mickey e da Minnie, com apontamentos de zirc\u00f3nias num \u201ctributo \u00e0 amizade, ao amor e \u00e0 magia.\u201d<\/p>\n<p>A marca foi criada em 1982, mas s\u00f3 em 1987, com o sucesso de vendas, contratou o primeiro designer, Lone Frandsen, para passar a ter linhas originais. At\u00e9 essa altura, o casal ia comprar todas as pe\u00e7as \u00e0 Tail\u00e2ndia. A primeira cole\u00e7\u00e3o a ser lan\u00e7ada foi uma conta em forma de morango \u2014 agora descontinuada.<\/p>\n<p>A pe\u00e7a mais vendida \u00e9 a cl\u00e1ssica pulseira de contas em prata. Criada no ano de 2000, come\u00e7ou a ser comercializada nos Estados Unidos em 2003. Dois anos depois, chegou a Portugal. Os acabamentos s\u00e3o todos manuais, 88 por cento da prata \u00e9 reciclada e o ouro \u00e9 reaproveitado na totalidade.<\/p>\n<p>Todas as novidades j\u00e1 est\u00e3o \u00e0 venda nas lojas f\u00edsicas e no <a href=\"https:\/\/pt.pandora.net\/pt\/colec%C3%B5es\/disney-x-pandora\/?gclsrc=aw.ds&amp;gad_source=1&amp;gad_campaignid=20323989827&amp;gbraid=0AAAAApzAsHsORSKNsxqrO75vV500n00_q&amp;gclid=Cj0KCQiAi9rJBhCYARIsALyPDtueapeHOSRyjnrRgxzZaWGNS9svgyJ3Jy2rLf5Nkmr9GJRtTqgaruAaAnQAEALw_wcB\" target=\"_blank\" rel=\"noopener nofollow\">site<\/a> da marca. Os pre\u00e7os come\u00e7am a partir de 69\u20ac.<\/p>\n<p>Carregue na galeria para conhecer as novas propostas da Pandora.<\/p>\n","protected":false},"excerpt":{"rendered":"A Pandora acaba de tornar as contas inspiradas em personagens da Disney ainda mais ador\u00e1veis. A marca lan\u00e7ou&hellip;\n","protected":false},"author":2,"featured_media":180959,"comment_status":"","ping_status":"","sticky":false,"template":"","format":"standard","meta":{"footnotes":""},"categories":[10],"tags":[27,28,15,16,14,25,26,21,22,12,13,19,20,32,23,24,33,17,18,29,30,31],"class_list":{"0":"post-180958","1":"post","2":"type-post","3":"status-publish","4":"format-standard","5":"has-post-thumbnail","7":"category-portugal","8":"tag-breaking-news","9":"tag-breakingnews","10":"tag-featured-news","11":"tag-featurednews","12":"tag-headlines","13":"tag-latest-news","14":"tag-latestnews","15":"tag-main-news","16":"tag-mainnews","17":"tag-news","18":"tag-noticias","19":"tag-noticias-principais","20":"tag-noticiasprincipais","21":"tag-portugal","22":"tag-principais-noticias","23":"tag-principaisnoticias","24":"tag-pt","25":"tag-top-stories","26":"tag-topstories","27":"tag-ultimas","28":"tag-ultimas-noticias","29":"tag-ultimasnoticias"},"share_on_mastodon":{"url":"https:\/\/pubeurope.com\/@pt\/115687772877794441","error":""},"_links":{"self":[{"href":"https:\/\/www.europesays.com\/pt\/wp-json\/wp\/v2\/posts\/180958","targetHints":{"allow":["GET"]}}],"collection":[{"href":"https:\/\/www.europesays.com\/pt\/wp-json\/wp\/v2\/posts"}],"about":[{"href":"https:\/\/www.europesays.com\/pt\/wp-json\/wp\/v2\/types\/post"}],"author":[{"embeddable":true,"href":"https:\/\/www.europesays.com\/pt\/wp-json\/wp\/v2\/users\/2"}],"replies":[{"embeddable":true,"href":"https:\/\/www.europesays.com\/pt\/wp-json\/wp\/v2\/comments?post=180958"}],"version-history":[{"count":0,"href":"https:\/\/www.europesays.com\/pt\/wp-json\/wp\/v2\/posts\/180958\/revisions"}],"wp:featuredmedia":[{"embeddable":true,"href":"https:\/\/www.europesays.com\/pt\/wp-json\/wp\/v2\/media\/180959"}],"wp:attachment":[{"href":"https:\/\/www.europesays.com\/pt\/wp-json\/wp\/v2\/media?parent=180958"}],"wp:term":[{"taxonomy":"category","embeddable":true,"href":"https:\/\/www.europesays.com\/pt\/wp-json\/wp\/v2\/categories?post=180958"},{"taxonomy":"post_tag","embeddable":true,"href":"https:\/\/www.europesays.com\/pt\/wp-json\/wp\/v2\/tags?post=180958"}],"curies":[{"name":"wp","href":"https:\/\/api.w.org\/{rel}","templated":true}]}}