{"id":181001,"date":"2025-12-09T05:56:14","date_gmt":"2025-12-09T05:56:14","guid":{"rendered":"https:\/\/www.europesays.com\/pt\/181001\/"},"modified":"2025-12-09T05:56:14","modified_gmt":"2025-12-09T05:56:14","slug":"alta-tensao-apos-especial-liliana-e-pedro-trocam-farpas-toma-tino-ja-tens-idade-para-isso-tvi-player","status":"publish","type":"post","link":"https:\/\/www.europesays.com\/pt\/181001\/","title":{"rendered":"Alta tens\u00e3o! Ap\u00f3s especial, Liliana e Pedro trocam farpas: \u00abToma tino, j\u00e1 tens idade para isso &#8211; TVI Player"},"content":{"rendered":"<ol>\n<li><a href=\"https:\/\/news.google.com\/rss\/articles\/CBMipAFBVV95cUxPenhibVFtS2ZIMFd5LWNSMWhEbkZiSjRnSUpVMmpla2NZREdjQ0RiclRTaEdlSmdpUXpLeGpVY01qc0FsMkVfbVF3bG1oQWpSZnZTQ0FnNUpNZjFYZThlYnFSc294Q0RVWll2b180SDRBNDNtbmVIU29GcXJwSm8zV19heml4bDJVTUdfTDlYT1lZRF94QzNBSm9CcWY1SWVDTU50MQ?oc=5\" target=\"_blank\" rel=\"nofollow noopener\">Alta tens\u00e3o! Ap\u00f3s especial, Liliana e Pedro trocam farpas: \u00abToma tino, j\u00e1 tens idade para isso<\/a>&nbsp;&nbsp;TVI Player<\/li>\n<li><a href=\"https:\/\/news.google.com\/rss\/articles\/CBMizgFBVV95cUxQLWVyS3BHZGp4VWJIY3pyTVIxNFJoZ0p3Sjk4U2dSdDBUSzhFSkRMellYWE9oUXZmZWF0ZkRzVWctYjAxVmdJTGdnQ0VBQ292UzVsRlJ6VVY2SnRWQmNDYWFCVTVDY01qdnJDVy1uanBLSVQ2d1NmcVFMbjBxRlFFTlVjbGRudElmMXFjdy1pMzk3S2tRb3NHZFUyTHNzeGhkRmVfY19IOFhmekJsc0RVVHhnQ3cxSVhxVnlEc3EwQ1Jaa3pieWxXOTlzckVxdw?oc=5\" target=\"_blank\" rel=\"nofollow noopener\">Contas feitas: Este \u00e9 o leque de nomeados e esta semana s\u00e3o apenas tr\u00eas<\/a>&nbsp;&nbsp;TVI<\/li>\n<li><a href=\"https:\/\/news.google.com\/rss\/articles\/CBMipAFBVV95cUxPUkg0cUx3R214R1puSDNYSGE4eWpnUF93NHh4NzcxRkpjY0ZMRjRjbjVHU3JtSVo4d2JWTG1LRGNOeV9tMTZmWjkzM285dEpWOVg3UnhaQXJZNmRIZXNqLWVkNXlzemFNMU8xQjRvQVFkZjNsUGdTUWxvTGJzeFVOcGVUNkZQemNyVV93WVhkUTJTNC1SMDhRUWZaTjFONWJhOU9BRA?oc=5\" target=\"_blank\" rel=\"nofollow noopener\">F\u00e1bio avisa Ana: \u00abTentou contigo porque \u00e9 f\u00e1cil provocar-te, vai aos f\u00e1ceis\u00bb<\/a>&nbsp;&nbsp;TVI Player<\/li>\n<li><a href=\"https:\/\/news.google.com\/rss\/articles\/CBMi4gFBVV95cUxQMlFSdDJ4SUdjT0dkT0pWTlE3Rkd0bWtqeE5Ub19sczY5b2tKYzVLTnA4M2ViajFySXJXb1FIYkJCUzNzQldzbk5hNXBrVEtneEVKYlJZS0FTWU1QNURQVWdTRUZDVlhxNGRpdUhPOEdNdFp6ZWxFOXZ6UTJHdDJsNVk0ZEZxODhfdjdXZmU2VF9IMGlVYVR3b2thd0Z3V3dJY25Oa29nTk80MHdRTGg4QXE2ZmFYZE0zYjZRWHpZei1ibXh0RGlDTldMQTNlVlRqUVFyUFRCdlREWW5OTl9kV2J3?oc=5\" target=\"_blank\" rel=\"nofollow noopener\">Cristina Ferreira regressa \u00e0 casa e o caos reina: \u00abPedro, enervou-se com a Marisa porqu\u00ea?\u00bb<\/a>&nbsp;&nbsp;TVI<\/li>\n<\/ol>\n","protected":false},"excerpt":{"rendered":"Alta tens\u00e3o! Ap\u00f3s especial, Liliana e Pedro trocam farpas: \u00abToma tino, j\u00e1 tens idade para isso&nbsp;&nbsp;TVI Player Contas&hellip;\n","protected":false},"author":2,"featured_media":181002,"comment_status":"","ping_status":"","sticky":false,"template":"","format":"standard","meta":{"footnotes":""},"categories":[142],"tags":[114,115,19016,14646,32,33,151],"class_list":{"0":"post-181001","1":"post","2":"type-post","3":"status-publish","4":"format-standard","5":"has-post-thumbnail","7":"category-tv","8":"tag-entertainment","9":"tag-entretenimento","10":"tag-liliana","11":"tag-pedro","12":"tag-portugal","13":"tag-pt","14":"tag-tv"},"share_on_mastodon":{"url":"https:\/\/pubeurope.com\/@pt\/115688071731388426","error":""},"_links":{"self":[{"href":"https:\/\/www.europesays.com\/pt\/wp-json\/wp\/v2\/posts\/181001","targetHints":{"allow":["GET"]}}],"collection":[{"href":"https:\/\/www.europesays.com\/pt\/wp-json\/wp\/v2\/posts"}],"about":[{"href":"https:\/\/www.europesays.com\/pt\/wp-json\/wp\/v2\/types\/post"}],"author":[{"embeddable":true,"href":"https:\/\/www.europesays.com\/pt\/wp-json\/wp\/v2\/users\/2"}],"replies":[{"embeddable":true,"href":"https:\/\/www.europesays.com\/pt\/wp-json\/wp\/v2\/comments?post=181001"}],"version-history":[{"count":0,"href":"https:\/\/www.europesays.com\/pt\/wp-json\/wp\/v2\/posts\/181001\/revisions"}],"wp:featuredmedia":[{"embeddable":true,"href":"https:\/\/www.europesays.com\/pt\/wp-json\/wp\/v2\/media\/181002"}],"wp:attachment":[{"href":"https:\/\/www.europesays.com\/pt\/wp-json\/wp\/v2\/media?parent=181001"}],"wp:term":[{"taxonomy":"category","embeddable":true,"href":"https:\/\/www.europesays.com\/pt\/wp-json\/wp\/v2\/categories?post=181001"},{"taxonomy":"post_tag","embeddable":true,"href":"https:\/\/www.europesays.com\/pt\/wp-json\/wp\/v2\/tags?post=181001"}],"curies":[{"name":"wp","href":"https:\/\/api.w.org\/{rel}","templated":true}]}}