{"id":181011,"date":"2025-12-09T06:07:08","date_gmt":"2025-12-09T06:07:08","guid":{"rendered":"https:\/\/www.europesays.com\/pt\/181011\/"},"modified":"2025-12-09T06:07:08","modified_gmt":"2025-12-09T06:07:08","slug":"atriz-chega-aos-61-anos-com-duras-criticas-a-cirurgia-plastica-envelhecer-e-dificil","status":"publish","type":"post","link":"https:\/\/www.europesays.com\/pt\/181011\/","title":{"rendered":"Atriz chega aos 61 anos com duras cr\u00edticas \u00e0 cirurgia pl\u00e1stica: &#8216;Envelhecer \u00e9 dif\u00edcil&#8217;"},"content":{"rendered":"<p><strong>Teri Hatcher<\/strong> completa 61 anos nesta segunda-feira, 8, e mostrou que continua esbanjando estilo, maturidade e sinceridade. A atriz, famosa pelos pap\u00e9is de <strong>Lois Lane<\/strong> em Lois &amp; Clark e <strong>Susan Mayer<\/strong> em Desperate Housewives, brilhou no tapete vermelho do Jingle Ball 2025 ao lado de sua filha, <strong>Emerson Tenney<\/strong> (28), com quem mant\u00e9m forte v\u00ednculo pessoal e profissional.<\/p>\n<p>O vestido prateado com lantejoulas e fenda ousada chamou aten\u00e7\u00e3o pela eleg\u00e2ncia, mas foi sua postura franca sobre envelhecimento e est\u00e9tica que voltou a movimentar as redes. Em entrevista recente ao podcast The Skinny Confidential Him &amp; Her Show, Hatcher criticou celebridades que n\u00e3o assumem procedimentos est\u00e9ticos.<\/p>\n<blockquote>\n<p>\u201cSer mulher \u00e9 dif\u00edcil\u2026 envelhecer \u00e9 dif\u00edcil.\u201d<\/p>\n<\/blockquote>\n<p><strong>Leia tamb\u00e9m<\/strong>: <a href=\"https:\/\/caras.com.br\/datas-especiais\/quem-e-a-atriz-pe-frio-que-celebra-72-anos-e-virou-crush-de-john-travolta.phtml\" rel=\"nofollow noopener\" target=\"_blank\">Quem \u00e9 a atriz \u2018p\u00e9-frio\u2019 que celebra 72 anos e virou crush de John Travolta<\/a><\/p>\n<p>A atriz explicou que n\u00e3o julga quem decide fazer cirurgia pl\u00e1stica, mas considera injusto quando figuras p\u00fablicas negam mudan\u00e7as \u00f3bvias, interferindo na autoestima dos f\u00e3s:<\/p>\n<p>\u201cQuando voc\u00ea \u00e9 famosa e mente, faz com que as outras se sintam mal. Pensamos: \u2018Ent\u00e3o o problema sou eu? N\u00e3o bebo \u00e1gua o suficiente?\u2019 Isso \u00e9 injusto.\u201d<\/p>\n<p><strong>Assista a entrevista de Teri Hactcher em ingl\u00eas:<\/strong><\/p>\n<p>  \u201cMinha resposta n\u00e3o est\u00e1 na cirurgia pl\u00e1stica\u201d <\/p>\n<p>Aos 61, Hatcher afirma que busca outro tipo de cura pessoal. Para ela, o envelhecimento exige consci\u00eancia emocional, e n\u00e3o apenas retoques est\u00e9ticos.<\/p>\n<p>\u201cQuando me olho no espelho e penso no que me falta\u2026 minha resposta n\u00e3o \u00e9 uma cirurgia pl\u00e1stica. Meu trabalho agora \u00e9 interno, emocional, intelectual.\u201d<\/p>\n<p>Apesar disso, a atriz refor\u00e7a que n\u00e3o se op\u00f5e a procedimentos:\u00a0\u201cN\u00e3o tenho nenhum julgamento. S\u00f3 sei que, para mim, a resposta n\u00e3o est\u00e1 na cirurgia pl\u00e1stica.\u201d<\/p>\n<p> <img loading=\"lazy\" decoding=\"async\" class=\"size-medium wp-image-1041175 img-fluid lazy\" alt=\"Teri Hatcher ao lado da filha Emerson Tenney - Reprodu\u00e7\u00e3o\/Instagram\" width=\"406\" height=\"228\" src=\"https:\/\/www.europesays.com\/pt\/wp-content\/uploads\/2025\/12\/Teri-Hatcher-ao-lado-da-filha-Emerson-Tenney-406x228.jpg\"  \/>Teri Hatcher ao lado da filha Emerson Tenney \u2013 Reprodu\u00e7\u00e3o\/Instagram Carreira ic\u00f4nica <\/p>\n<p>Antes de brilhar nos debates sobre beleza e maturidade, Hatcher consolidou uma das carreiras mais marcantes da TV. Ela j\u00e1 foi:<\/p>\n<p><a href=\"https:\/\/caras.com.br\/tv\/por-onde-andam-os-atores-de-lois-e-clark-aventuras-do-superman.phtml\" rel=\"nofollow noopener\" target=\"_blank\">Lois Lane em<\/a> Lois &amp; Clark: As Novas Aventuras do Superman (1993\u20131997)<\/p>\n<p>Bond Girl em 007 \u2013 O Amanh\u00e3 Nunca Morre (1997)<\/p>\n<p>Susan Mayer, personagem que lhe rendeu um Globo de Ouro e tr\u00eas SAG Awards, em Desperate Housewives (2004\u20132012)<\/p>\n<p>Tamb\u00e9m dublou a personagem Mel Jones em Coraline (2009) e permanece ativa em apari\u00e7\u00f5es p\u00fablicas, eventos e projetos culturais ao lado da filha.<\/p>\n<p><strong>Confira a vila de Natal preparada por Teri Hatcher para este ano e divulgada em seu Instagram:<\/strong><\/p>\n<blockquote class=\"instagram-media\" style=\"background: #FFF; border: 0; border-radius: 3px; box-shadow: 0 0 1px 0 rgba(0,0,0,0.5),0 1px 10px 0 rgba(0,0,0,0.15); margin: 1px; max-width: 540px; min-width: 326px; padding: 0; width: calc(100% - 2px);\" data-instgrm-captioned=\"\" data-instgrm-permalink=\"https:\/\/www.instagram.com\/reel\/DR5AZFGj88c\/?utm_source=ig_embed&amp;utm_campaign=loading\" data-instgrm-version=\"14\"><\/blockquote>\n<p>\t                                            <script async src=\"\/\/www.instagram.com\/embed.js\"><\/script><\/p>\n","protected":false},"excerpt":{"rendered":"Teri Hatcher completa 61 anos nesta segunda-feira, 8, e mostrou que continua esbanjando estilo, maturidade e sinceridade. A&hellip;\n","protected":false},"author":2,"featured_media":181012,"comment_status":"","ping_status":"","sticky":false,"template":"","format":"standard","meta":{"footnotes":""},"categories":[145],"tags":[211,210,10614,114,115,37059,32,33,37060],"class_list":{"0":"post-181011","1":"post","2":"type-post","3":"status-publish","4":"format-standard","5":"has-post-thumbnail","7":"category-celebridades","8":"tag-celebridades","9":"tag-celebrities","10":"tag-cirurgia-plastica","11":"tag-entertainment","12":"tag-entretenimento","13":"tag-louis-e-clark","14":"tag-portugal","15":"tag-pt","16":"tag-teri-hatcher"},"share_on_mastodon":{"url":"https:\/\/pubeurope.com\/@pt\/115688115170767796","error":""},"_links":{"self":[{"href":"https:\/\/www.europesays.com\/pt\/wp-json\/wp\/v2\/posts\/181011","targetHints":{"allow":["GET"]}}],"collection":[{"href":"https:\/\/www.europesays.com\/pt\/wp-json\/wp\/v2\/posts"}],"about":[{"href":"https:\/\/www.europesays.com\/pt\/wp-json\/wp\/v2\/types\/post"}],"author":[{"embeddable":true,"href":"https:\/\/www.europesays.com\/pt\/wp-json\/wp\/v2\/users\/2"}],"replies":[{"embeddable":true,"href":"https:\/\/www.europesays.com\/pt\/wp-json\/wp\/v2\/comments?post=181011"}],"version-history":[{"count":0,"href":"https:\/\/www.europesays.com\/pt\/wp-json\/wp\/v2\/posts\/181011\/revisions"}],"wp:featuredmedia":[{"embeddable":true,"href":"https:\/\/www.europesays.com\/pt\/wp-json\/wp\/v2\/media\/181012"}],"wp:attachment":[{"href":"https:\/\/www.europesays.com\/pt\/wp-json\/wp\/v2\/media?parent=181011"}],"wp:term":[{"taxonomy":"category","embeddable":true,"href":"https:\/\/www.europesays.com\/pt\/wp-json\/wp\/v2\/categories?post=181011"},{"taxonomy":"post_tag","embeddable":true,"href":"https:\/\/www.europesays.com\/pt\/wp-json\/wp\/v2\/tags?post=181011"}],"curies":[{"name":"wp","href":"https:\/\/api.w.org\/{rel}","templated":true}]}}