{"id":181025,"date":"2025-12-09T06:30:39","date_gmt":"2025-12-09T06:30:39","guid":{"rendered":"https:\/\/www.europesays.com\/pt\/181025\/"},"modified":"2025-12-09T06:30:39","modified_gmt":"2025-12-09T06:30:39","slug":"vigilancia-ambiental-continua-aplicacoes-de-larvicida-bio-prefeitura-municipal-de-botucatu","status":"publish","type":"post","link":"https:\/\/www.europesays.com\/pt\/181025\/","title":{"rendered":"Vigil\u00e2ncia Ambiental continua aplica\u00e7\u00f5es de larvicida bio&#8230; &#8211; Prefeitura Municipal de Botucatu"},"content":{"rendered":"<ol>\n<li><a href=\"https:\/\/news.google.com\/rss\/articles\/CBMivAFBVV95cUxPb2FRbUpGRFVodm4tMlB4Q2k5QlRnT19Sd3Rqb3NUU25GQjh6eE9VSVFVbUo3dHJxVTFnYThYYkNSeWVfQ01YZnlTUTNQWm9BZEItajFQcnpSU0otd3YyVXpQRW43d05RWkpuMmkyUlQyVGIteFJXTTlpU2J5eDVuZkZNdEFWSVRZLTllOFV3QWV2WDRmUG5FVmdGclJPQ3EtcmVSejI1aTNKOTM5OGU3NHE3MHlIendXNC1lVg?oc=5\" target=\"_blank\" rel=\"nofollow noopener\">Vigil\u00e2ncia Ambiental continua aplica\u00e7\u00f5es de larvicida bio&#8230;<\/a>&nbsp;&nbsp;Prefeitura Municipal de Botucatu<\/li>\n<li><a href=\"https:\/\/news.google.com\/rss\/articles\/CBMikAFBVV95cUxOdmw0RkNSUjZudy1yNGNwUllSZ1JZUXROSjdhbWh1QlVJYV94MUNFNXJGZUV6aml3clZ1VVozUGtTcmp6cnNvTW9yS3pGSGdOVVBGVUgxRUltdFBXcjNFaWZYamZVNnVmTjNrSHdzRFZDN1pJNVhHNnl6R2ZweDYtNWttb2FGMWN3Sm9ScXJSR00?oc=5\" target=\"_blank\" rel=\"nofollow noopener\">Dengue: Aplica\u00e7\u00e3o de larvicida prossegue at\u00e9 o dia 18<\/a>&nbsp;&nbsp;Gazeta Gua\u00e7uana<\/li>\n<li><a href=\"https:\/\/news.google.com\/rss\/articles\/CBMi5wFBVV95cUxNOXRzZUJQVm5EckZZOXgzWmEyMWJKU2JRTGs1UDJ4LXlyRWVZZUU4YkF1a1RQaEZ2bVZuMV8tVUVURENFMXBKazhpSkJWOFRTZllzWGlsR05iRm95ZEFNMHVmVDNiUTRqMm9rOUpJcEZaUG8xS01iZkFsdVhSUnBDRDV2OXVXdWk1S0dpN3NhTEQ1RTFRRUxjWWI2TDEyOG5LMHdVLTdBT19teHdMWU16UTV3T1ZfWVVJckN3YVhvTEtuR3hRU2dINTRjQl9uLWlsTVhNVTVVZnF1dHBRa1dsTnZBTXNIdUk?oc=5\" target=\"_blank\" rel=\"nofollow noopener\">Botucatu registra queda nos casos de dengue em 2025, mas VAS mant\u00e9m alerta e refor\u00e7a a\u00e7\u00f5es de combate ao mosquito<\/a>&nbsp;&nbsp;Acontece Botucatu<\/li>\n<li><a href=\"https:\/\/news.google.com\/rss\/articles\/CBMi1AFBVV95cUxNM1RrTmJyYzF6RG1BajhmYVBmS2NyOEFSSlU5cExFYW1DWWNvZ21oRkVHUVFULWpRVTJST3NyY1V5ZGFJQk15Z2YxTlB4Zm5XaWFOV3RobTNfWWwwajd3N0piYWRXX0x1UDJmeVBFSE8weDN4S0h6S1RlNzFqXzJXM29uMk5EajdyNGdpb01acUNpQkN5YVViVnc1emFZR2ZBSkg0TmZEWmpSa3RVazV0dVRQbzFHaUxaTUdDdmlCX0k4X05rbnZzS3U0VUxsNWFjOWdONQ?oc=5\" target=\"_blank\" rel=\"nofollow noopener\">Botucatu registrou mais de 1.400 casos de dengue e aplica\u00e7\u00e3o de larvicida prossegue em bairros<\/a>&nbsp;&nbsp;Not\u00edcias Botucatu<\/li>\n<li><a href=\"https:\/\/news.google.com\/rss\/articles\/CBMi7AFBVV95cUxPU1owZmRBbHdXMVhNSExuN0JkRUUybkV1RzAwVkxhc0k1bWgxUTY2dDhTUnk0UElianlEZXZ3UmN6Zl9SajItRWJjSVpWYWhBQ0dKblprSXBsc3MzcGtfTTdhdGFSMWtPSjgtdDctN1VjZ0RwWkJrS05hRGtBdkthRnFBYUs4dGIzVUVYTjZid3lIZE5BNklUdmcxZW9XbndfQWh3NzBlVmRVRlB1a0FpcFBJbWpDQ2pGZVp2eXR3d3NyOGlhN2VhX2ZnTVhCY19MclVWNTBaSTVXdmZIRXlWS0czazQ4aWxBOTVaRg?oc=5\" target=\"_blank\" rel=\"nofollow noopener\">A\u00e7\u00e3o preventiva contra o Aedes aegypti segue com aplica\u00e7\u00f5es de larvicida \u00e0s ter\u00e7as e quintas-feiras<\/a>&nbsp;&nbsp;Prefeitura de Mogi Gua\u00e7u<\/li>\n<\/ol>\n","protected":false},"excerpt":{"rendered":"Vigil\u00e2ncia Ambiental continua aplica\u00e7\u00f5es de larvicida bio&#8230;&nbsp;&nbsp;Prefeitura Municipal de Botucatu Dengue: Aplica\u00e7\u00e3o de larvicida prossegue at\u00e9 o dia&hellip;\n","protected":false},"author":2,"featured_media":181026,"comment_status":"","ping_status":"","sticky":false,"template":"","format":"standard","meta":{"footnotes":""},"categories":[86],"tags":[34837,1300,116,5231,1133,32,3046,33,117],"class_list":{"0":"post-181025","1":"post","2":"type-post","3":"status-publish","4":"format-standard","5":"has-post-thumbnail","7":"category-saude","8":"tag-botucatu","9":"tag-cidade","10":"tag-health","11":"tag-municipal","12":"tag-noticia","13":"tag-portugal","14":"tag-prefeitura","15":"tag-pt","16":"tag-saude"},"share_on_mastodon":{"url":"https:\/\/pubeurope.com\/@pt\/115688205398452890","error":""},"_links":{"self":[{"href":"https:\/\/www.europesays.com\/pt\/wp-json\/wp\/v2\/posts\/181025","targetHints":{"allow":["GET"]}}],"collection":[{"href":"https:\/\/www.europesays.com\/pt\/wp-json\/wp\/v2\/posts"}],"about":[{"href":"https:\/\/www.europesays.com\/pt\/wp-json\/wp\/v2\/types\/post"}],"author":[{"embeddable":true,"href":"https:\/\/www.europesays.com\/pt\/wp-json\/wp\/v2\/users\/2"}],"replies":[{"embeddable":true,"href":"https:\/\/www.europesays.com\/pt\/wp-json\/wp\/v2\/comments?post=181025"}],"version-history":[{"count":0,"href":"https:\/\/www.europesays.com\/pt\/wp-json\/wp\/v2\/posts\/181025\/revisions"}],"wp:featuredmedia":[{"embeddable":true,"href":"https:\/\/www.europesays.com\/pt\/wp-json\/wp\/v2\/media\/181026"}],"wp:attachment":[{"href":"https:\/\/www.europesays.com\/pt\/wp-json\/wp\/v2\/media?parent=181025"}],"wp:term":[{"taxonomy":"category","embeddable":true,"href":"https:\/\/www.europesays.com\/pt\/wp-json\/wp\/v2\/categories?post=181025"},{"taxonomy":"post_tag","embeddable":true,"href":"https:\/\/www.europesays.com\/pt\/wp-json\/wp\/v2\/tags?post=181025"}],"curies":[{"name":"wp","href":"https:\/\/api.w.org\/{rel}","templated":true}]}}