{"id":181039,"date":"2025-12-09T06:49:13","date_gmt":"2025-12-09T06:49:13","guid":{"rendered":"https:\/\/www.europesays.com\/pt\/181039\/"},"modified":"2025-12-09T06:49:13","modified_gmt":"2025-12-09T06:49:13","slug":"diana-soller-a-russia-sempre-lutou-com-duas-ideias-tem-tempo-e-gente-suficiente-para-morrer-foi-assim-que-ganhou-a-ii-guerra-mundial","status":"publish","type":"post","link":"https:\/\/www.europesays.com\/pt\/181039\/","title":{"rendered":"Diana Soller: \u201cA R\u00fassia sempre lutou com duas ideias: tem tempo e gente suficiente para morrer. Foi assim que ganhou a II Guerra Mundial\u201d"},"content":{"rendered":"<p>A Uni\u00e3o Europeia tem sido sempre mais vocal do que eficaz, mas ainda tem cartas para usar?. At\u00e9 onde pode realmente ir \u2014 militar, econ\u00f3mica e politicamente \u2014 antes de entrar numa zona de risco existencial? E a Ucr\u00e2nia? Sair\u00e1 humilhada destas negocia\u00e7\u00f5es mediadas pelos Estados Unidos?<\/p>\n<p>Diana Soller<\/p>\n<p>Matilde Fieschi<\/p>\n<p>Com a ced\u00eancia territorial da Ucr\u00e2nia a tornar-se inevit\u00e1vel, \u201cO Mundo a Seus P\u00e9s\u201d recebe Diana Soller, professora e investigadora do Instituto Portugu\u00eas de Rela\u00e7\u00f5es Internacionais (IPRI-Nova), com especialidade em Rela\u00e7\u00f5es Internacionais e Ci\u00eancia Pol\u00edtica. Nesta entrevista, a analista e comentadora da \u201cCNN\u201d diz que &#8220;a Ucr\u00e2nia n\u00e3o teve qualquer possibilidade de ganhar a guerra, porque n\u00e3o houve permiss\u00e3o para derrotar a R\u00fassia, s\u00f3 para se defender&#8221;. Tamb\u00e9m defende que Volodymyr Zelensky se arrisca a ser \u201co \u00faltimo her\u00f3i do Ocidente\u201d e explica porque Donald Trump tem, por um lado, uma vis\u00e3o reacion\u00e1ria do mundo, mas tamb\u00e9m revolucion\u00e1ria. E diz que as democracias liberais se encontram no pior cen\u00e1rio internacional poss\u00edvel: \u201cTemos uma mistura explosiva entre um quadro internacional global parecido com o de 1918 e um quadro ocidental parecido com o dos anos 1930.\u201d<\/p>\n<p>Diana Soller<\/p>\n<p>Matilde Fieschi<\/p>\n<p>A conversa \u00e9 conduzida pela jornalista Catarina Maldonado Vasconcelos, cabendo a edi\u00e7\u00e3o t\u00e9cnica a Jo\u00e3o Lu\u00eds Amorim.<\/p>\n<p><strong>O Mundo a Seus P\u00e9s<\/strong> \u00e9 o podcast semanal da sec\u00e7\u00e3o internacional do Expresso. A condu\u00e7\u00e3o do debate \u00e9 rotativa entre os jornalistas Ana Fran\u00e7a, Catarina Maldonado Vasconcelos, H\u00e9lder Gomes, Mara Tribuna e Pedro Cordeiro.<\/p>\n<p>Subscreva e ou\u00e7a mais epis\u00f3dios.<\/p>\n","protected":false},"excerpt":{"rendered":"A Uni\u00e3o Europeia tem sido sempre mais vocal do que eficaz, mas ainda tem cartas para usar?. At\u00e9&hellip;\n","protected":false},"author":2,"featured_media":181040,"comment_status":"","ping_status":"","sticky":false,"template":"","format":"standard","meta":{"footnotes":""},"categories":[50],"tags":[27,28,15,16,14,25,26,21,22,62,12,13,19,20,23,24,17,18,29,30,31,63,64,65],"class_list":{"0":"post-181039","1":"post","2":"type-post","3":"status-publish","4":"format-standard","5":"has-post-thumbnail","7":"category-mundo","8":"tag-breaking-news","9":"tag-breakingnews","10":"tag-featured-news","11":"tag-featurednews","12":"tag-headlines","13":"tag-latest-news","14":"tag-latestnews","15":"tag-main-news","16":"tag-mainnews","17":"tag-mundo","18":"tag-news","19":"tag-noticias","20":"tag-noticias-principais","21":"tag-noticiasprincipais","22":"tag-principais-noticias","23":"tag-principaisnoticias","24":"tag-top-stories","25":"tag-topstories","26":"tag-ultimas","27":"tag-ultimas-noticias","28":"tag-ultimasnoticias","29":"tag-world","30":"tag-world-news","31":"tag-worldnews"},"share_on_mastodon":{"url":"https:\/\/pubeurope.com\/@pt\/115688280089886199","error":""},"_links":{"self":[{"href":"https:\/\/www.europesays.com\/pt\/wp-json\/wp\/v2\/posts\/181039","targetHints":{"allow":["GET"]}}],"collection":[{"href":"https:\/\/www.europesays.com\/pt\/wp-json\/wp\/v2\/posts"}],"about":[{"href":"https:\/\/www.europesays.com\/pt\/wp-json\/wp\/v2\/types\/post"}],"author":[{"embeddable":true,"href":"https:\/\/www.europesays.com\/pt\/wp-json\/wp\/v2\/users\/2"}],"replies":[{"embeddable":true,"href":"https:\/\/www.europesays.com\/pt\/wp-json\/wp\/v2\/comments?post=181039"}],"version-history":[{"count":0,"href":"https:\/\/www.europesays.com\/pt\/wp-json\/wp\/v2\/posts\/181039\/revisions"}],"wp:featuredmedia":[{"embeddable":true,"href":"https:\/\/www.europesays.com\/pt\/wp-json\/wp\/v2\/media\/181040"}],"wp:attachment":[{"href":"https:\/\/www.europesays.com\/pt\/wp-json\/wp\/v2\/media?parent=181039"}],"wp:term":[{"taxonomy":"category","embeddable":true,"href":"https:\/\/www.europesays.com\/pt\/wp-json\/wp\/v2\/categories?post=181039"},{"taxonomy":"post_tag","embeddable":true,"href":"https:\/\/www.europesays.com\/pt\/wp-json\/wp\/v2\/tags?post=181039"}],"curies":[{"name":"wp","href":"https:\/\/api.w.org\/{rel}","templated":true}]}}