{"id":181047,"date":"2025-12-09T07:01:20","date_gmt":"2025-12-09T07:01:20","guid":{"rendered":"https:\/\/www.europesays.com\/pt\/181047\/"},"modified":"2025-12-09T07:01:20","modified_gmt":"2025-12-09T07:01:20","slug":"que-perigo-ia-do-google-ja-consegue-copiar-sua-letra","status":"publish","type":"post","link":"https:\/\/www.europesays.com\/pt\/181047\/","title":{"rendered":"Que perigo! IA do Google j\u00e1 consegue copiar sua letra!"},"content":{"rendered":"<p>\t\t\t\t<img data-perfmatters-preload=\"\" width=\"910\" height=\"568\" src=\"https:\/\/www.europesays.com\/pt\/wp-content\/uploads\/2025\/12\/que-perigo-ia-do-google-ja-consegue-fazer-licao-de-casa-com-a-sua-letra-cover-912x569.jpg\" class=\"attachment-910x568 size-910x568\" alt=\"Que perigo! IA do Google j\u00e1 consegue fazer li\u00e7\u00e3o de casa com\u00a0a\u00a0sua\u00a0letra\"   decoding=\"async\" fetchpriority=\"high\"\/>Cr\u00e9ditos: Google\t\t<\/p>\n<p>A tecnologia n\u00e3o para de avan\u00e7ar e, aos pais, professores e respons\u00e1veis, ficados ligados: <strong>que perigo! IA do Google j\u00e1 consegue fazer li\u00e7\u00e3o de casa com\u00a0a\u00a0sua\u00a0letra<\/strong>!<\/p>\n<p>Um experimento com a mais recente ferramenta de intelig\u00eancia artificial (<strong>IA<\/strong>) do Google, o <strong>Nano Banana Pro<\/strong>, parte da fam\u00edlia<strong> Gemini 3<\/strong>, viralizou nas redes sociais e reacendeu discuss\u00f5es sobre tecnologia e educa\u00e7\u00e3o. <\/p>\n<p>A demonstra\u00e7\u00e3o, compartilhada pelo usu\u00e1rio <strong><a href=\"https:\/\/x.com\/immasiddx\/status\/1991918223454003346\" target=\"_blank\" rel=\"noreferrer noopener nofollow\">@immasiddx <\/a><\/strong>na <strong>plataforma X (antigo Twitter)<\/strong>, mostrou o sistema resolvendo um problema matem\u00e1tico manuscrito e fornecendo a resposta usando a caligrafia id\u00eantica \u00e0 da pergunta original.<\/p>\n<blockquote class=\"wp-block-quote is-layout-flow wp-block-quote-is-layout-flow\">\n<p>A funcionalidade foi apresentada em um post de 21 de novembro, que rapidamente acumulou centenas de milhares de visualiza\u00e7\u00f5es. <\/p>\n<\/blockquote>\n<p><strong>O autor descreveu o processo:<\/strong> ao fornecer uma fotografia de uma <strong>anota\u00e7\u00e3o manual,<\/strong> a IA n\u00e3o apenas interpretou e solucionou a quest\u00e3o com precis\u00e3o, como tamb\u00e9m replicou o estilo de escrita pessoal na solu\u00e7\u00e3o. <\/p>\n<p>Em seu coment\u00e1rio, o usu\u00e1rio afirmou que a ferramenta superou suas expectativas e <strong>previu que estudantes ficariam satisfeitos com o recurso<\/strong>.<\/p>\n<blockquote class=\"twitter-tweet\" data-width=\"500\" data-dnt=\"true\">\n<p lang=\"en\" dir=\"ltr\">Google\u2019s Nano Banana Pro is by far the best image generation AI out there.<\/p>\n<p>I gave it a picture of a question and it solved it correctly in my actual handwriting.<\/p>\n<p>Students are going to love this. \ud83d\ude02 <a href=\"https:\/\/t.co\/GXd6PbZYxn\" rel=\"nofollow\">pic.twitter.com\/GXd6PbZYxn<\/a><\/p>\n<p>\u2014 sid (@immasiddx) <a href=\"https:\/\/twitter.com\/immasiddx\/status\/1991918223454003346?ref_src=twsrc%5Etfw\" rel=\"nofollow noopener\" target=\"_blank\">November 21, 2025<\/a><\/p><\/blockquote>\n<p>Impacto da IA que replica escrita manual na percep\u00e7\u00e3o p\u00fablica<\/p>\n<p>A <strong>rea\u00e7\u00e3o <\/strong>dos demais usu\u00e1rios da rede social foi <strong>imediata <\/strong>e<strong> dividida<\/strong>. Muitos expressaram admira\u00e7\u00e3o pelo avan\u00e7o t\u00e9cnico, classificando a gera\u00e7\u00e3o de texto manuscrito coerente como um marco significativo no desenvolvimento da IA do Google.<\/p>\n<blockquote class=\"wp-block-quote is-layout-flow wp-block-quote-is-layout-flow\">\n<p>Outros internautas, contudo, manifestaram apreens\u00e3o diante das poss\u00edveis consequ\u00eancias em ambientes escolares e acad\u00eamicos.<\/p>\n<\/blockquote>\n<p>Entre os coment\u00e1rios, surgiram preocupa\u00e7\u00f5es sobre a <strong>banaliza\u00e7\u00e3o do esfor\u00e7o pessoal no aprendizado<\/strong>, com a observa\u00e7\u00e3o de que a caligrafia, antes considerada uma prova de trabalho individual, pode se tornar um simples filtro de estilo. <\/p>\n<p>A autenticidade e a avalia\u00e7\u00e3o do conhecimento passam a ser desafios concretos para institui\u00e7\u00f5es de ensino, que precisar\u00e3o se adaptar a uma realidade na qua<strong>l tarefas manuscritas podem ser produzidas por IA<\/strong>.<\/p>\n<p>Capacidades t\u00e9cnicas do modelo Nano Banana Pro do Google<\/p>\n<p>O <strong>Nano Banana Pro<\/strong> foi desenvolvido para processar e compreender informa\u00e7\u00f5es <strong>complexas <\/strong>e <strong>multimodais<\/strong>. <\/p>\n<p>Sua arquitetura permite a <strong>an\u00e1lise de textos escritos \u00e0 m\u00e3o<\/strong>, integrando esse dado a um mecanismo de racioc\u00ednio avan\u00e7ado e a um banco de conhecimento contextual. O resultado \u00e9 uma resposta que mant\u00e9m a coer\u00eancia visual e conceitual com o <strong>input fornecido pelo usu\u00e1rio<\/strong>.<\/p>\n<p>A tecnologia est\u00e1 acess\u00edvel por meio de plataformas como o <strong>AI Studio<\/strong> e o <strong>Vertex AI<\/strong>, nas quais prometem entregar visualiza\u00e7\u00f5es e interpreta\u00e7\u00f5es de dados com alto n\u00edvel de precis\u00e3o e contexto. <\/p>\n<p>O <strong>caso do problema matem\u00e1tico resolvido com IA<\/strong> ilustra uma aplica\u00e7\u00e3o pr\u00e1tica dessa capacidade de s\u00edntese entre an\u00e1lise de imagem, processamento de linguagem e gera\u00e7\u00e3o de conte\u00fado personalizado.<\/p>\n<p><img loading=\"lazy\" decoding=\"async\" width=\"680\" height=\"383\" data-id=\"535320\" alt=\"Que perigo! IA do Google j\u00e1 consegue fazer li\u00e7\u00e3o de casa com\u00a0a\u00a0sua\u00a0letra\" class=\"wp-image-535320 perfmatters-lazy\" src=\"https:\/\/www.europesays.com\/pt\/wp-content\/uploads\/2025\/12\/que-perigo-ia-do-google-ja-consegue-fazer-licao-de-casa-com-a-sua-letra-2.jpg\"  data-\/>@immasiddx (Antigo Twitter)<\/p>\n<p><strong>Leia mais<\/strong><\/p>\n<p>A demonstra\u00e7\u00e3o pr\u00e1tica colocou em evid\u00eancia um<strong> dilema que educadores e formuladores de pol\u00edticas<\/strong> j\u00e1 come\u00e7am a enfrentar. <\/p>\n<p><strong>Coment\u00e1rios na rede social refletiram esse tensionamento<\/strong>, considerando se ferramentas desse tipo incentivariam a aprendizagem ou, em vez disso, a substituiriam por completo. <\/p>\n<blockquote class=\"wp-block-quote is-layout-flow wp-block-quote-is-layout-flow\">\n<p>A pergunta sobre como regular o uso \u00e9tico e pedagogicamente em salas de aula e trabalhos acad\u00eamicos permanece em aberto.<\/p>\n<\/blockquote>\n<p>Enquanto alguns veem a<strong> automa\u00e7\u00e3o da imperfei\u00e7\u00e3o humana <\/strong>como um passo natural, outros alertam para os riscos de um sistema educacional que pode ficar ainda mais defasado frente a inova\u00e7\u00f5es tecnol\u00f3gicas t\u00e3o r\u00e1pidas. <\/p>\n<p><strong>A discuss\u00e3o segue sem uma resposta definitiva<\/strong>, mas o epis\u00f3dio deixa claro que a conviv\u00eancia entre <strong>ensino tradicional <\/strong>e<strong> IA generativa <\/strong>exigir\u00e1 novas formas de pensar a avalia\u00e7\u00e3o e a autoria no ambiente educacional.<\/p>\n<p><strong>E a\u00ed? Qual \u00e9 a sua opini\u00e3o sobre este assunto? <\/strong>Compartilhe as suas expectativas e continue acompanhando o <a href=\"https:\/\/www.mundoconectado.com.br\/\" rel=\"nofollow noopener\" target=\"_blank\">Mundo Conectado<\/a>!<\/p>\n<p><strong>Fonte:<\/strong> <a href=\"https:\/\/www.hindustantimes.com\/trending\/googles-nano-banana-pro-solves-maths-problem-in-user-s-handwriting-students-are-gonna-love-this-101763871120933.html\" target=\"_blank\" rel=\"noreferrer noopener nofollow\">Hindustan Times<\/a><\/p>\n<p>\t\t<img loading=\"lazy\" width=\"210\" height=\"270\" class=\"attachment-210x270 size-210x270 perfmatters-lazy\" alt=\"Participe do grupo de ofertas do Mundo Conectado\" decoding=\"async\" src=\"https:\/\/www.europesays.com\/pt\/wp-content\/uploads\/2025\/11\/MC-Ofertas-02-210x270.png\"  data-\/>\t<\/p>\n<p>\t\t\tParticipe do grupo de ofertas do Mundo Conectado\t\t<\/p>\n<p class=\"single-text-informative-content-description mb-24 p-desk\">\n\t\t\tConfira as principais ofertas de Smartphones, TVs e outros eletr\u00f4nicos que encontramos pela internet. Ao participar do nosso grupo, voc\u00ea recebe promo\u00e7\u00f5es diariamente e tem acesso antecipado a cupons de desconto.\t\t<\/p>\n<p>\t\t<a class=\"btn-veja-mais btn-veja-mais-red\" href=\"https:\/\/linkmc.click\/ofertas\" title=\"Conte\u00fado informativo\" target=\"_blank\" style=\"background: green;\" rel=\"nofollow noopener\"><br \/>\n\t\t\tEntre no grupo e aproveite as promo\u00e7\u00f5es\t\t<\/a><\/p>\n<p><script async src=\"https:\/\/platform.twitter.com\/widgets.js\" charset=\"utf-8\"><\/script><\/p>\n","protected":false},"excerpt":{"rendered":"Cr\u00e9ditos: Google A tecnologia n\u00e3o para de avan\u00e7ar e, aos pais, professores e respons\u00e1veis, ficados ligados: que perigo!&hellip;\n","protected":false},"author":2,"featured_media":181048,"comment_status":"","ping_status":"","sticky":false,"template":"","format":"standard","meta":{"footnotes":""},"categories":[84],"tags":[109,107,108,35152,37062,37063,37064,37065,37066,37067,32,33,105,103,104,106,110],"class_list":{"0":"post-181047","1":"post","2":"type-post","3":"status-publish","4":"format-standard","5":"has-post-thumbnail","7":"category-ciencia-e-tecnologia","8":"tag-ciencia","9":"tag-ciencia-e-tecnologia","10":"tag-cienciaetecnologia","11":"tag-gemini-3","12":"tag-google-gemini","13":"tag-google-gemini-3","14":"tag-google-nano-banana-pro","15":"tag-ia-copia-sua-letra","16":"tag-licao-de-casa","17":"tag-nano-banana-pro","18":"tag-portugal","19":"tag-pt","20":"tag-science","21":"tag-science-and-technology","22":"tag-scienceandtechnology","23":"tag-technology","24":"tag-tecnologia"},"share_on_mastodon":{"url":"https:\/\/pubeurope.com\/@pt\/115688327511600094","error":""},"_links":{"self":[{"href":"https:\/\/www.europesays.com\/pt\/wp-json\/wp\/v2\/posts\/181047","targetHints":{"allow":["GET"]}}],"collection":[{"href":"https:\/\/www.europesays.com\/pt\/wp-json\/wp\/v2\/posts"}],"about":[{"href":"https:\/\/www.europesays.com\/pt\/wp-json\/wp\/v2\/types\/post"}],"author":[{"embeddable":true,"href":"https:\/\/www.europesays.com\/pt\/wp-json\/wp\/v2\/users\/2"}],"replies":[{"embeddable":true,"href":"https:\/\/www.europesays.com\/pt\/wp-json\/wp\/v2\/comments?post=181047"}],"version-history":[{"count":0,"href":"https:\/\/www.europesays.com\/pt\/wp-json\/wp\/v2\/posts\/181047\/revisions"}],"wp:featuredmedia":[{"embeddable":true,"href":"https:\/\/www.europesays.com\/pt\/wp-json\/wp\/v2\/media\/181048"}],"wp:attachment":[{"href":"https:\/\/www.europesays.com\/pt\/wp-json\/wp\/v2\/media?parent=181047"}],"wp:term":[{"taxonomy":"category","embeddable":true,"href":"https:\/\/www.europesays.com\/pt\/wp-json\/wp\/v2\/categories?post=181047"},{"taxonomy":"post_tag","embeddable":true,"href":"https:\/\/www.europesays.com\/pt\/wp-json\/wp\/v2\/tags?post=181047"}],"curies":[{"name":"wp","href":"https:\/\/api.w.org\/{rel}","templated":true}]}}