{"id":181049,"date":"2025-12-09T07:03:16","date_gmt":"2025-12-09T07:03:16","guid":{"rendered":"https:\/\/www.europesays.com\/pt\/181049\/"},"modified":"2025-12-09T07:03:16","modified_gmt":"2025-12-09T07:03:16","slug":"inviolavel-guterres-condena-entrada-de-israel-em-complexo-da-unrwa","status":"publish","type":"post","link":"https:\/\/www.europesays.com\/pt\/181049\/","title":{"rendered":"&#8220;Inviol\u00e1vel&#8221;. Guterres condena entrada de Israel em complexo da UNRWA"},"content":{"rendered":"<p>Num comunicado \u00e0 imprensa, Guterres exortou Israel a tomar imediatamente todas as medidas necess\u00e1rias para restaurar, preservar e manter a inviolabilidade das instala\u00e7\u00f5es da UNRWA.<\/p>\n<p>&#8220;Condeno veementemente a entrada n\u00e3o autorizada de hoje, por parte das autoridades israelitas, no complexo das Na\u00e7\u00f5es Unidas em Sheikh Jarrah, pertencente \u00e0 UNRWA, localizado em Jerusal\u00e9m Oriental ocupada&#8221;, indicou Guterres, num comunicado divulgado pelo seu gabinete.<\/p>\n<p>De acordo com o antigo primeiro-ministro portugu\u00eas,\u00a0o\u00a0complexo em causa permanece propriedade das Na\u00e7\u00f5es Unidas e \u00e9 &#8220;inviol\u00e1vel e imune a qualquer outra forma de interfer\u00eancia&#8221;.<\/p>\n<p>Conforme recentemente confirmado pelo Tribunal Internacional de Justi\u00e7a, &#8220;qualquer a\u00e7\u00e3o executiva, administrativa, judicial ou legislativa contra bens e ativos das Na\u00e7\u00f5es Unidas \u00e9 proibida pela Conven\u00e7\u00e3o sobre os Privil\u00e9gios e Imunidades das Na\u00e7\u00f5es Unidas&#8221;, sublinhou o secret\u00e1rio-geral.<\/p>\n<p>&#8220;Exorto Israel a tomar imediatamente todas as medidas necess\u00e1rias para restaurar, preservar e manter a inviolabilidade das instala\u00e7\u00f5es da UNRWA e a abster-se de tomar qualquer outra a\u00e7\u00e3o em rela\u00e7\u00e3o \u00e0s instala\u00e7\u00f5es da UNRWA&#8221;, concluiu Guterres, recordando Telavive das suas obriga\u00e7\u00f5es ao abrigo da Carta da ONU e das suas outras obriga\u00e7\u00f5es ao abrigo do direito internacional, incluindo as relativas aos privil\u00e9gios e imunidades das Na\u00e7\u00f5es Unidas.<\/p>\n<p>Numa confer\u00eancia de imprensa em Nova Iorque, o porta-voz de Guterres,\u00a0St\u00e9phane Dujarric, foi questionado sobre o que\u00a0podem as Na\u00e7\u00f5es Unidas fazer em rela\u00e7\u00e3o a este caso, tendo clarificado que as op\u00e7\u00f5es s\u00e3o jur\u00eddicas e administrativas.<\/p>\n<p>&#8220;As nossas op\u00e7\u00f5es s\u00e3o jur\u00eddicas e administrativas. Isto j\u00e1 foi discutido verbalmente pelos nossos escrit\u00f3rios em Jerusal\u00e9m com o Governo israelita. O nosso Gabinete de Assuntos Jur\u00eddicos entrar\u00e1 em contacto em breve com a miss\u00e3o israelita [na ONU] para tentar esclarecer a situa\u00e7\u00e3o e reverter o sucedido&#8221;, explicou Dujarric.<\/p>\n<p>O porta-voz sublinhou que \u00e9 &#8220;obriga\u00e7\u00e3o de cada Estado-membro respeitar as prote\u00e7\u00f5es concedidas \u00e0s Na\u00e7\u00f5es Unidas por um tratado que todos assinaram&#8221;.<\/p>\n<p>O comiss\u00e1rio-geral da UNRWA\u00a0denunciou que a pol\u00edcia israelita invadiu hoje a sede da ag\u00eancia em Jerusal\u00e9m Oriental e substituiu a bandeira das Na\u00e7\u00f5es Unidas por uma bandeira israelita.<\/p>\n<p>&#8220;Esta a\u00e7\u00e3o representa uma viola\u00e7\u00e3o flagrante da obriga\u00e7\u00e3o de Israel, enquanto Estado-membro das Na\u00e7\u00f5es Unidas, de proteger e respeitar a inviolabilidade das instala\u00e7\u00f5es da ONU&#8221;, disse Philippe Lazzarini na sua conta na rede social X.<\/p>\n<p>Segundo a sua publica\u00e7\u00e3o, as for\u00e7as israelitas entraram no complexo da UNRWA com motas e outros ve\u00edculos, cortaram todas as comunica\u00e7\u00f5es e apreenderam m\u00f3veis, equipamento inform\u00e1tico e outros bens.<\/p>\n<p>No in\u00edcio deste ano, o Parlamento israelita (Knesset) proibiu as opera\u00e7\u00f5es da UNRWA em Israel, justificando com uma alegada liga\u00e7\u00e3o entre os respons\u00e1veis da UNRWA e o grupo isl\u00e2mico Hamas.<\/p>\n<p>O Tribunal Internacional de Justi\u00e7a decidiu que Israel n\u00e3o provou as suas alega\u00e7\u00f5es de que parte significativa dos funcion\u00e1rios da UNRWA eram membros do Hamas, nem demonstrou a alegada falta de neutralidade da ag\u00eancia humanit\u00e1ria.<\/p>\n<p>Segundo Lazzarini, as acusa\u00e7\u00f5es de Israel contra a UNRWA s\u00e3o uma &#8220;campanha de desinforma\u00e7\u00e3o em grande escala&#8221;, que acabou por for\u00e7\u00e1-la a desocupar as instala\u00e7\u00f5es em Jerusal\u00e9m Oriental. O respons\u00e1vel tem denunciado tamb\u00e9m o ass\u00e9dio contra os funcion\u00e1rios da ag\u00eancia.<\/p>\n<p>Afirmou que o complexo da ONU em Jerusal\u00e9m Oriental mant\u00e9m o estatuto de recinto das Na\u00e7\u00f5es Unidas, pelo que n\u00e3o pode haver a\u00ed interfer\u00eancias, e recorda que Israel \u00e9 signat\u00e1rio da Conven\u00e7\u00e3o sobre Privil\u00e9gios e Imunidades das Na\u00e7\u00f5es Unidas, que declara as instala\u00e7\u00f5es das Na\u00e7\u00f5es Unidas como inviol\u00e1veis.<\/p>\n<p>Leia Tamb\u00e9m: <a href=\"https:\/\/www.noticiasaominuto.com\/mundo\/2901049\/guterres-condena-ataques-de-paramilitares-contra-hospital-e-creche-no-sudao\" target=\"_blank\" rel=\"noopener noreferrer nofollow\">Guterres condena ataques de paramilitares contra hospital e creche no Sud\u00e3o<\/a><\/p>\n","protected":false},"excerpt":{"rendered":"Num comunicado \u00e0 imprensa, Guterres exortou Israel a tomar imediatamente todas as medidas necess\u00e1rias para restaurar, preservar e&hellip;\n","protected":false},"author":2,"featured_media":181050,"comment_status":"","ping_status":"","sticky":false,"template":"","format":"standard","meta":{"footnotes":""},"categories":[50],"tags":[27,28,15,16,14,25,26,21,22,62,12,13,19,20,23,24,17,18,29,30,31,63,64,65],"class_list":{"0":"post-181049","1":"post","2":"type-post","3":"status-publish","4":"format-standard","5":"has-post-thumbnail","7":"category-mundo","8":"tag-breaking-news","9":"tag-breakingnews","10":"tag-featured-news","11":"tag-featurednews","12":"tag-headlines","13":"tag-latest-news","14":"tag-latestnews","15":"tag-main-news","16":"tag-mainnews","17":"tag-mundo","18":"tag-news","19":"tag-noticias","20":"tag-noticias-principais","21":"tag-noticiasprincipais","22":"tag-principais-noticias","23":"tag-principaisnoticias","24":"tag-top-stories","25":"tag-topstories","26":"tag-ultimas","27":"tag-ultimas-noticias","28":"tag-ultimasnoticias","29":"tag-world","30":"tag-world-news","31":"tag-worldnews"},"share_on_mastodon":{"url":"https:\/\/pubeurope.com\/@pt\/115688335166298585","error":""},"_links":{"self":[{"href":"https:\/\/www.europesays.com\/pt\/wp-json\/wp\/v2\/posts\/181049","targetHints":{"allow":["GET"]}}],"collection":[{"href":"https:\/\/www.europesays.com\/pt\/wp-json\/wp\/v2\/posts"}],"about":[{"href":"https:\/\/www.europesays.com\/pt\/wp-json\/wp\/v2\/types\/post"}],"author":[{"embeddable":true,"href":"https:\/\/www.europesays.com\/pt\/wp-json\/wp\/v2\/users\/2"}],"replies":[{"embeddable":true,"href":"https:\/\/www.europesays.com\/pt\/wp-json\/wp\/v2\/comments?post=181049"}],"version-history":[{"count":0,"href":"https:\/\/www.europesays.com\/pt\/wp-json\/wp\/v2\/posts\/181049\/revisions"}],"wp:featuredmedia":[{"embeddable":true,"href":"https:\/\/www.europesays.com\/pt\/wp-json\/wp\/v2\/media\/181050"}],"wp:attachment":[{"href":"https:\/\/www.europesays.com\/pt\/wp-json\/wp\/v2\/media?parent=181049"}],"wp:term":[{"taxonomy":"category","embeddable":true,"href":"https:\/\/www.europesays.com\/pt\/wp-json\/wp\/v2\/categories?post=181049"},{"taxonomy":"post_tag","embeddable":true,"href":"https:\/\/www.europesays.com\/pt\/wp-json\/wp\/v2\/tags?post=181049"}],"curies":[{"name":"wp","href":"https:\/\/api.w.org\/{rel}","templated":true}]}}