{"id":181055,"date":"2025-12-09T07:15:18","date_gmt":"2025-12-09T07:15:18","guid":{"rendered":"https:\/\/www.europesays.com\/pt\/181055\/"},"modified":"2025-12-09T07:15:18","modified_gmt":"2025-12-09T07:15:18","slug":"voltou-o-jolla-smartphone-que-quer-acabar-com-a-recolha-de-dados","status":"publish","type":"post","link":"https:\/\/www.europesays.com\/pt\/181055\/","title":{"rendered":"Voltou o Jolla! smartphone que quer acabar com a recolha de dados"},"content":{"rendered":"<p>A bem conhecida empresa finlandesa Jolla marcou o regresso da tecnologia m\u00f3vel europeia ao mercado. Para isso teve o lan\u00e7amento do novo Jolla Phone, um dispositivo que combina hardware robusto com um foco intransigente na privacidade. \u00c9 hora de dizer adeus \u00e0 recolha de dados da Google, da Apple e de outras fabricantes de smartphones.<\/p>\n<p><a target=\"_blank\" href=\"https:\/\/pplware.sapo.pt\/wp-content\/uploads\/2025\/12\/joola_1.jpg\" onclick=\"refreshIframe()\" class=\"foobox\" rel=\"nofollow noopener\"><img fetchpriority=\"high\" decoding=\"async\" src=\"https:\/\/www.europesays.com\/pt\/wp-content\/uploads\/2025\/12\/joola_1-1024x576.jpg\" alt=\"Jolla smartphone privacidade dados Europa\" width=\"720\" height=\"405\" class=\"aligncenter size-large wp-image-1092365\"  \/><\/a>\n<\/p>\n<p>Voltou o Jolla, o smartphone da privacidade<\/p>\n<p>Esta nova proposta <a target=\"_blank\" href=\"https:\/\/commerce.jolla.com\/products\/jolla-phone-preorder\" rel=\"nofollow noopener\">convenceu<\/a> de imediato os consumidores, com o objetivo m\u00ednimo de pr\u00e9-encomendas a ser atingido em menos de 48 horas. A montagem final e a inspe\u00e7\u00e3o de qualidade s\u00e3o realizadas em Salo, na Finl\u00e2ndia, recuperando a heran\u00e7a hist\u00f3rica da cidade que serviu de base \u00e0 Nokia.<\/p>\n<p>Ao n\u00edvel do hardware, o Jolla Phone foi desenhado para durar e proteger. O destaque vai para a inclus\u00e3o de um interruptor f\u00edsico de privacidade, que permite ao utilizador desativar o microfone, a c\u00e2mara e outros sensores, garantindo que o dispositivo n\u00e3o est\u00e1 a ouvir ou a ver sem autoriza\u00e7\u00e3o. Al\u00e9m disso, aposta na sustentabilidade com uma bateria substitu\u00edvel pelo utilizador e uma tampa traseira troc\u00e1vel.<\/p>\n<tr\/>\n<tr>\n<td><strong>Caracter\u00edstica<\/strong><\/td>\n<td><strong>Especifica\u00e7\u00f5es T\u00e9cnicas<\/strong><\/td>\n<\/tr>\n<tr>\n<td><b>Ecr\u00e3<\/b><\/td>\n<td>6.36&#8243; Full HD+ AMOLED, Gorilla Glass<\/td>\n<\/tr>\n<tr>\n<td><b>Processador<\/b><\/td>\n<td>Plataforma MediaTek 5G<\/td>\n<\/tr>\n<tr>\n<td><b>Mem\u00f3ria RAM<\/b><\/td>\n<td>12 GB<\/td>\n<\/tr>\n<tr>\n<td><b>Armazenamento<\/b><\/td>\n<td>256 GB (expans\u00edvel at\u00e9 2 TB)<\/td>\n<\/tr>\n<tr>\n<td><b>C\u00e2maras<\/b><\/td>\n<td>Principal 50 MP + Ultra-wide 13 MP (Frontal grande angular)<\/td>\n<\/tr>\n<tr>\n<td><b>Bateria<\/b><\/td>\n<td>5.500 mAh (substitu\u00edvel pelo utilizador)<\/td>\n<\/tr>\n<tr>\n<td><b>Privacidade<\/b><\/td>\n<td>Interruptor f\u00edsico para desativar sensores (mic\/c\u00e2mara)<\/td>\n<\/tr>\n<tr>\n<td><b>Conectividade<\/b><\/td>\n<td>Dual SIM<\/td>\n<\/tr>\n<p>Para acabar com a recolha de dados<\/p>\n<p>O Jolla Phone \u00e9 o \u00fanico smartphone independente da Europa, gra\u00e7as ao sistema operativo Sailfish OS baseado em Linux. Restam apenas quatro sistemas operativos m\u00f3veis de n\u00edvel comercial no mundo: o iOS da Apple e o Android, da Google, dos Estados Unidos, o HarmonyOS da Huawei, da China, e o Sailfish OS europeu da Jolla. Gra\u00e7as ao Sailfish OS, o Jolla Phone<\/p>\n<p>Assim, o conceito deste smartphone distingue-se pela sua independ\u00eancia face aos gigantes tecnol\u00f3gicos norte-americanos e chineses. Equipado com o Sailfish OS 5, um sistema operativo baseado em Linux, o equipamento oferece uma alternativa segura que n\u00e3o envia dados em segundo plano nem realiza an\u00e1lises ocultas.<\/p>\n<p><a target=\"_blank\" href=\"https:\/\/pplware.sapo.pt\/wp-content\/uploads\/2025\/12\/joola_2.jpg\" onclick=\"refreshIframe()\" class=\"foobox\" rel=\"nofollow noopener\"><img loading=\"lazy\" decoding=\"async\" src=\"https:\/\/www.europesays.com\/pt\/wp-content\/uploads\/2025\/12\/joola_2-1024x875.jpg\" alt=\"Jolla smartphone privacidade dados Europa\" width=\"720\" height=\"615\" class=\"aligncenter size-large wp-image-1092366\"  \/><\/a><\/p>\n<p>Um passo para a independ\u00eancia da Europa<\/p>\n<p>A empresa defende que este lan\u00e7amento \u00e9 fundamental para a autonomia tecnol\u00f3gica da Europa, convidando outros parceiros do continente a juntarem-se \u00e0 cria\u00e7\u00e3o de um novo ecossistema. Para garantir a utilidade no dia a dia, o sistema mant\u00e9m a compatibilidade com aplica\u00e7\u00f5es Android, como servi\u00e7os banc\u00e1rios, atrav\u00e9s da tecnologia AppSupport.<\/p>\n<p>Ap\u00f3s esgotar o primeiro lote, a Jolla abriu uma segunda fase de encomendas com um pre\u00e7o de 549 euros. As entregas est\u00e3o agendadas para o primeiro semestre de 2026, abrangendo os pa\u00edses da Uni\u00e3o Europeia, Reino Unido, Noruega e Su\u00ed\u00e7a.<\/p>\n","protected":false},"excerpt":{"rendered":"A bem conhecida empresa finlandesa Jolla marcou o regresso da tecnologia m\u00f3vel europeia ao mercado. Para isso teve&hellip;\n","protected":false},"author":2,"featured_media":181056,"comment_status":"","ping_status":"","sticky":false,"template":"","format":"standard","meta":{"footnotes":""},"categories":[84],"tags":[109,107,108,1176,445,37068,32,552,33,105,103,104,1007,106,110],"class_list":{"0":"post-181055","1":"post","2":"type-post","3":"status-publish","4":"format-standard","5":"has-post-thumbnail","7":"category-ciencia-e-tecnologia","8":"tag-ciencia","9":"tag-ciencia-e-tecnologia","10":"tag-cienciaetecnologia","11":"tag-dados","12":"tag-europa","13":"tag-jolla","14":"tag-portugal","15":"tag-privacidade","16":"tag-pt","17":"tag-science","18":"tag-science-and-technology","19":"tag-scienceandtechnology","20":"tag-smartphone","21":"tag-technology","22":"tag-tecnologia"},"share_on_mastodon":{"url":"https:\/\/pubeurope.com\/@pt\/115688382559608578","error":""},"_links":{"self":[{"href":"https:\/\/www.europesays.com\/pt\/wp-json\/wp\/v2\/posts\/181055","targetHints":{"allow":["GET"]}}],"collection":[{"href":"https:\/\/www.europesays.com\/pt\/wp-json\/wp\/v2\/posts"}],"about":[{"href":"https:\/\/www.europesays.com\/pt\/wp-json\/wp\/v2\/types\/post"}],"author":[{"embeddable":true,"href":"https:\/\/www.europesays.com\/pt\/wp-json\/wp\/v2\/users\/2"}],"replies":[{"embeddable":true,"href":"https:\/\/www.europesays.com\/pt\/wp-json\/wp\/v2\/comments?post=181055"}],"version-history":[{"count":0,"href":"https:\/\/www.europesays.com\/pt\/wp-json\/wp\/v2\/posts\/181055\/revisions"}],"wp:featuredmedia":[{"embeddable":true,"href":"https:\/\/www.europesays.com\/pt\/wp-json\/wp\/v2\/media\/181056"}],"wp:attachment":[{"href":"https:\/\/www.europesays.com\/pt\/wp-json\/wp\/v2\/media?parent=181055"}],"wp:term":[{"taxonomy":"category","embeddable":true,"href":"https:\/\/www.europesays.com\/pt\/wp-json\/wp\/v2\/categories?post=181055"},{"taxonomy":"post_tag","embeddable":true,"href":"https:\/\/www.europesays.com\/pt\/wp-json\/wp\/v2\/tags?post=181055"}],"curies":[{"name":"wp","href":"https:\/\/api.w.org\/{rel}","templated":true}]}}