{"id":181068,"date":"2025-12-09T07:40:11","date_gmt":"2025-12-09T07:40:11","guid":{"rendered":"https:\/\/www.europesays.com\/pt\/181068\/"},"modified":"2025-12-09T07:40:11","modified_gmt":"2025-12-09T07:40:11","slug":"video-bruno-fernandes-bisa-e-man-united-sobe-a-sexto-na-liga-inglesa","status":"publish","type":"post","link":"https:\/\/www.europesays.com\/pt\/181068\/","title":{"rendered":"V\u00cdDEO: Bruno Fernandes \u00abbisa\u00bb e Man. United sobe a sexto na Liga Inglesa"},"content":{"rendered":"<p>Bruno Fernandes abriu o livro no Molineux e foi essencial para a goleada do <a href=\"https:\/\/maisfutebol.iol.pt\/jogo\/aominuto\/wolverhampton-wanderers\/manchester-united\/13825433\" target=\"_blank\" rel=\"nofollow noopener\">Manchester United sobre o Wolverhampton por 4-1<\/a>.<\/p>\n<p>O internacional portugu\u00eas foi um dos tr\u00eas titulares em campo, juntamente com Dalot no Man. United e Toti Gomes, capit\u00e3o de equipa dos \u00abwolves\u00bb.<\/p>\n<p>Num jogo quase sempre dominado pelos\u00a0red devils, estes colocaram-se em vantagem a meio do primeiro tempo, precisamente por Bruno Fernandes. A passe de Matheus Cunha, o m\u00e9dio concluiu com sucesso um lance bastante atabalhoado dentro da \u00e1rea do Wolverhampton.\u00a0<\/p>\n<p>Este momento serviu para o Manchester United sofrer com os fantasmas do passado, j\u00e1 que o advers\u00e1rio aproveitou o pouco apoio dos adeptos para se galvanizar e chegar ao empate, praticamente em cima do intervalo.<\/p>\n<p>Ainda assim, a palestra de Ruben Amorim ao intervalo serviu para mudar a mentalidade dos seus jogadores e os visitantes passaram de novo para a frente do marcador aos 51 minutos, com Dalot a assistir Mbeumo para o 2-1. Pouco depois, Bruno Fernandes apareceu em cena pouco depois e ofereceu de bandeja o terceiro a Mason Mount.<\/p>\n<p>Nota para o passe absolutamente sensacional do camisola oito dos\u00a0red devils, que descobriu a desmarca\u00e7\u00e3o do colega de equipa, no cora\u00e7\u00e3o da \u00e1rea de Sam Johnstone.<\/p>\n<p>Nas bancadas, os adeptos faziam sil\u00eancio pelo mau momento que a equipa atravessa, com apenas dois pontos ao fim de 15 jornadas, e o advers\u00e1rio aproveitou para dar contornos de goleada ao resutlado.<\/p>\n<p>Ap\u00f3s rever as imagens no monitor, o \u00e1rbitro apontou para a marca dos onze metros e permitiu a Bruno Fernandes assumir a marca\u00e7\u00e3o do castigo m\u00e1ximo. O portugu\u00eas n\u00e3o tremeu, chegou ao \u00abbis\u00bb e confirmou um triunfo muito importante para o Manchester United na luta pelos lugares europeus.<\/p>\n<p>Os comandados de <a href=\"https:\/\/maisfutebol.iol.pt\/resultadoseclassificacoes\/107\/inglaterra\/premier-league\" target=\"_blank\" rel=\"nofollow noopener\">Ruben Amorim somam agora 25 pontos<\/a>, os mesmos do Chelsea, e d\u00e3o um salto na tabela classificativa, chegando assim ao sexto lugar.\u00a0<\/p>\n","protected":false},"excerpt":{"rendered":"Bruno Fernandes abriu o livro no Molineux e foi essencial para a goleada do Manchester United sobre o&hellip;\n","protected":false},"author":2,"featured_media":181069,"comment_status":"","ping_status":"","sticky":false,"template":"","format":"standard","meta":{"footnotes":""},"categories":[87],"tags":[5532,135,6044,665,5433,436,46,663,32,33,47,4219,5434,5920,1052,134,4157],"class_list":{"0":"post-181068","1":"post","2":"type-post","3":"status-publish","4":"format-standard","5":"has-post-thumbnail","7":"category-desporto","8":"tag-bruno-fernandes","9":"tag-desporto","10":"tag-diogo-dalot","11":"tag-inglaterra","12":"tag-jogos-hoje","13":"tag-made-in","14":"tag-maisfutebol","15":"tag-manchester-united","16":"tag-portugal","17":"tag-pt","18":"tag-pura-paixao","19":"tag-resultado-final","20":"tag-resultados-hoje","21":"tag-resultados-maisfutebol","22":"tag-ruben-amorim","23":"tag-sports","24":"tag-wolverhampton"},"share_on_mastodon":{"url":"https:\/\/pubeurope.com\/@pt\/115688480811011468","error":""},"_links":{"self":[{"href":"https:\/\/www.europesays.com\/pt\/wp-json\/wp\/v2\/posts\/181068","targetHints":{"allow":["GET"]}}],"collection":[{"href":"https:\/\/www.europesays.com\/pt\/wp-json\/wp\/v2\/posts"}],"about":[{"href":"https:\/\/www.europesays.com\/pt\/wp-json\/wp\/v2\/types\/post"}],"author":[{"embeddable":true,"href":"https:\/\/www.europesays.com\/pt\/wp-json\/wp\/v2\/users\/2"}],"replies":[{"embeddable":true,"href":"https:\/\/www.europesays.com\/pt\/wp-json\/wp\/v2\/comments?post=181068"}],"version-history":[{"count":0,"href":"https:\/\/www.europesays.com\/pt\/wp-json\/wp\/v2\/posts\/181068\/revisions"}],"wp:featuredmedia":[{"embeddable":true,"href":"https:\/\/www.europesays.com\/pt\/wp-json\/wp\/v2\/media\/181069"}],"wp:attachment":[{"href":"https:\/\/www.europesays.com\/pt\/wp-json\/wp\/v2\/media?parent=181068"}],"wp:term":[{"taxonomy":"category","embeddable":true,"href":"https:\/\/www.europesays.com\/pt\/wp-json\/wp\/v2\/categories?post=181068"},{"taxonomy":"post_tag","embeddable":true,"href":"https:\/\/www.europesays.com\/pt\/wp-json\/wp\/v2\/tags?post=181068"}],"curies":[{"name":"wp","href":"https:\/\/api.w.org\/{rel}","templated":true}]}}